{"id":587829,"date":"2025-12-09T05:19:12","date_gmt":"2025-12-09T05:19:12","guid":{"rendered":"https:\/\/www.europesays.com\/fr\/587829\/"},"modified":"2025-12-09T05:19:12","modified_gmt":"2025-12-09T05:19:12","slug":"il-ny-a-jamais-trop-eu-de-panique-dans-les-rangs-bagnerais","status":"publish","type":"post","link":"https:\/\/www.europesays.com\/fr\/587829\/","title":{"rendered":"\u00ab\u00a0Il n\u2019y a jamais trop eu de panique\u00a0\u00bb dans les rangs bagn\u00e9rais"},"content":{"rendered":"<p>\n                                                                    l&rsquo;essentiel<br \/>\n                                                                Retour sur la victoire des Bagn\u00e9rais qui leur permet de porter leur invincibilit\u00e9 \u00e0 8 journ\u00e9es avec 7 victoires et 1 match nul.\n                            <\/p>\n<p><b>Tom Seit\u00e9 <\/b>(co-entraineur du stade bagn\u00e9rais) : \u00ab\u00a0Il y a eu de grosses vell\u00e9it\u00e9s offensives de 4 Cantons que l\u2019on n\u2019a pas toujours su contrer, des petites b\u00eatises, des manques de pr\u00e9cisions de notre part qui font qu\u2019on a du mal \u00e0 revenir au score \u00e0 la mi-temps, mais on a fait preuve de caract\u00e8re une fois de plus, on a r\u00e9ussi \u00e0 basculer devant \u00e0 la pause, et apr\u00e8s \u00e0 se faciliter la t\u00e2che en seconde mi-temps. Il nous reste encore un match pour terminer l\u2019ann\u00e9e civile, pour l\u2019instant cela tourne plut\u00f4t bien pour nous, il faut qu\u2019on reste focalis\u00e9 et vraiment qu\u2019on travaille dur cette semaine pour valider ce match face \u00e0 Nafarroa qui risque d\u2019\u00eatre tr\u00e8s tr\u00e8s dur. Il n\u2019y a jamais trop eu de panique, et \u00e7a, c\u2019est une force par rapport aux ann\u00e9es pr\u00e9c\u00e9dentes, on sait qu\u2019on a les armes pour revenir au score m\u00eame si en tant que coach, on pr\u00e9f\u00e9rerait qu\u2019ils se facilitent la t\u00e2che, mais voil\u00e0, on travaille bien, et je crois qu\u2019il y a toujours des solutions durant les matchs pour faire basculer la pi\u00e8ce du bon c\u00f4t\u00e9\u00a0\u00bb.<\/p>\n<p><b>Maxime Capberbet <\/b>(troisi\u00e8me ligne du stade bagn\u00e9rais) : \u00ab\u00a0On connaissait la valeur de cette \u00e9quipe qui \u00e9tait courageuse et tr\u00e8s vaillante dans le jeu, dans le combat. Mais comme \u00e0 Cahors, dans la continuit\u00e9, on est sur une premi\u00e8re mi-temps un peu complexe pour nous puis on se facilite le jeu apr\u00e8s en seconde mi-temps en mettant la main sur le ballon et c\u2019est ce qu\u2019il y a de plus important, on arrive \u00e0 concr\u00e9tiser nos actions, on s\u2019accroche jusqu\u2019\u00e0 la fin et on va chercher ce bonus qui n\u2019\u00e9tait peut-\u00eatre pas esp\u00e9r\u00e9 avant le match, mais on le prend quand m\u00eame. Le bloc n\u2019est pas termin\u00e9, il reste Nafarroa \u00e0 domicile o\u00f9 il va falloir bien appuyer pour finir l\u2019ann\u00e9e, on est dans cette continuit\u00e9 o\u00f9 on joue match apr\u00e8s match, on ne se pose pas de questions, et il y a cette volont\u00e9 de ne rien l\u00e2cher dans nos matchs.<\/p>\n<p><b>Thomas Saun\u00e9<\/b> (troisi\u00e8me ligne et capitaine du stade bagn\u00e9rais) : \u00ab\u00a0Un petit peu \u00e0 l\u2019image de notre saison, on est encore incomplet sur nos matchs, on a du mal \u00e0 rendre une prestation aboutie de la premi\u00e8re minute \u00e0 la 80e. Apr\u00e8s honn\u00eatement, le groupe ne doute pas apr\u00e8s leur premier essai, on arrive \u00e0 garder la t\u00eate froide et \u00e0 revenir dans le match, on a altern\u00e9 le chaud et le froid au niveau du projet de jeu mis en place, et \u00e0 la fin, bien content que la pi\u00e8ce tombe une fois de plus de notre c\u00f4t\u00e9. C\u2019est satisfaisant au niveau de la s\u00e9rie d\u2019invincibilit\u00e9, mais on sent qu\u2019on a encore une marge de progression, on conna\u00eet nos objectifs quand \u00e0 la fin de saison et il va falloir en mettre encore plus. On compte se servir des points engrang\u00e9s pour pr\u00e9tendre au mieux au haut de tableau, et pour bien finir l\u2019ann\u00e9e, il reste ce match de Nafarroa dimanche prochain.\u00a0\u00bb<\/p>\n","protected":false},"excerpt":{"rendered":"l&rsquo;essentiel Retour sur la victoire des Bagn\u00e9rais qui leur permet de porter leur invincibilit\u00e9 \u00e0 8 journ\u00e9es avec&hellip;\n","protected":false},"author":2,"featured_media":587830,"comment_status":"","ping_status":"","sticky":false,"template":"","format":"standard","meta":{"footnotes":""},"categories":[1586],"tags":[11,1777,674,1779,1011,27,69877,4973,12,25,68796,517,1778,364],"class_list":{"0":"post-587829","1":"post","2":"type-post","3":"status-publish","4":"format-standard","5":"has-post-thumbnail","7":"category-europe","8":"tag-actualites","9":"tag-eu","10":"tag-europe","11":"tag-european-union","12":"tag-fr","13":"tag-france","14":"tag-fu00e9du00e9rale-1","15":"tag-hautes-pyrenees","16":"tag-news","17":"tag-republique-francaise","18":"tag-rugby-u00e0-xv","19":"tag-sport","20":"tag-ue","21":"tag-union-europeenne"},"share_on_mastodon":{"url":"https:\/\/pubeurope.com\/@fr\/115687927247643978","error":""},"_links":{"self":[{"href":"https:\/\/www.europesays.com\/fr\/wp-json\/wp\/v2\/posts\/587829","targetHints":{"allow":["GET"]}}],"collection":[{"href":"https:\/\/www.europesays.com\/fr\/wp-json\/wp\/v2\/posts"}],"about":[{"href":"https:\/\/www.europesays.com\/fr\/wp-json\/wp\/v2\/types\/post"}],"author":[{"embeddable":true,"href":"https:\/\/www.europesays.com\/fr\/wp-json\/wp\/v2\/users\/2"}],"replies":[{"embeddable":true,"href":"https:\/\/www.europesays.com\/fr\/wp-json\/wp\/v2\/comments?post=587829"}],"version-history":[{"count":0,"href":"https:\/\/www.europesays.com\/fr\/wp-json\/wp\/v2\/posts\/587829\/revisions"}],"wp:featuredmedia":[{"embeddable":true,"href":"https:\/\/www.europesays.com\/fr\/wp-json\/wp\/v2\/media\/587830"}],"wp:attachment":[{"href":"https:\/\/www.europesays.com\/fr\/wp-json\/wp\/v2\/media?parent=587829"}],"wp:term":[{"taxonomy":"category","embeddable":true,"href":"https:\/\/www.europesays.com\/fr\/wp-json\/wp\/v2\/categories?post=587829"},{"taxonomy":"post_tag","embeddable":true,"href":"https:\/\/www.europesays.com\/fr\/wp-json\/wp\/v2\/tags?post=587829"}],"curies":[{"name":"wp","href":"https:\/\/api.w.org\/{rel}","templated":true}]}}