{"id":587838,"date":"2025-12-09T05:24:22","date_gmt":"2025-12-09T05:24:22","guid":{"rendered":"https:\/\/www.europesays.com\/fr\/587838\/"},"modified":"2025-12-09T05:24:22","modified_gmt":"2025-12-09T05:24:22","slug":"lalsacienne-de-la-semaine-cest-lea-soldner","status":"publish","type":"post","link":"https:\/\/www.europesays.com\/fr\/587838\/","title":{"rendered":"L&rsquo;Alsacienne de la semaine. C&rsquo;est L\u00e9a Soldner"},"content":{"rendered":"<p>Avec 45 % des 3695 votes enregistr\u00e9s avant vendredi midi, L\u00e9a Soldner est notre nouvelle Alsacienne de la semaine. La capitaine du Volley Mulhouse Alsace (VMA) a disput\u00e9 le 22 novembre son 401e match au plus haut niveau, tous avec le maillot de Mulhouse. Venue du VBC Kingersheim, la jeune Alsacienne joue actuellement, \u00e0 29 ans, sa 11e saison professionnelle.<br \/>Deuxi\u00e8me avec 34 % des voix, le Galfinguois Evan Wachbar, 21 ans, a d\u00e9croch\u00e9 le titre de champion de France en t\u00f4lerie-carrosserie lors des Worldskills France. Salari\u00e9 de la Carrosserie sundgauvienne \u00e0 Altkirch, le jeune homme vise d\u00e9sormais la finale internationale \u00e0 Shanghai en 2026.<br \/>Enfin, troisi\u00e8me, l\u2019Illzachois Bekir Aysan, 56 ans, vient de publier M\u00e9fie-toi de tes r\u00eaves\u2026 car parfois, ils se r\u00e9alisent, dans lequel il relate son trajet \u00e0 v\u00e9lo de 3 500 km entre Mulhouse et Istanbul, sa ville natale, r\u00e9alis\u00e9 en 2023.<\/p>\n","protected":false},"excerpt":{"rendered":"Avec 45 % des 3695 votes enregistr\u00e9s avant vendredi midi, L\u00e9a Soldner est notre nouvelle Alsacienne de la&hellip;\n","protected":false},"author":2,"featured_media":587839,"comment_status":"","ping_status":"","sticky":false,"template":"","format":"standard","meta":{"footnotes":""},"categories":[1417],"tags":[2389,70086,1687,107,1011,27,104,60,1470,1469],"class_list":{"0":"post-587838","1":"post","2":"type-post","3":"status-publish","4":"format-standard","5":"has-post-thumbnail","7":"category-volley","8":"tag-alsace","9":"tag-alsacienne-de-la-semaine","10":"tag-culture-loisirs","11":"tag-fil-info","12":"tag-fr","13":"tag-france","14":"tag-societe","15":"tag-sports","16":"tag-volley","17":"tag-volleyball"},"share_on_mastodon":{"url":"https:\/\/pubeurope.com\/@fr\/115687945865606837","error":""},"_links":{"self":[{"href":"https:\/\/www.europesays.com\/fr\/wp-json\/wp\/v2\/posts\/587838","targetHints":{"allow":["GET"]}}],"collection":[{"href":"https:\/\/www.europesays.com\/fr\/wp-json\/wp\/v2\/posts"}],"about":[{"href":"https:\/\/www.europesays.com\/fr\/wp-json\/wp\/v2\/types\/post"}],"author":[{"embeddable":true,"href":"https:\/\/www.europesays.com\/fr\/wp-json\/wp\/v2\/users\/2"}],"replies":[{"embeddable":true,"href":"https:\/\/www.europesays.com\/fr\/wp-json\/wp\/v2\/comments?post=587838"}],"version-history":[{"count":0,"href":"https:\/\/www.europesays.com\/fr\/wp-json\/wp\/v2\/posts\/587838\/revisions"}],"wp:featuredmedia":[{"embeddable":true,"href":"https:\/\/www.europesays.com\/fr\/wp-json\/wp\/v2\/media\/587839"}],"wp:attachment":[{"href":"https:\/\/www.europesays.com\/fr\/wp-json\/wp\/v2\/media?parent=587838"}],"wp:term":[{"taxonomy":"category","embeddable":true,"href":"https:\/\/www.europesays.com\/fr\/wp-json\/wp\/v2\/categories?post=587838"},{"taxonomy":"post_tag","embeddable":true,"href":"https:\/\/www.europesays.com\/fr\/wp-json\/wp\/v2\/tags?post=587838"}],"curies":[{"name":"wp","href":"https:\/\/api.w.org\/{rel}","templated":true}]}}