{"id":587840,"date":"2025-12-09T05:25:15","date_gmt":"2025-12-09T05:25:15","guid":{"rendered":"https:\/\/www.europesays.com\/fr\/587840\/"},"modified":"2025-12-09T05:25:15","modified_gmt":"2025-12-09T05:25:15","slug":"fickou-fortassin-blanco-decouvrez-les-rugbymen-qui-ont-failli-devenir-footballeurs","status":"publish","type":"post","link":"https:\/\/www.europesays.com\/fr\/587840\/","title":{"rendered":"Fickou, Fortassin, Blanco\u2026 d\u00e9couvrez les rugbymen qui ont failli devenir footballeurs"},"content":{"rendered":"<p>                    Par<br \/>\n        <strong><br \/>\n            <a href=\"https:\/\/actu.fr\/auteur\/clement-mazella\" title=\"Consulter tous les articles de Cl\u00e9ment Mazella\" target=\"_blank\" rel=\"noopener\">Cl\u00e9ment Mazella<\/a><br \/>\n                    <\/strong><\/p>\n<p>        Publi\u00e9 le<\/p>\n<p>            8 d\u00e9c. 2025 \u00e0 19h21        <\/p>\n<p>Si le ballon ovale a conquis leur carri\u00e8re, certains rugbymen fran\u00e7ais et internationaux ont d\u2019abord \u00e9t\u00e9 attir\u00e9s par le football. <a href=\"https:\/\/actu.fr\/tag\/gael-fickou\" target=\"_blank\" rel=\"noopener\">Ga\u00ebl Fickou<\/a>, 98 s\u00e9lections avec le XV de France, jouait attaquant avant de se tourner vers le rugby \u00e0 13 ans. Cheikh Tiberghien, arri\u00e8re\/ailier de Bayonne, a pass\u00e9 plusieurs ann\u00e9es \u00e0 pratiquer le foot avant de rejoindre l\u2019Aviron bayonnais \u00e0 16 ans. Deux exemples parmi tant d\u2019autres. Retrouvez <strong>tous ces rugbymen qui ont failli devenir footballeurs<\/strong> et d\u00e9couvrez leurs parcours \u00e9tonnants vers l\u2019ovalie.<\/p>\n<p>Serge Blanco<\/p>\n<p class=\" wall-content\">Eh oui : l\u2019un des plus c\u00e9l\u00e8bres joueurs de l\u2019histoire du rugby fran\u00e7ais avait du talent avec un ballon rond au pied. Arriv\u00e9 tr\u00e8s jeune \u00e0 Biarritz, <strong>Serge Blanco<\/strong> a int\u00e9gr\u00e9 une \u00e9cole de cur\u00e9s, et le football \u00e9tait principalement pratique. Dou\u00e9 devant les buts, il a pris une licence \u00e0 la Jeanne d\u2019Arc de Biarritz, d\u2019avant d\u2019attirer l\u2019\u0153il de Pierre Sarratia, son professeur de sport, mais aussi conseiller technique \u00e0 la ligue d\u00e9partementale de football des Pyr\u00e9n\u00e9es-Atlantiques. Un test est propos\u00e9, mais le futur arri\u00e8re du XV de France refuse, la veille du d\u00e9part pour Nantes par \u00ab\u00a0peur de quitter sa famille\u00a0\u00bb.\u00a0<\/p>\n<p>Ga\u00ebl Fickou<\/p>\n<p class=\" wall-content\">L\u2019enfant de La Seyne-sur-Mer est un passionn\u00e9 de ballon rond depuis son plus jeune \u00e2ge. Membre d\u2019une \u00e9quipe locale, il impressionne lors de plusieurs tournois de jeunes, de par sa vitesse et sa technique. <strong>Ga\u00ebl Fickou<\/strong>, passionn\u00e9 de l\u2019OM, a \u00e9t\u00e9 approch\u00e9 par des recruteurs du FC Sochaux et de l\u2019AS Monaco pour int\u00e9grer le centre de formation. Mais gr\u00e2ce \u00e0 des amis, Ga\u00ebl Fickou d\u00e9couvre le rugby \u00e0 l\u2019adolescence, et opte pour le ballon ovale. Il a aujourd\u2019hui 98 s\u00e9lections avec le XV de France.<\/p>\n<p>Wesley Fofana\u00a0<\/p>\n<p class=\" wall-content\">Avant d\u2019avoir 48 s\u00e9lections avec les Bleus, <strong>Wesley Fofana<\/strong> a montr\u00e9 une certaine aisance avec le ballon rond. Son papa \u00e9tait entra\u00eeneur, et celui qui a fait toute sa carri\u00e8re pro \u00e0 Clermont s\u2019avoua un d\u00e9fenseur\/milieu d\u00e9fensif de bon niveau. Il a m\u00eame int\u00e9gr\u00e9 le CFFP (Centre de Formation du Football de Paris) et \u00e9volua, surclass\u00e9, aux c\u00f4t\u00e9s de J\u00e9r\u00e9my M\u00e9nez, pass\u00e9 par Sochaux, Monaco, la Roma ou le PSG (24 s\u00e9lections en Bleus).<\/p>\n<p>Fabien Fortassin\u00a0<\/p>\n<p class=\" wall-content\">L\u2019actuel manager de Valence-Romans, ancien n\u00b010 de Montauban, Tarbes, La Rochelle ou Biarritz, a \u00e9t\u00e9 de 11 \u00e0 15 ans au centre de formation du Toulouse Football Club. Il \u00e9voluait comme meneur de jeu ou avant-centre. Fils d\u2019un rugbyman, <strong>Fabien Fortassin<\/strong> s\u2019est mis au ballon ovale \u00e0 16 ans, apr\u00e8s une blessure et \u00ab\u00a0avoir d\u00e9couvert les troisi\u00e8mes mi-temps\u00a0\u00bb.<\/p>\n<p>    <img   decoding=\"async\" loading=\"lazy\" src=\"https:\/\/www.europesays.com\/fr\/wp-content\/uploads\/2025\/12\/487f1d0dc80963c7f1d0dc809108f1v-960x640.jpg\" alt=\"Fabien Fortassin, entra\u00eeneur de Valence-Romans\" width=\"960\" height=\"640\"\/><br \/>\n    Fabien Fortassin, manager de Valence-Romans, a \u00e9t\u00e9 durant 4 ans au centre de formation du TFC. (\u00a9Actu Morbihan)Dimitri Yachvili<\/p>\n<p class=\" wall-content\">La g\u00e2chette du Biarritz Olympique, qui s\u2019est vue pendant des ann\u00e9es prodiguer des conseils par la l\u00e9gende Jean-Michel Larqu\u00e9, a fait partie des effectifs de jeunes de l\u2019OGC Nice. Mais tr\u00e8s vite, le ballon ovale, lui, fils de l\u2019international Michel Yachvili (15 s\u00e9lections) a fini par prendre le dessus sur le ballon rond.<\/p>\n<p>Cheikh Tiberghein<\/p>\n<p class=\" wall-content\">Le football, c\u2019est le premier sport qu\u2019a pratiqu\u00e9 <strong>Cheikh Tiberghein<\/strong>. Et avec succ\u00e8s. \u00ab\u00a0Je pr\u00e9f\u00e9rai le foot, que manger. Petit, il n\u2019y avait que le foot qui comptait\u00a0\u00bb, confia-t-il aupr\u00e8s de Canal +. \u00c0 l\u2019adolescence, l\u2019attaquant est rep\u00e9r\u00e9 par <strong>un \u00e9ducateur de la Real Sociedad<\/strong>. Pendant deux ans, il s\u2019entra\u00eena avec les jeunes du club basque espagnol, mais sans qu\u2019on ne lui donne d\u2019explications, il s\u2019est vu fermer les porters du centre de formation. Cheikh Tiberghein a \u00e9t\u00e9 d\u00e9go\u00fbt\u00e9 du football, et \u00e0 14 ans, il s\u2019inscrivit au rugby.<\/p>\n<p>Votre r\u00e9gion, votre actu !<\/p>\n<p>Recevez chaque jour les infos qui comptent pour vous.<\/p>\n<p>\t<a href=\"https:\/\/actu.fr\/newsletter\" class=\"ac-btn ac-btn--corner ac-btn--medium ac-btn--blue800\" target=\"_blank\" rel=\"noopener\">S&rsquo;incrire<\/a><br \/>\nBenjamin Urdapilleta<\/p>\n<p class=\" wall-content\">Meilleur r\u00e9alisateur de l\u2019histoire du Top 14, <strong>Benjamin Urdapilleta<\/strong> a d\u00e9but\u00e9 par le football en Argentine. Il a int\u00e9gr\u00e9 un temps le <strong>centre de formation de River Plate<\/strong>, l\u2019un des grands clubs du pays, \u00e9voluant au poste de milieu de terrain. Urdapilleta s\u2019est mis au rugby \u00e0 15 ans, gr\u00e2ce \u00e0 des amis, et lass\u00e9 d\u2019avoir des entra\u00eenements de football quotidiens.\u00a0<\/p>\n<p>    <img   decoding=\"async\" loading=\"lazy\" src=\"https:\/\/www.europesays.com\/fr\/wp-content\/uploads\/2025\/12\/benjamin-urdapilleta-buteur-tee-top14-960x640.jpg\" alt=\"Benjamin Urdapilleta a d\u00e9pass\u00e9 Brock James au classement des meilleurs r\u00e9alisateurs de l'histoire du Top 14.\" width=\"960\" height=\"640\"\/><br \/>\n    Benjamin Urdapilleta, meilleur r\u00e9alisateur de l\u2019histoire du Top 14, a \u00e9t\u00e9 au centre de formation de River Plate. (\u00a9IconSport)Danny Cipriani<\/p>\n<p class=\" wall-content\">Grand passionn\u00e9 de football, l\u2019ancien ouvreur du XV de la Rose, <strong>Danny Cipriani<\/strong>, a jou\u00e9 en jeune pour les Queens Park Rangers. Tr\u00e8s performant, il s\u2019est vu proposer un contrat par le club de Reading. Sportif polyvalent, touchant au Squash ou au Cricket, Cipriani a finalement opt\u00e9 pour le rugby. Alors qu\u2019il \u00e9tait pro, \u00e0 22 ans, il a tent\u00e9 des s\u00e9lections aupr\u00e8s du club de Fulham. En vain.<\/p>\n<p>Filipo Daugunu<\/p>\n<p class=\" wall-content\">L\u2019ailier de l\u2019\u00e9quipe d\u2019Australie, <strong>Filipo Daugunu<\/strong>, malgr\u00e9 sa taille modeste (1,80m), \u00e9tait un excellent gardien de but durant sa jeunesse. Il a m\u00eame port\u00e9 le maillot des <strong>U17 des Fidji<\/strong>, lors de la Coupe d\u2019Oc\u00e9anie 2011. \u00c0 19 ans, il d\u00e9cide de participer \u00e0 une s\u00e9rie de tests physiques organis\u00e9e par la s\u00e9lection fidjienne de rugby \u00e0 XV U20. Ses d\u00e9buts dans le rugby. Il est retenu comme ailier, et d\u00e9cide d\u2019abandonner le football dans la foul\u00e9e.<\/p>\n<p>Michael O\u2019Flanagan\/Kevin O\u2019Flanagan<\/p>\n<p class=\" wall-content\">C\u2019est l\u2019histoire folle ! Michael O\u2019Flanagan et Kevin O\u2019Flanagan sont fr\u00e8res, et ont une particularit\u00e9 assez incroyable : ces deux Irlandais ont \u00e9t\u00e9 tous les deux internationaux en football et en rugby. Michael O\u2019Flanagan, centre ou ailier, fut m\u00eame membre de l\u2019\u00e9quipe du XV du Tr\u00e8fle qui r\u00e9alisa le premier Grand Chelem en 1948.\u00a0<\/p>\n<p class=\" wall-content\">Personnalisez votre actualit\u00e9 en ajoutant vos villes et m\u00e9dias en favori avec <a href=\"https:\/\/moncompte.actu.fr\" title=\"D\u00e9couvez Mon Actu\" rel=\"nofollow noopener\" data-trk=\"{&quot;cta&quot;:{&quot;action&quot;:&quot;https:\\\/\\\/moncompte.actu.fr&quot;,&quot;category&quot;:&quot;mon compte&quot;,&quot;from&quot;:&quot;article footer&quot;,&quot;name&quot;:&quot;Mon actu&quot;,&quot;type&quot;:&quot;cta&quot;}}\" target=\"_blank\">Mon Actu<\/a>.<\/p>\n","protected":false},"excerpt":{"rendered":"Par Cl\u00e9ment Mazella Publi\u00e9 le 8 d\u00e9c. 2025 \u00e0 19h21 Si le ballon ovale a conquis leur carri\u00e8re,&hellip;\n","protected":false},"author":2,"featured_media":587841,"comment_status":"","ping_status":"","sticky":false,"template":"","format":"standard","meta":{"footnotes":""},"categories":[1416],"tags":[1011,27,3788,479,1468,60,513],"class_list":{"0":"post-587840","1":"post","2":"type-post","3":"status-publish","4":"format-standard","5":"has-post-thumbnail","7":"category-rugby","8":"tag-fr","9":"tag-france","10":"tag-pro","11":"tag-rugby","12":"tag-rugby-football","13":"tag-sports","14":"tag-xv-de-france"},"share_on_mastodon":{"url":"https:\/\/pubeurope.com\/@fr\/115687950508482783","error":""},"_links":{"self":[{"href":"https:\/\/www.europesays.com\/fr\/wp-json\/wp\/v2\/posts\/587840","targetHints":{"allow":["GET"]}}],"collection":[{"href":"https:\/\/www.europesays.com\/fr\/wp-json\/wp\/v2\/posts"}],"about":[{"href":"https:\/\/www.europesays.com\/fr\/wp-json\/wp\/v2\/types\/post"}],"author":[{"embeddable":true,"href":"https:\/\/www.europesays.com\/fr\/wp-json\/wp\/v2\/users\/2"}],"replies":[{"embeddable":true,"href":"https:\/\/www.europesays.com\/fr\/wp-json\/wp\/v2\/comments?post=587840"}],"version-history":[{"count":0,"href":"https:\/\/www.europesays.com\/fr\/wp-json\/wp\/v2\/posts\/587840\/revisions"}],"wp:featuredmedia":[{"embeddable":true,"href":"https:\/\/www.europesays.com\/fr\/wp-json\/wp\/v2\/media\/587841"}],"wp:attachment":[{"href":"https:\/\/www.europesays.com\/fr\/wp-json\/wp\/v2\/media?parent=587840"}],"wp:term":[{"taxonomy":"category","embeddable":true,"href":"https:\/\/www.europesays.com\/fr\/wp-json\/wp\/v2\/categories?post=587840"},{"taxonomy":"post_tag","embeddable":true,"href":"https:\/\/www.europesays.com\/fr\/wp-json\/wp\/v2\/tags?post=587840"}],"curies":[{"name":"wp","href":"https:\/\/api.w.org\/{rel}","templated":true}]}}