{"id":587844,"date":"2025-12-09T05:30:18","date_gmt":"2025-12-09T05:30:18","guid":{"rendered":"https:\/\/www.europesays.com\/fr\/587844\/"},"modified":"2025-12-09T05:30:18","modified_gmt":"2025-12-09T05:30:18","slug":"je-me-rapproche-du-plus-haut-niveau","status":"publish","type":"post","link":"https:\/\/www.europesays.com\/fr\/587844\/","title":{"rendered":"Je me rapproche du plus haut niveau"},"content":{"rendered":"<p><strong>Pr\u00e9sent \u00e0 la c\u00e9r\u00e9monie du V\u00e9lo<br \/>\nd&rsquo;Or, le Fran\u00e7ais Romain Gr\u00e9goire (Groupama-FDJ) s&rsquo;est ensuite<br \/>\nconfi\u00e9 \u00e0 la presse, sur la saison 2026.<\/strong><\/p>\n<p>Romain Gr\u00e9goire fera encore partie des coureurs \u00e0 suivre en<br \/>\n2026. Ce vendredi, le Fran\u00e7ais \u00e9tait pr\u00e9sent \u00e0 la troisi\u00e8me<br \/>\nc\u00e9r\u00e9monie du V\u00e9lo d\u2019Or, au Pavillon Gabriel \u00e0 Paris. En lice pour<br \/>\nrecevoir le Troph\u00e9e Bernard Hinault, le coureur a finalement vu<br \/>\nK\u00e9vin Vauquelin \u00eatre sacr\u00e9 meilleur coureur fran\u00e7ais sur route.<br \/>\nRomain Gr\u00e9goire, pensionnaire de l\u2019\u00e9quipe cycliste fran\u00e7aise<br \/>\nGroupama-FDJ a ensuite accord\u00e9 un entretien au site internet<br \/>\nsp\u00e9cialis\u00e9 Cyclism\u2019actu.<\/p>\n<p>Le Fran\u00e7ais a commenc\u00e9 par \u00e9voquer ses ambitions pour la saison<br \/>\n2026 : \u00ab\u00a0<strong>Je me rapproche du plus haut niveau, mais il<br \/>\nfaut encore que je travaille si je veux l\u2019atteindre.<\/strong> Il me<br \/>\nmanque une petite marche \u00e0 gravir. L\u2019objectif, c\u2019est de bien<br \/>\ntravailler cet hiver pour progresser encore, combler ce petit gap<br \/>\navec les tout meilleurs et enfin aller chercher cette grande<br \/>\nvictoire que j\u2019attends.\u00a0\u00bb<\/p>\n<p>Gr\u00e9goire : \u00ab\u00a0On n\u2019a pas<br \/>\nencore pos\u00e9 les bases pr\u00e9cises de la saison\u00a0\u00bb<\/p>\n<p>Dans ses premiers gros objectifs du prochain exercice, il<br \/>\npourrait bien y avoir, notamment, les Ardennaises : \u00ab\u00a0Oui,<br \/>\ncertainement. Apr\u00e8s, on n\u2019a pas encore pos\u00e9 les bases pr\u00e9cises de<br \/>\nla saison. On se retrouve en stage en Espagne d\u00e8s demain pour en<br \/>\nparler avec le staff et les directeurs sportifs. Mais oui, les<br \/>\nArdennaises seront s\u00fbrement le premier grand rendez-vous de<br \/>\nl\u2019ann\u00e9e.\u00a0\u00bb Outre Romain Gr\u00e9goire, ils seront plusieurs autres<br \/>\nFran\u00e7ais, faisant d\u2019ailleurs partie de la m\u00eame g\u00e9n\u00e9ration, \u00e0 tenter<br \/>\nde briller en 2026.<\/p>\n<p><strong>Ce devrait \u00eatre notamment le cas de Paul Magnier, Paul<br \/>\nSeixas ou bien encore de K\u00e9vin Vauquelin<\/strong>, septi\u00e8me du<br \/>\nclassement g\u00e9n\u00e9ral du dernier Tour de France : \u00ab\u00a0Oui, bien<br \/>\ns\u00fbr. Il y a du monde, \u00e7a pousse derri\u00e8re. C\u2019est bien, \u00e7a nous tire<br \/>\ntous vers le haut et on progresse ensemble.\u00a0\u00bb En 2025, Romain<br \/>\nGr\u00e9goire a brill\u00e9 plus d\u2019une fois. Le Fran\u00e7ais a d\u00e9croch\u00e9 l\u2019Ard\u00e8che<br \/>\nClassic, la premi\u00e8re \u00e9tape du Tour de Suisse, la quatri\u00e8me \u00e9tape et<br \/>\nle classement g\u00e9n\u00e9ral du Tour de Grande-Bretagne, ainsi que les<br \/>\npremi\u00e8re et cinqui\u00e8me \u00e9tapes du Tour du Luxembourg.<\/p>\n","protected":false},"excerpt":{"rendered":"Pr\u00e9sent \u00e0 la c\u00e9r\u00e9monie du V\u00e9lo d&rsquo;Or, le Fran\u00e7ais Romain Gr\u00e9goire (Groupama-FDJ) s&rsquo;est ensuite confi\u00e9 \u00e0 la presse,&hellip;\n","protected":false},"author":2,"featured_media":587845,"comment_status":"","ping_status":"","sticky":false,"template":"","format":"standard","meta":{"footnotes":""},"categories":[1411],"tags":[1154,207,1011,27,57681,60],"class_list":{"0":"post-587844","1":"post","2":"type-post","3":"status-publish","4":"format-standard","5":"has-post-thumbnail","7":"category-cyclisme","8":"tag-cycling","9":"tag-cyclisme","10":"tag-fr","11":"tag-france","12":"tag-sport365-fr","13":"tag-sports"},"share_on_mastodon":{"url":"https:\/\/pubeurope.com\/@fr\/115687969512412677","error":""},"_links":{"self":[{"href":"https:\/\/www.europesays.com\/fr\/wp-json\/wp\/v2\/posts\/587844","targetHints":{"allow":["GET"]}}],"collection":[{"href":"https:\/\/www.europesays.com\/fr\/wp-json\/wp\/v2\/posts"}],"about":[{"href":"https:\/\/www.europesays.com\/fr\/wp-json\/wp\/v2\/types\/post"}],"author":[{"embeddable":true,"href":"https:\/\/www.europesays.com\/fr\/wp-json\/wp\/v2\/users\/2"}],"replies":[{"embeddable":true,"href":"https:\/\/www.europesays.com\/fr\/wp-json\/wp\/v2\/comments?post=587844"}],"version-history":[{"count":0,"href":"https:\/\/www.europesays.com\/fr\/wp-json\/wp\/v2\/posts\/587844\/revisions"}],"wp:featuredmedia":[{"embeddable":true,"href":"https:\/\/www.europesays.com\/fr\/wp-json\/wp\/v2\/media\/587845"}],"wp:attachment":[{"href":"https:\/\/www.europesays.com\/fr\/wp-json\/wp\/v2\/media?parent=587844"}],"wp:term":[{"taxonomy":"category","embeddable":true,"href":"https:\/\/www.europesays.com\/fr\/wp-json\/wp\/v2\/categories?post=587844"},{"taxonomy":"post_tag","embeddable":true,"href":"https:\/\/www.europesays.com\/fr\/wp-json\/wp\/v2\/tags?post=587844"}],"curies":[{"name":"wp","href":"https:\/\/api.w.org\/{rel}","templated":true}]}}