{"id":587848,"date":"2025-12-09T05:32:12","date_gmt":"2025-12-09T05:32:12","guid":{"rendered":"https:\/\/www.europesays.com\/fr\/587848\/"},"modified":"2025-12-09T05:32:12","modified_gmt":"2025-12-09T05:32:12","slug":"jaime-pas-cette-la-sortie-virulente-dune-imm","status":"publish","type":"post","link":"https:\/\/www.europesays.com\/fr\/587848\/","title":{"rendered":"\u00ab\u00a0J&rsquo;aime pas cette&#8230;\u00a0\u00bb, la sortie virulente d&rsquo;une imm &#8230;"},"content":{"rendered":"<p>EN BREF<\/p>\n<ul class=\"bloc_resume_post_list\">\n<li>Patrick S\u00e9bastien critique ouvertement L\u00e9a Salam\u00e9 lors<br \/>\nd\u00a0\u00bbune interview r\u00e9cente, exprimant une animosit\u00e9<br \/>\npersistante.<\/li>\n<li>L&rsquo;animateur \u00e9voque un incident marquant survenu lors de<br \/>\nson passage dans l&rsquo;\u00e9mission On n&rsquo;est pas couch\u00e9s.<\/li>\n<li>Un \u00e9change tendu autour d&rsquo;une citation controvers\u00e9e<br \/>\ncontinue d&rsquo;alimenter les tensions entre les deux personnalit\u00e9s<br \/>\nm\u00e9diatiques.<\/li>\n<\/ul>\n<p data-start=\"299\" data-end=\"652\">Difficile de faire <a href=\"https:\/\/www.telestar.fr\/people\/il-men-a-mis-plein-la-gule-olivier-villa-fils-de-patrick-sebastien-sans-filtre-sur-son-pere-1747332\" target=\"_blank\" rel=\"noopener\"><br \/>\nplus cash que Patrick S\u00e9bastien<\/a>. Invit\u00e9 ces derniers jours \u00e0<br \/>\nrevenir sur ses relations avec plusieurs figures du paysage<br \/>\naudiovisuel, l\u2019ancien animateur du Plus grand cabaret au monde n\u2019a<br \/>\npas retenu ses coups. Apr\u00e8s avoir d\u00e9j\u00e0 tacl\u00e9 France T\u00e9l\u00e9visions sur<br \/>\nRMC Story, il a remis \u00e7a <strong>en \u00e9voquant une journaliste tr\u00e8s<br \/>\ncomment\u00e9e ces derniers temps : L\u00e9a Salam\u00e9.<\/strong><\/p>\n<p data-start=\"654\" data-end=\"925\">Une prise de parole qui a<br \/>\nimm\u00e9diatement fait r\u00e9agir. Pour cause, derri\u00e8re l\u2019humour et les<br \/>\npetits piques habituelles, Patrick S\u00e9bastien a cette fois laiss\u00e9<br \/>\ntranspara\u00eetre <strong>une vraie animosit\u00e9.<\/strong> Et en creusant<br \/>\nun peu, il raconte un \u00e9pisode pr\u00e9cis qui, selon lui, a tout fait<br \/>\nbasculer.<\/p>\n<p>Patrick S\u00e9bastien s&#8217;emp\u00eache de<br \/>\ndire des \u00ab\u00a0gros mots\u00a0\u00bb sur L\u00e9a Salam\u00e9<\/p>\n<p data-start=\"969\" data-end=\"1351\">Face au m\u00e9dia Le Crayon,<br \/>\nl\u2019animateur a d\u2019abord jou\u00e9 la carte de la malice. Interrog\u00e9 sur L\u00e9a<br \/>\nSalam\u00e9, il a lanc\u00e9, en souriant : \u00ab\u00a0Tu m\u2019avais dit qu\u2019on ne dirait pas de gros mots\u00a0\u00bb. Une<br \/>\nentr\u00e9e en mati\u00e8re qui laissait d\u00e9j\u00e0 imaginer la suite. Puis, plus<br \/>\ns\u00e9rieux, il a encha\u00een\u00e9 : <strong>\u00ab\u00a0Je n\u2019aime pas cette nana pour 1000 raisons\u00a0\u00bb<\/strong>.<br \/>\nUne phrase qui surprend par sa frontalit\u00e9, m\u00eame de sa part.<\/p>\n<p data-start=\"1353\" data-end=\"1644\">On sait que Patrick S\u00e9bastien<br \/>\nn\u2019a jamais eu sa langue dans sa poche. Mais pourquoi un tel rejet<br \/>\nenvers <a href=\"https:\/\/www.telestar.fr\/actu_tv\/elle-a-entame-une-apres-la-serie-noire-au-jt-de-lea-salame-les-langues-se-delient-en-interne-1747910\" target=\"_blank\" rel=\"noopener\"><br \/>\nla pr\u00e9sentatrice du 20 Heures de France 2<\/a> ? Il explique tout<br \/>\nsimplement qu\u2019un souvenir t\u00e9l\u00e9vis\u00e9 lui reste en travers de la gorge<br \/>\ndepuis des ann\u00e9es. Un moment qu\u2019il n\u2019a toujours pas dig\u00e9r\u00e9.<\/p>\n<p>La<br \/>\nphrase qui a mis le feu aux poudres&#8230;<\/p>\n<p data-start=\"1689\" data-end=\"2085\">Selon lui, tout remonte \u00e0 son<br \/>\npassage dans On n\u2019est pas couch\u00e9s, o\u00f9 il venait pr\u00e9senter son livre<br \/>\nLe vrai go\u00fbt des tomates m\u00fbres. Il raconte :<br \/>\n<strong>\u00ab\u00a0Je me suis retrouv\u00e9<br \/>\nen face d\u2019elle dans une \u00e9mission. Elle a pris mon bouquin, comme tu<br \/>\nle fais l\u00e0, en me disant : &lsquo;Mais vous avez dit que toutes les<br \/>\nfemmes sont des salopes !'\u00a0\u00bb<\/strong>. Un choc pour lui, qui<br \/>\nassure n\u2019avoir \u00ab\u00a0jamais<br \/>\n\u00e9crit\u00a0\u00bb une telle phrase.<\/p>\n<p data-start=\"2087\" data-end=\"2408\">Pris de court, il lui demande<br \/>\nalors \u00e0 quelle page elle a trouv\u00e9 cette citation. La r\u00e9ponse de la<br \/>\njournaliste, selon lui, l\u2019a d\u00e9sar\u00e7onn\u00e9 encore davantage :<br \/>\n\u00ab\u00a0J\u2019ai oubli\u00e9 mon livre \u00e0 la<br \/>\nmaison\u00a0\u00bb. Une r\u00e9plique qu\u2019il n\u2019a toujours pas dig\u00e9r\u00e9e et qui<br \/>\nexplique, aujourd\u2019hui encore, l\u2019agacement tr\u00e8s clair qu\u2019il dirige<br \/>\nvers elle. Pour Patrick S\u00e9bastien, cet \u00e9pisode a ferm\u00e9<br \/>\nd\u00e9finitivement la porte \u00e0 toute sympathie. Une affaire ancienne qui<br \/>\nrefait surface, et qui prouve que certaines rencontres m\u00e9diatiques<br \/>\nlaissent des traces durables. Quant \u00e0 L\u00e9a Salam\u00e9, <a href=\"https:\/\/www.telestar.fr\/actu_tv\/canular-sur-france-2-lhumoriste-avait-deja-sevi-tout-le-monde-est-prevenu-1747448\" target=\"_blank\" rel=\"noopener\"><br \/>\nqui a r\u00e9cemment \u00e9t\u00e9 victime d&rsquo;un canular en plein direct<\/a>, elle<br \/>\nn\u2019a, pour l\u2019heure, pas r\u00e9agi \u00e0 cette sortie tr\u00e8s directe.<\/p>\n","protected":false},"excerpt":{"rendered":"EN BREF Patrick S\u00e9bastien critique ouvertement L\u00e9a Salam\u00e9 lors d\u00a0\u00bbune interview r\u00e9cente, exprimant une animosit\u00e9 persistante. L&rsquo;animateur \u00e9voque&hellip;\n","protected":false},"author":2,"featured_media":587849,"comment_status":"","ping_status":"","sticky":false,"template":"","format":"standard","meta":{"footnotes":""},"categories":[1359],"tags":[548,58,59,1011,27,3806,6097,973],"class_list":{"0":"post-587848","1":"post","2":"type-post","3":"status-publish","4":"format-standard","5":"has-post-thumbnail","7":"category-people","8":"tag-article-simple","9":"tag-divertissement","10":"tag-entertainment","11":"tag-fr","12":"tag-france","13":"tag-lea-salame","14":"tag-patrick-sebastien","15":"tag-people"},"share_on_mastodon":{"url":"https:\/\/pubeurope.com\/@fr\/115687977408745284","error":""},"_links":{"self":[{"href":"https:\/\/www.europesays.com\/fr\/wp-json\/wp\/v2\/posts\/587848","targetHints":{"allow":["GET"]}}],"collection":[{"href":"https:\/\/www.europesays.com\/fr\/wp-json\/wp\/v2\/posts"}],"about":[{"href":"https:\/\/www.europesays.com\/fr\/wp-json\/wp\/v2\/types\/post"}],"author":[{"embeddable":true,"href":"https:\/\/www.europesays.com\/fr\/wp-json\/wp\/v2\/users\/2"}],"replies":[{"embeddable":true,"href":"https:\/\/www.europesays.com\/fr\/wp-json\/wp\/v2\/comments?post=587848"}],"version-history":[{"count":0,"href":"https:\/\/www.europesays.com\/fr\/wp-json\/wp\/v2\/posts\/587848\/revisions"}],"wp:featuredmedia":[{"embeddable":true,"href":"https:\/\/www.europesays.com\/fr\/wp-json\/wp\/v2\/media\/587849"}],"wp:attachment":[{"href":"https:\/\/www.europesays.com\/fr\/wp-json\/wp\/v2\/media?parent=587848"}],"wp:term":[{"taxonomy":"category","embeddable":true,"href":"https:\/\/www.europesays.com\/fr\/wp-json\/wp\/v2\/categories?post=587848"},{"taxonomy":"post_tag","embeddable":true,"href":"https:\/\/www.europesays.com\/fr\/wp-json\/wp\/v2\/tags?post=587848"}],"curies":[{"name":"wp","href":"https:\/\/api.w.org\/{rel}","templated":true}]}}