{"id":587852,"date":"2025-12-09T05:35:18","date_gmt":"2025-12-09T05:35:18","guid":{"rendered":"https:\/\/www.europesays.com\/fr\/587852\/"},"modified":"2025-12-09T05:35:18","modified_gmt":"2025-12-09T05:35:18","slug":"la-bataille-la-malediction-de-lile-aimed-et-romy-en-mission-sauvetage-pour-maissane-et-melanie-orl-la-bataille-la-malediction-de-lile","status":"publish","type":"post","link":"https:\/\/www.europesays.com\/fr\/587852\/","title":{"rendered":"La Bataille : La Mal\u00e9diction de L&rsquo;\u00eele &#8211; A\u00efmed et Romy en mission sauvetage pour Ma\u00efssane et M\u00e9lanie ORL &#8211; La Bataille : La Mal\u00e9diction de L&rsquo;\u00eele"},"content":{"rendered":"<p id=\"descriptionPanel\" class=\"text-secondary mr-2 line-clamp-2 pr-2.5 overflow-visible\">Pendant que les duos tentent d&rsquo;\u00e9viter la nomination sur l&rsquo;\u00e9preuve du cercle maudit, A\u00efmed et Romy sont rest\u00e9s sur l&rsquo;\u00eele avec Ma\u00efssane et M\u00e9lanie ORL. C&rsquo;est l&rsquo;occasion parfaite pour eux de consolider leur alliance et de leur prouver qu&rsquo;ils peuvent se faire confiance. Romy et A\u00efmed partent donc en campagne pour tenter de sauver Ma\u00efssane et M\u00e9lanie ORL. Mais ils savent que face \u00e0 Fred et Gary cette mission sera compliqu\u00e9e. Extrait de La Bataille :  La Mal\u00e9diction de L&rsquo;\u00eele &#8211; Episode 21 du 8 d\u00e9cembre 2025<br \/>En savoir plus sur <a class=\"text-white hover:text-blue-500\" href=\"https:\/\/www.tf1.fr\/dossier\/melanie-secret-story-9\" rel=\"nofollow noopener\" target=\"_blank\">M\u00e9lanie Da Cruz<\/a>, <a class=\"text-white hover:text-blue-500\" href=\"https:\/\/www.tf1.fr\/dossier\/gabriel-ayuso-04623479\" rel=\"nofollow noopener\" target=\"_blank\">Gabriel Ayuso<\/a>, <a class=\"text-white hover:text-blue-500\" href=\"https:\/\/www.tf1.fr\/dossier\/maissane-aghioul-61458410\" rel=\"nofollow noopener\" target=\"_blank\">Maissane Aghioul<\/a>, <a class=\"text-white hover:text-blue-500\" href=\"https:\/\/www.tf1.fr\/dossier\/giovanni-prat-47518092\" rel=\"nofollow noopener\" target=\"_blank\">Giovanni Prat<\/a>, <a class=\"text-white hover:text-blue-500\" href=\"https:\/\/www.tf1.fr\/dossier\/aimed-secret-story-2025-63413122\" rel=\"nofollow noopener\" target=\"_blank\">A\u00efmed Boualaoui<\/a>, <a class=\"text-white hover:text-blue-500\" href=\"https:\/\/www.tf1.fr\/dossier\/amelie-neten-83340298\" rel=\"nofollow noopener\" target=\"_blank\">Am\u00e9lie Neten<\/a>, <a class=\"text-white hover:text-blue-500\" href=\"https:\/\/www.tf1.fr\/dossier\/celia-secret-story-2025-18208385\" rel=\"nofollow noopener\" target=\"_blank\">C\u00e9lia Mejjati<\/a>, <a class=\"text-white hover:text-blue-500\" href=\"https:\/\/www.tf1.fr\/dossier\/vivian-lvcb-3\" rel=\"nofollow noopener\" target=\"_blank\">Vivian Grimigni<\/a>, <a class=\"text-white hover:text-blue-500\" href=\"https:\/\/www.tf1.fr\/dossier\/constance-secret-story-2025-97345810\" rel=\"nofollow noopener\" target=\"_blank\">Constance Omar<\/a>, <a class=\"text-white hover:text-blue-500\" href=\"https:\/\/www.tf1.fr\/dossier\/frederique-brugiroux-06978016\" rel=\"nofollow noopener\" target=\"_blank\">Fr\u00e9d\u00e9rique Brugiroux<\/a>, <a class=\"text-white hover:text-blue-500\" href=\"https:\/\/www.tf1.fr\/dossier\/melanie-orlenko-98845143\" rel=\"nofollow noopener\" target=\"_blank\">M\u00e9lanie Orlenko<\/a>, <a class=\"text-white hover:text-blue-500\" href=\"https:\/\/www.tf1.fr\/dossier\/romain-spodarek-67295069\" rel=\"nofollow noopener\" target=\"_blank\">Romain Spodarek<\/a>, <a class=\"text-white hover:text-blue-500\" href=\"https:\/\/www.tf1.fr\/dossier\/lisa-marie-giocanti-18932665\" rel=\"nofollow noopener\" target=\"_blank\">Lisa-Marie Giocanti<\/a>, <a class=\"text-white hover:text-blue-500\" href=\"https:\/\/www.tf1.fr\/dossier\/cynthia-makhoul-89948165\" rel=\"nofollow noopener\" target=\"_blank\">Cynthia Makhoul<\/a> ou <a class=\"text-white hover:text-blue-500\" href=\"https:\/\/www.tf1.fr\/dossier\/gary-jarny-45589774\" rel=\"nofollow noopener\" target=\"_blank\">Gary Jarny<\/a><\/p>\n<p>Afficher la version longue du r\u00e9sum\u00e9<a class=\"shrink-0\" href=\"https:\/\/www.tf1.fr\/tfx\/la-bataille-la-malediction-de-lile\" rel=\"nofollow noopener\" target=\"_blank\"><img decoding=\"async\" src=\"https:\/\/www.europesays.com\/fr\/wp-content\/uploads\/2025\/12\/program-card-portrait-2b-c5fcf9-191fa7-0@1x.jpg\" width=\"138\" height=\"184\" alt=\"\" loading=\"eager\" fetchpriority=\"auto\" class=\"rounded-3px aspect-[3\/4] h-24 w-auto\" aria-hidden=\"true\"\/><\/a><img alt=\"Sous-Titrage T\u00e9l\u00e9texte\" loading=\"lazy\" width=\"27\" height=\"20\" decoding=\"async\" data-nimg=\"1\" style=\"color:transparent\" src=\"https:\/\/www.tf1.fr\/public\/_next\/static\/media\/sme.b8f879c0.svg\"\/>8 d\u00e9c. 2025 \u00e0 20:45<\/p>\n","protected":false},"excerpt":{"rendered":"Pendant que les duos tentent d&rsquo;\u00e9viter la nomination sur l&rsquo;\u00e9preuve du cercle maudit, A\u00efmed et Romy sont rest\u00e9s&hellip;\n","protected":false},"author":2,"featured_media":587853,"comment_status":"","ping_status":"","sticky":false,"template":"","format":"standard","meta":{"footnotes":""},"categories":[1356],"tags":[58,59,3483,64995,64996,46763,1011,27,64102,64997,64998,64114,64118,64103,64115,64119,64111,64110,64116,64117,64112,64113,252,1364,64108,64109],"class_list":{"0":"post-587852","1":"post","2":"type-post","3":"status-publish","4":"format-standard","5":"has-post-thumbnail","7":"category-television","8":"tag-divertissement","9":"tag-entertainment","10":"tag-extrait","11":"tag-extrait-la-bataille-la-malediction-de-lile","12":"tag-extrait-la-bataille-la-malediction-de-lile-tfx","13":"tag-extrait-tfx","14":"tag-fr","15":"tag-france","16":"tag-la-bataille-la-malediction-de-lile","17":"tag-la-bataille-la-malediction-de-lile-extrait","18":"tag-la-bataille-la-malediction-de-lile-extrait-tfx","19":"tag-la-bataille-la-malediction-de-lile-streaming","20":"tag-la-bataille-la-malediction-de-lile-streaming-gratuit","21":"tag-la-bataille-la-malediction-de-lile-tfx","22":"tag-la-bataille-la-malediction-de-lile-tfx-streaming","23":"tag-la-bataille-la-malediction-de-lile-tfx-streaming-gratuit","24":"tag-la-bataille-la-malediction-de-lile-tfx-video","25":"tag-la-bataille-la-malediction-de-lile-video","26":"tag-streaming-gratuit-la-bataille-la-malediction-de-lile","27":"tag-streaming-gratuit-la-bataille-la-malediction-de-lile-tfx","28":"tag-streaming-la-bataille-la-malediction-de-lile","29":"tag-streaming-la-bataille-la-malediction-de-lile-tfx","30":"tag-television","31":"tag-tv","32":"tag-video-la-bataille-la-malediction-de-lile","33":"tag-video-la-bataille-la-malediction-de-lile-tfx"},"share_on_mastodon":{"url":"","error":"Validation failed: Text character limit of 500 exceeded"},"_links":{"self":[{"href":"https:\/\/www.europesays.com\/fr\/wp-json\/wp\/v2\/posts\/587852","targetHints":{"allow":["GET"]}}],"collection":[{"href":"https:\/\/www.europesays.com\/fr\/wp-json\/wp\/v2\/posts"}],"about":[{"href":"https:\/\/www.europesays.com\/fr\/wp-json\/wp\/v2\/types\/post"}],"author":[{"embeddable":true,"href":"https:\/\/www.europesays.com\/fr\/wp-json\/wp\/v2\/users\/2"}],"replies":[{"embeddable":true,"href":"https:\/\/www.europesays.com\/fr\/wp-json\/wp\/v2\/comments?post=587852"}],"version-history":[{"count":0,"href":"https:\/\/www.europesays.com\/fr\/wp-json\/wp\/v2\/posts\/587852\/revisions"}],"wp:featuredmedia":[{"embeddable":true,"href":"https:\/\/www.europesays.com\/fr\/wp-json\/wp\/v2\/media\/587853"}],"wp:attachment":[{"href":"https:\/\/www.europesays.com\/fr\/wp-json\/wp\/v2\/media?parent=587852"}],"wp:term":[{"taxonomy":"category","embeddable":true,"href":"https:\/\/www.europesays.com\/fr\/wp-json\/wp\/v2\/categories?post=587852"},{"taxonomy":"post_tag","embeddable":true,"href":"https:\/\/www.europesays.com\/fr\/wp-json\/wp\/v2\/tags?post=587852"}],"curies":[{"name":"wp","href":"https:\/\/api.w.org\/{rel}","templated":true}]}}