{"id":587854,"date":"2025-12-09T05:36:16","date_gmt":"2025-12-09T05:36:16","guid":{"rendered":"https:\/\/www.europesays.com\/fr\/587854\/"},"modified":"2025-12-09T05:36:16","modified_gmt":"2025-12-09T05:36:16","slug":"pour-son-premier-concert-a-forest-national-helena-cree-la-surprise-en-invitant-pierre-de-maere-video","status":"publish","type":"post","link":"https:\/\/www.europesays.com\/fr\/587854\/","title":{"rendered":"Pour son premier concert \u00e0 Forest National, H\u00e9l\u00e9na cr\u00e9e la surprise en invitant Pierre de Maere (vid\u00e9o)"},"content":{"rendered":"<p class=\"ap-StoryElement ap-StoryElement--mb ap-StoryText\">C&rsquo;est une surprise de taille que H\u00e9l\u00e9na a r\u00e9serv\u00e9e \u00e0 ses fans ce 8\u00a0d\u00e9cembre. Les petits chanceux qui ont pu assister \u00e0 son premier concert \u00e0 Forest National ont eu la chance d&rsquo;assister \u00e0 un duo inattendu. De fait, la chanteuse a convi\u00e9 Pierre de Maere sur sc\u00e8ne.<\/p>\n<p class=\"ap-StoryElement ap-StoryElement--mb ap-StoryText\">Ensemble, les deux artistes ont repris le titre \u00ab\u00a0These Walls\u00a0\u00bb, chanson que le jeune chanteur belge interpr\u00e8te normalement avec Dua Lipa. Une reprise qui a sembl\u00e9 convaincre le public au vu des r\u00e9actions dans la salle.<\/p>\n","protected":false},"excerpt":{"rendered":"C&rsquo;est une surprise de taille que H\u00e9l\u00e9na a r\u00e9serv\u00e9e \u00e0 ses fans ce 8\u00a0d\u00e9cembre. Les petits chanceux qui&hellip;\n","protected":false},"author":2,"featured_media":587855,"comment_status":"","ping_status":"","sticky":false,"template":"","format":"standard","meta":{"footnotes":""},"categories":[1355],"tags":[15207,6629,650,58,59,3057,6631,1011,27,1227,1361,873],"class_list":{"0":"post-587854","1":"post","2":"type-post","3":"status-publish","4":"format-standard","5":"has-post-thumbnail","7":"category-musique","8":"tag-art-and-culture","9":"tag-cannes-film-festival","10":"tag-cinema","11":"tag-divertissement","12":"tag-entertainment","13":"tag-essential","14":"tag-film-festival","15":"tag-fr","16":"tag-france","17":"tag-horizontal","18":"tag-music","19":"tag-musique"},"share_on_mastodon":{"url":"https:\/\/pubeurope.com\/@fr\/115687993645061261","error":""},"_links":{"self":[{"href":"https:\/\/www.europesays.com\/fr\/wp-json\/wp\/v2\/posts\/587854","targetHints":{"allow":["GET"]}}],"collection":[{"href":"https:\/\/www.europesays.com\/fr\/wp-json\/wp\/v2\/posts"}],"about":[{"href":"https:\/\/www.europesays.com\/fr\/wp-json\/wp\/v2\/types\/post"}],"author":[{"embeddable":true,"href":"https:\/\/www.europesays.com\/fr\/wp-json\/wp\/v2\/users\/2"}],"replies":[{"embeddable":true,"href":"https:\/\/www.europesays.com\/fr\/wp-json\/wp\/v2\/comments?post=587854"}],"version-history":[{"count":0,"href":"https:\/\/www.europesays.com\/fr\/wp-json\/wp\/v2\/posts\/587854\/revisions"}],"wp:featuredmedia":[{"embeddable":true,"href":"https:\/\/www.europesays.com\/fr\/wp-json\/wp\/v2\/media\/587855"}],"wp:attachment":[{"href":"https:\/\/www.europesays.com\/fr\/wp-json\/wp\/v2\/media?parent=587854"}],"wp:term":[{"taxonomy":"category","embeddable":true,"href":"https:\/\/www.europesays.com\/fr\/wp-json\/wp\/v2\/categories?post=587854"},{"taxonomy":"post_tag","embeddable":true,"href":"https:\/\/www.europesays.com\/fr\/wp-json\/wp\/v2\/tags?post=587854"}],"curies":[{"name":"wp","href":"https:\/\/api.w.org\/{rel}","templated":true}]}}