{"id":587868,"date":"2025-12-09T05:43:17","date_gmt":"2025-12-09T05:43:17","guid":{"rendered":"https:\/\/www.europesays.com\/fr\/587868\/"},"modified":"2025-12-09T05:43:17","modified_gmt":"2025-12-09T05:43:17","slug":"pour-contrer-les-operations-sous-marines-russes-londres-mise-sur-le-programme-atlantic-bastion-zone-militaire","status":"publish","type":"post","link":"https:\/\/www.europesays.com\/fr\/587868\/","title":{"rendered":"Pour contrer les op\u00e9rations sous-marines russes, Londres mise sur le programme &quot;Atlantic Bastion&quot; &#8211; Zone Militaire"},"content":{"rendered":"<ol>\n<li><a href=\"https:\/\/news.google.com\/rss\/articles\/CBMiygFBVV95cUxOdXlsSDNQTkJSMEllU1Zaa1J2WllkaXVtWEt1d29ZcjFHTmdBWmFvRGhMZHVTODVKYUdwQjdyX2JDYWZLdzBSMHVIeWRJaUxONk9xNXRoWHhDRFRFQTBGa0Qtakg3eXVyQ1F0RHNkUXl3ZGdtNjFTMzQzdHVuV0hhRVpFMDFYN01WMUs1QzhPcDBEaWRTNXZ0ekUtd3ZucHdvZjYxMlZ3UjJYcUtJY2pHbHBjNDc1VUZjZ1VDWFZmaENSTlpCd09VMGtB?oc=5\" target=\"_blank\" rel=\"noopener\">Pour contrer les op\u00e9rations sous-marines russes, Londres mise sur le programme \u00ab\u00a0Atlantic Bastion\u00a0\u00bb<\/a>&nbsp;&nbsp;Zone Militaire<\/li>\n<li><a href=\"https:\/\/news.google.com\/rss\/articles\/CBMivgJBVV95cUxNM2xKSTRVWmk5eXlma1dhQnd4Z3FhT2s5eEJ4eWhfRHBnRk93S21HUHJiTk40TkRGTFZ5Y0QyOVJmY1FMSnpidm5sZmtFQUI2c0lVdGpScHRPanZzanQ2R3VRX0NjdFRSeUx5dGdGWm9fZXc2VWVOYjBEbEtKWVAtS2dwdDRUOHY0bkJJLWd1V3BuSFJlMkJWT3dDTFRlTjBDZlUwTE96RFF2SnVUVWFGRFgzZTdIMlkyY0NYMjd2d1lpLW50eUdaOG02UVYyZEJTNU41bXJxM19QcVQ1eW54VTN6N1NudWlVZDRQcEFXelhGSVNTaTlWMUdueENfeVY5cGRraFJyeEVMeXV4WG8yUkQzSnZBMlhFY0JPNGFKMmJyZF83OGZsWDVTVzVwVGI0QTJDOF9YNDMxZjlUOVE?oc=5\" target=\"_blank\" rel=\"noopener\">Guerre en Ukraine : une id\u00e9e r\u00e9volutionnaire pour \u00ab traquer les sous-marins russes \u00bb, c\u2019est quoi le projet britannique Atlantic Bastion<\/a>&nbsp;&nbsp;Le Parisien<\/li>\n<li><a href=\"https:\/\/news.google.com\/rss\/articles\/CBMisAFBVV95cUxOc3NjLXdndS1UZURncF9sUXZXYk5BRE9WWHd3dlJFMnFkU0ZVTk1vUkFNN3V1eHJidXo5ZFF2MHpYWDhmdWM0WUFxMm1hX1VPb1FleE04QTRMSjh3aXFXd0x4VHhPczRJMHFIMUt6NU5ZQ3k2ZzYwT0JnckdHTXF0RzFOd19DT2lYNTVGUkNab1IxOGlqVmRST3ZYZXZ2aUJvdXA1MUZqTFUwZVJlMkg4UA?oc=5\" target=\"_blank\" rel=\"noopener\">La Norv\u00e8ge confirme sa volont\u00e9 de conserver une flotte \u00e0 six sous-marins<\/a>&nbsp;&nbsp;Mer et Marine<\/li>\n<li><a href=\"https:\/\/news.google.com\/rss\/articles\/CBMiqAJBVV95cUxNbzVWR3F6YmttSmF4dFR4cm9XNmtCekZtbGptZnNRVFpWRzFiWkptVm1QNHlISUFQaWw2UVVNUnlCeGFraFBraW8xRDlfTENxcWdtS1FVcXJkRnRVc2FBV09FMXBVZXYzaHhnbVlubmpfRkdSeHZkUWlvZXJDZ2xBemFodTFwdDNCVHFaLVA1RnlyaFVYYklibEU1eVlsa3JSa2R3ODVLT2dtcFpzLWFWM1RvVTh1dHB5d2VCdjg5UXIyOHotWlQxOHNNYlBQQXQzTGxmSkdlMWFqSEg2NUR5UXR0bHA5dkZXZ19oM0hadWlLSzRTRTJRTUtDSHh3WC1LQVh6cFR4SE9SdjYxV3dGNkJKMFNrMVJFc3A3bUdtZzhkZ0U4Y19BNA?oc=5\" target=\"_blank\" rel=\"noopener\">Fr\u00e9gates, drones, a\u00e9ronefs\u2026 Comment Londres va intensifier la traque des sous-marins russes en Atlantique nord<\/a>&nbsp;&nbsp;Le marin<\/li>\n<li><a href=\"https:\/\/news.google.com\/rss\/articles\/CBMi_AFBVV95cUxQdGpjblB4UkhUajAyekJfUU41RkZKTnJWLWZUUmx1M3ZOV3VaMFZHWHA3Q3RXWmphaV9zWlc4X09wZlVUVHQzNHBobmxqcXVydlZLRlpjeVVfLWUybUhlckUtMlNiUTQ3QlhlUjB3N3ViWkJFZ1hIUjlfdElVMkotVWVOZnJEelBSQUM4TUNldm1oelRENk5FZUw0aXhhejBOSGRGUU5ra3JwWkkwY194b3Zpb0E0Q0xCdThiSnI0R0NwcVNjX1JZU1hDN25VLVZhSF94X1o3Z3JXeUpkZ1JjN1drWTk5NDlTMER4bVJKMF8welNtVktMQS1HOUQ?oc=5\" target=\"_blank\" rel=\"noopener\">La Norv\u00e8ge commande des sous-marins et missiles longue port\u00e9e face \u00e0 la \u00abhausse de l\u2019activit\u00e9 des forces russes\u00bb dans la r\u00e9gion<\/a>&nbsp;&nbsp;Le Figaro<\/li>\n<\/ol>\n","protected":false},"excerpt":{"rendered":"Pour contrer les op\u00e9rations sous-marines russes, Londres mise sur le programme \u00ab\u00a0Atlantic Bastion\u00a0\u00bb&nbsp;&nbsp;Zone Militaire Guerre en Ukraine :&hellip;\n","protected":false},"author":2,"featured_media":587869,"comment_status":"","ping_status":"","sticky":false,"template":"","format":"standard","meta":{"footnotes":""},"categories":[5],"tags":[11,70094,70095,70096,49256,1011,27,70097,14,70098,12,70099,27937,473,132,28],"class_list":{"0":"post-587868","1":"post","2":"type-post","3":"status-publish","4":"format-standard","5":"has-post-thumbnail","7":"category-international","8":"tag-actualites","9":"tag-anduril-uk","10":"tag-atlantic-bastion","11":"tag-atlantique-nord","12":"tag-bae-systems","13":"tag-fr","14":"tag-france","15":"tag-helsing","16":"tag-international","17":"tag-lutte-asm","18":"tag-news","19":"tag-operations-sous-marines","20":"tag-royal-navy","21":"tag-royaume-uni","22":"tag-russie","23":"tag-world"},"share_on_mastodon":{"url":"https:\/\/pubeurope.com\/@fr\/115688021574762622","error":""},"_links":{"self":[{"href":"https:\/\/www.europesays.com\/fr\/wp-json\/wp\/v2\/posts\/587868","targetHints":{"allow":["GET"]}}],"collection":[{"href":"https:\/\/www.europesays.com\/fr\/wp-json\/wp\/v2\/posts"}],"about":[{"href":"https:\/\/www.europesays.com\/fr\/wp-json\/wp\/v2\/types\/post"}],"author":[{"embeddable":true,"href":"https:\/\/www.europesays.com\/fr\/wp-json\/wp\/v2\/users\/2"}],"replies":[{"embeddable":true,"href":"https:\/\/www.europesays.com\/fr\/wp-json\/wp\/v2\/comments?post=587868"}],"version-history":[{"count":0,"href":"https:\/\/www.europesays.com\/fr\/wp-json\/wp\/v2\/posts\/587868\/revisions"}],"wp:featuredmedia":[{"embeddable":true,"href":"https:\/\/www.europesays.com\/fr\/wp-json\/wp\/v2\/media\/587869"}],"wp:attachment":[{"href":"https:\/\/www.europesays.com\/fr\/wp-json\/wp\/v2\/media?parent=587868"}],"wp:term":[{"taxonomy":"category","embeddable":true,"href":"https:\/\/www.europesays.com\/fr\/wp-json\/wp\/v2\/categories?post=587868"},{"taxonomy":"post_tag","embeddable":true,"href":"https:\/\/www.europesays.com\/fr\/wp-json\/wp\/v2\/tags?post=587868"}],"curies":[{"name":"wp","href":"https:\/\/api.w.org\/{rel}","templated":true}]}}