{"id":587872,"date":"2025-12-09T05:45:33","date_gmt":"2025-12-09T05:45:33","guid":{"rendered":"https:\/\/www.europesays.com\/fr\/587872\/"},"modified":"2025-12-09T05:45:33","modified_gmt":"2025-12-09T05:45:33","slug":"le-japon-touche-par-un-seisme-de-magnitude-76-lalerte-au-tsunami-declenchee","status":"publish","type":"post","link":"https:\/\/www.europesays.com\/fr\/587872\/","title":{"rendered":"Le Japon touch\u00e9 par un s\u00e9isme de magnitude 7,6, l&rsquo;alerte au tsunami d\u00e9clench\u00e9e"},"content":{"rendered":"<p class=\"article-p mdl\">Alerte au tsunami au Japon. La vigilance a \u00e9t\u00e9 d\u00e9clench\u00e9e ce lundi 8 d\u00e9cembre apr\u00e8s un s\u00e9isme de magnitude 7,6 recens\u00e9 au large des c\u00f4tes japonaises. L&rsquo;Institut am\u00e9ricain de g\u00e9ophysique (<a class=\"link\" href=\"https:\/\/earthquake.usgs.gov\/earthquakes\/map\/?currentFeatureId=us6000rtdt&amp;extent=22.55315,-253.125&amp;extent=51.94426,-182.8125\" target=\"_blank\" rel=\"noopener\">USGS<\/a>) a affirm\u00e9 que le tremblement de terre de magnitude 7,6 s&rsquo;est produit \u00e0 14H15 GMT au large de Misawa, sur la c\u00f4te Pacifique du Japon, \u00e0 une profondeur de 53 kilom\u00e8tres.\u00a0<\/p>\n<p class=\"article-p mdl\">L&rsquo;agence m\u00e9t\u00e9orologique japonaise (JMA) a aussit\u00f4t \u00e9mis une alerte au tsunami, et redoutait des vagues pouvant atteindre jusqu&rsquo;\u00e0 trois m\u00e8tres de hauteur. Une premi\u00e8re vague de 40 cm a d\u00e9ferl\u00e9 sur un port dans la r\u00e9gion septentrionale d&rsquo;Aomori, o\u00f9 se situe Misawa, \u00e0 23h43 locales (14h43 GMT), a-t-elle pr\u00e9cis\u00e9. \u00c0 23h50, une autre vague de 40 cm a atteint la ville d&rsquo;Urakawa, dans la r\u00e9gion d&rsquo;Hokkaido.<\/p>\n<p class=\"article-p mdl\">Plusieurs personnes ont \u00e9t\u00e9 bless\u00e9es, a rapport\u00e9 la t\u00e9l\u00e9vision publique NHK en citant un employ\u00e9 d&rsquo;h\u00f4tel \u00e0 Hachinohe, pr\u00e8s d&rsquo;Aomori. Des images film\u00e9es en direct montrent des morceaux de verre bris\u00e9s \u00e9parpill\u00e9s sur les routes.\u00a0<\/p>\n<p>            Une secousse horizontale d&rsquo;environ 30 secondes<\/p>\n<p class=\"article-p mdl\">Le s\u00e9isme a \u00e9galement \u00e9t\u00e9 ressenti dans la grande ville de Sapporo, dans le nord de l&rsquo;archipel nippon, o\u00f9 les alarmes des t\u00e9l\u00e9phones portables des habitants ont retenti. Un journaliste de la NHK \u00e0 Hokkaido a d\u00e9crit une secousse horizontale d&rsquo;environ 30 secondes l&rsquo;ayant emp\u00each\u00e9 de rester debout, au moment du s\u00e9isme.\u00a0<\/p>\n<blockquote class=\"twitter-tweet\">\n<p lang=\"en\" dir=\"ltr\">Breaking: a massive earthquake just hit northern Japan. The news is reporting that it was 6+ on the Japanese Intensity Scale. It was so strong that I could feel the shaking at my home near Tokyo. <a href=\"https:\/\/t.co\/XEvLjiUnCS\">pic.twitter.com\/XEvLjiUnCS<\/a><\/p>\n<p>\u2014 Jeffrey J. Hall \ud83c\uddef\ud83c\uddf5\ud83c\uddfa\ud83c\uddf8 (@mrjeffu) <a href=\"https:\/\/twitter.com\/mrjeffu\/status\/1998035163968852352?ref_src=twsrc%5Etfw\" target=\"_blank\" rel=\"noopener\">December 8, 2025<\/a><\/p><\/blockquote>\n<p class=\"article-p mdl\">La r\u00e9gion est toujours traumatis\u00e9e par le terrible s\u00e9isme de magnitude 9,0 de 2011, qui avait d\u00e9clench\u00e9 un tsunami, \u00e0 l&rsquo;origine de quelque 18.500 morts ou disparus. La catastrophe avait \u00e9galement entra\u00een\u00e9 la fusion de trois des r\u00e9acteurs de la centrale nucl\u00e9aire de\u00a0<a class=\"link\" href=\"https:\/\/www.rtl.fr\/actu\/international\/fukushima-l-un-des-endroits-les-plus-effrayants-que-j-ai-vus-revele-francois-xavier-menage-7900233733\" target=\"_blank\" rel=\"noopener\">Fukushima<\/a>, pire d\u00e9sastre de ce type depuis Tchernobyl.\u00a0<\/p>\n<p class=\"article-p mdl\">Le Japon se situe \u00e0 la jonction de quatre plaques tectoniques, sur ladite \u00ab\u00a0Ceinture de feu\u00a0\u00bb du Pacifique. Le pays pr\u00e9sente l&rsquo;une des plus fortes activit\u00e9s sismiques au monde. L&rsquo;archipel de 125 millions d&rsquo;habitants enregistre environ 1.500 tremblements de terre par an. La plupart sont faibles, m\u00eame si les d\u00e9g\u00e2ts peuvent varier en fonction de leur localisation et de leur profondeur.\u00a0<\/p>\n<p>    La r\u00e9daction vous recommande<\/p>\n<p class=\"s-newsletter__title\">\n                L\u2019actualit\u00e9 par la r\u00e9daction de RTL dans votre bo\u00eete mail.\n            <\/p>\n<p class=\"s-newsletter__subtitle\">\n                Gr\u00e2ce \u00e0 votre compte RTL abonnez-vous \u00e0 la newsletter RTL info pour suivre toute l&rsquo;actualit\u00e9 au quotidien\n            <\/p>\n<p>\n                                    Lire la suite\n                                <\/p>\n<p>                            <script async src=\"https:\/\/platform.twitter.com\/widgets.js\" charset=\"utf-8\"><\/script><\/p>\n","protected":false},"excerpt":{"rendered":"Alerte au tsunami au Japon. La vigilance a \u00e9t\u00e9 d\u00e9clench\u00e9e ce lundi 8 d\u00e9cembre apr\u00e8s un s\u00e9isme de&hellip;\n","protected":false},"author":2,"featured_media":587873,"comment_status":"","ping_status":"","sticky":false,"template":"","format":"standard","meta":{"footnotes":""},"categories":[2],"tags":[11,107,1011,27,2070,12,7965,70100],"class_list":{"0":"post-587872","1":"post","2":"type-post","3":"status-publish","4":"format-standard","5":"has-post-thumbnail","7":"category-actualites","8":"tag-actualites","9":"tag-fil-info","10":"tag-fr","11":"tag-france","12":"tag-japon","13":"tag-news","14":"tag-seisme","15":"tag-seisme-au-japon"},"share_on_mastodon":{"url":"https:\/\/pubeurope.com\/@fr\/115688028430275229","error":""},"_links":{"self":[{"href":"https:\/\/www.europesays.com\/fr\/wp-json\/wp\/v2\/posts\/587872","targetHints":{"allow":["GET"]}}],"collection":[{"href":"https:\/\/www.europesays.com\/fr\/wp-json\/wp\/v2\/posts"}],"about":[{"href":"https:\/\/www.europesays.com\/fr\/wp-json\/wp\/v2\/types\/post"}],"author":[{"embeddable":true,"href":"https:\/\/www.europesays.com\/fr\/wp-json\/wp\/v2\/users\/2"}],"replies":[{"embeddable":true,"href":"https:\/\/www.europesays.com\/fr\/wp-json\/wp\/v2\/comments?post=587872"}],"version-history":[{"count":0,"href":"https:\/\/www.europesays.com\/fr\/wp-json\/wp\/v2\/posts\/587872\/revisions"}],"wp:featuredmedia":[{"embeddable":true,"href":"https:\/\/www.europesays.com\/fr\/wp-json\/wp\/v2\/media\/587873"}],"wp:attachment":[{"href":"https:\/\/www.europesays.com\/fr\/wp-json\/wp\/v2\/media?parent=587872"}],"wp:term":[{"taxonomy":"category","embeddable":true,"href":"https:\/\/www.europesays.com\/fr\/wp-json\/wp\/v2\/categories?post=587872"},{"taxonomy":"post_tag","embeddable":true,"href":"https:\/\/www.europesays.com\/fr\/wp-json\/wp\/v2\/tags?post=587872"}],"curies":[{"name":"wp","href":"https:\/\/api.w.org\/{rel}","templated":true}]}}