{"id":587874,"date":"2025-12-09T05:48:18","date_gmt":"2025-12-09T05:48:18","guid":{"rendered":"https:\/\/www.europesays.com\/fr\/587874\/"},"modified":"2025-12-09T05:48:18","modified_gmt":"2025-12-09T05:48:18","slug":"un-collectif-de-running-reserve-aux-filles","status":"publish","type":"post","link":"https:\/\/www.europesays.com\/fr\/587874\/","title":{"rendered":"un collectif de running r\u00e9serv\u00e9 aux filles"},"content":{"rendered":"<p>Il pleut, il fait noir et il fait froid ce mercredi soir. Pourtant, un petit groupe de joggeuses est motiv\u00e9 comme jamais, \u00e0 courir le long d\u2019un stade st\u00e9phanois dont la localisation reste confidentielle.<\/p>\n<p>Le Run des Chipies, un club de course \u00e0 pied, cr\u00e9e par Sandy et Cheyna, se r\u00e9unit une fois par semaine. La particularit\u00e9\u00a0? Elles veulent courir exclusivement entre filles. Les sorties sont gratuites et le rendez-vous est fix\u00e9 le jour m\u00eame avec les participantes,&#8230;<\/p>\n","protected":false},"excerpt":{"rendered":"Il pleut, il fait noir et il fait froid ce mercredi soir. Pourtant, un petit groupe de joggeuses&hellip;\n","protected":false},"author":2,"featured_media":587875,"comment_status":"","ping_status":"","sticky":false,"template":"","format":"standard","meta":{"footnotes":""},"categories":[9653],"tags":[1111,11,2430,1687,7539,1777,674,107,1011,27,3367,12,25,7135,4001,7538,4604,104,517],"class_list":{"0":"post-587874","1":"post","2":"type-post","3":"status-publish","4":"format-standard","5":"has-post-thumbnail","7":"category-saint-etienne","8":"tag-actu","9":"tag-actualites","10":"tag-auvergne-rhone-alpes","11":"tag-culture-loisirs","12":"tag-edition-loire-sud","13":"tag-eu","14":"tag-europe","15":"tag-fil-info","16":"tag-fr","17":"tag-france","18":"tag-loire","19":"tag-news","20":"tag-republique-francaise","21":"tag-running","22":"tag-saint-etienne","23":"tag-saint-etienne-ville","24":"tag-selection-abonne","25":"tag-societe","26":"tag-sport"},"share_on_mastodon":{"url":"https:\/\/pubeurope.com\/@fr\/115688040200270955","error":""},"_links":{"self":[{"href":"https:\/\/www.europesays.com\/fr\/wp-json\/wp\/v2\/posts\/587874","targetHints":{"allow":["GET"]}}],"collection":[{"href":"https:\/\/www.europesays.com\/fr\/wp-json\/wp\/v2\/posts"}],"about":[{"href":"https:\/\/www.europesays.com\/fr\/wp-json\/wp\/v2\/types\/post"}],"author":[{"embeddable":true,"href":"https:\/\/www.europesays.com\/fr\/wp-json\/wp\/v2\/users\/2"}],"replies":[{"embeddable":true,"href":"https:\/\/www.europesays.com\/fr\/wp-json\/wp\/v2\/comments?post=587874"}],"version-history":[{"count":0,"href":"https:\/\/www.europesays.com\/fr\/wp-json\/wp\/v2\/posts\/587874\/revisions"}],"wp:featuredmedia":[{"embeddable":true,"href":"https:\/\/www.europesays.com\/fr\/wp-json\/wp\/v2\/media\/587875"}],"wp:attachment":[{"href":"https:\/\/www.europesays.com\/fr\/wp-json\/wp\/v2\/media?parent=587874"}],"wp:term":[{"taxonomy":"category","embeddable":true,"href":"https:\/\/www.europesays.com\/fr\/wp-json\/wp\/v2\/categories?post=587874"},{"taxonomy":"post_tag","embeddable":true,"href":"https:\/\/www.europesays.com\/fr\/wp-json\/wp\/v2\/tags?post=587874"}],"curies":[{"name":"wp","href":"https:\/\/api.w.org\/{rel}","templated":true}]}}