{"id":587876,"date":"2025-12-09T05:50:56","date_gmt":"2025-12-09T05:50:56","guid":{"rendered":"https:\/\/www.europesays.com\/fr\/587876\/"},"modified":"2025-12-09T05:50:56","modified_gmt":"2025-12-09T05:50:56","slug":"gims-double-la-mise","status":"publish","type":"post","link":"https:\/\/www.europesays.com\/fr\/587876\/","title":{"rendered":"Gims double la mise !"},"content":{"rendered":"\n<p data-start=\"68\" data-end=\"408\"><strong>Gims <\/strong>ne se produira pas une, mais bien <strong data-start=\"107\" data-end=\"120\">deux fois<\/strong> au Nancy Open Air lors de l\u2019\u00e9dition 2026. On savait d\u00e9j\u00e0 que le chanteur serait en concert en Meurthe-et-Moselle le <strong data-start=\"237\" data-end=\"264\">samedi 20 juin prochain<\/strong>. Devant le succ\u00e8s de cette premi\u00e8re date, les \u00e9quipes du festival ont d\u00e9cid\u00e9 d\u2019en ajouter une seconde, programm\u00e9e le <strong data-start=\"382\" data-end=\"407\">vendredi 19 juin 2026<\/strong>.<\/p>\n<p data-start=\"410\" data-end=\"514\">Deux soir\u00e9es de concert qui promettent une ambiance exceptionnelle, ainsi qu\u2019un record de fr\u00e9quentation.<\/p>\n<p data-start=\"516\" data-end=\"683\">La pr\u00e9vente aura lieu <strong data-start=\"538\" data-end=\"583\">exclusivement sur le site <a class=\"decorated-link\" href=\"http:\/\/www.label-ln.fr\" rel=\"noopener\" target=\"_new\" data-start=\"566\" data-end=\"581\">www.label-ln.fr<\/a><\/strong>, le <strong data-start=\"588\" data-end=\"625\">jeudi 4 d\u00e9cembre \u00e0 partir de 10 h<\/strong>.<br data-start=\"626\" data-end=\"629\"\/>L\u2019ouverture g\u00e9n\u00e9rale se fera le <strong data-start=\"661\" data-end=\"682\">5 d\u00e9cembre \u00e0 10 h<\/strong>.<\/p>\n","protected":false},"excerpt":{"rendered":"Gims ne se produira pas une, mais bien deux fois au Nancy Open Air lors de l\u2019\u00e9dition 2026.&hellip;\n","protected":false},"author":2,"featured_media":587877,"comment_status":"","ping_status":"","sticky":false,"template":"","format":"standard","meta":{"footnotes":""},"categories":[9635],"tags":[5734,1111,11,1697,4070,1777,674,1011,27,13444,775,3687,776,1702,60268,12,9666,25],"class_list":{"0":"post-587876","1":"post","2":"type-post","3":"status-publish","4":"format-standard","5":"has-post-thumbnail","7":"category-nancy","8":"tag-5734","9":"tag-actu","10":"tag-actualites","11":"tag-concert","12":"tag-deux","13":"tag-eu","14":"tag-europe","15":"tag-fr","16":"tag-france","17":"tag-gims","18":"tag-grand-est","19":"tag-juin","20":"tag-lorraine","21":"tag-nancy","22":"tag-nancy-open-air","23":"tag-news","24":"tag-plaisir","25":"tag-republique-francaise"},"share_on_mastodon":{"url":"https:\/\/pubeurope.com\/@fr\/115688052112708149","error":""},"_links":{"self":[{"href":"https:\/\/www.europesays.com\/fr\/wp-json\/wp\/v2\/posts\/587876","targetHints":{"allow":["GET"]}}],"collection":[{"href":"https:\/\/www.europesays.com\/fr\/wp-json\/wp\/v2\/posts"}],"about":[{"href":"https:\/\/www.europesays.com\/fr\/wp-json\/wp\/v2\/types\/post"}],"author":[{"embeddable":true,"href":"https:\/\/www.europesays.com\/fr\/wp-json\/wp\/v2\/users\/2"}],"replies":[{"embeddable":true,"href":"https:\/\/www.europesays.com\/fr\/wp-json\/wp\/v2\/comments?post=587876"}],"version-history":[{"count":0,"href":"https:\/\/www.europesays.com\/fr\/wp-json\/wp\/v2\/posts\/587876\/revisions"}],"wp:featuredmedia":[{"embeddable":true,"href":"https:\/\/www.europesays.com\/fr\/wp-json\/wp\/v2\/media\/587877"}],"wp:attachment":[{"href":"https:\/\/www.europesays.com\/fr\/wp-json\/wp\/v2\/media?parent=587876"}],"wp:term":[{"taxonomy":"category","embeddable":true,"href":"https:\/\/www.europesays.com\/fr\/wp-json\/wp\/v2\/categories?post=587876"},{"taxonomy":"post_tag","embeddable":true,"href":"https:\/\/www.europesays.com\/fr\/wp-json\/wp\/v2\/tags?post=587876"}],"curies":[{"name":"wp","href":"https:\/\/api.w.org\/{rel}","templated":true}]}}