{"id":587888,"date":"2025-12-09T06:00:18","date_gmt":"2025-12-09T06:00:18","guid":{"rendered":"https:\/\/www.europesays.com\/fr\/587888\/"},"modified":"2025-12-09T06:00:18","modified_gmt":"2025-12-09T06:00:18","slug":"entreprises-deux-start-up-primees-par-la-french-tech-alpes-un-nouveau-partenariat-pour-le-village-by-ca-grenoble-lactu-en-bref","status":"publish","type":"post","link":"https:\/\/www.europesays.com\/fr\/587888\/","title":{"rendered":"Entreprises. Deux\u00a0start-up prim\u00e9es par la French Tech Alpes,\u00a0un nouveau partenariat pour le Village by CA Grenoble&#8230; : l&rsquo;actu en bref"},"content":{"rendered":"<p>  &#13;<br \/>\n      <a href=\"https:\/\/cdn-s-www.ledauphine.com\/images\/25e29d27-2395-4674-a9b9-626095ede78b\/NW_raw\/title-1765212215.jpg\" title=\"\" class=\"chocolat-image GA-tracking\" data-ga_type=\"click\" data-ga_category=\"D\u00e9tail\" data-ga_action=\"zoomer\" data-ga_label=\"agrandir image\" target=\"_blank\" rel=\"noopener\">&#13;<br \/>\n          <img loading=\"lazy\" decoding=\"async\" src=\"https:\/\/www.europesays.com\/fr\/wp-content\/uploads\/2025\/12\/title-1765212215.jpg\" data-mobile=\"NW_listC_M|1765212215\" data-base=\"NW_listC|1765212215\" alt=\"\"\/>&#13;<br \/>\n      <\/a>&#13;<\/p>\n<p>  Is\u00e8re \/ Haute-Savoie : deux entreprises prim\u00e9es par la French Tech Alpes Grenoble<\/p>\n<p class=\"xsm-p\">\u00c0 l\u2019occasion de la <a href=\"https:\/\/www.ledauphine.com\/economie\/2025\/11\/24\/la-french-tech-alpes-grenoble-place-l-humain-au-coeur-de-la-grande-ascension\" target=\"_blank\" rel=\"noopener\">soir\u00e9e de la Grande Ascension 2025<\/a>, l\u2019\u00e9v\u00e9nement annuel de <a href=\"https:\/\/www.ledauphine.com\/videos\/la-french-tech-devoile-son-3e-panorama-des-start-up-alpines-xxsmlmu\" target=\"_blank\" rel=\"noopener\">la French Tech Alpes Grenoble<\/a> qui f\u00eatait pour l\u2019occasion ses 10 ans, deux entreprises ont \u00e9t\u00e9 r\u00e9compens\u00e9es.<\/p>\n<p>Le\u00a0Troph\u00e9e Souverainet\u00e9 &amp; Frugalit\u00e9\u00a0a \u00e9t\u00e9 remis \u00e0 iiiDATA, qui con\u00e7oit des solutions de data et d\u2019intelligence artificielle souveraines et open source, permettant aux entreprises et collectivit\u00e9s de garder le contr\u00f4le de leurs donn\u00e9es.<\/p>\n<p>Le\u00a0Troph\u00e9e Audace a \u00e9t\u00e9 d\u00e9cern\u00e9 \u00e0\u00a0Dahuts, qui transforme le recyclage du bois en mobilier durable, combinant artisanat local, \u00e9conomie circulaire et insertion sociale.<\/p>\n","protected":false},"excerpt":{"rendered":"&#13; &#13; &#13; &#13; Is\u00e8re \/ Haute-Savoie : deux entreprises prim\u00e9es par la French Tech Alpes Grenoble \u00c0&hellip;\n","protected":false},"author":2,"featured_media":587889,"comment_status":"","ping_status":"","sticky":false,"template":"","format":"standard","meta":{"footnotes":""},"categories":[9566],"tags":[1111,11,2738,4646,2430,9810,2730,33,1777,674,1011,27,2731,4638,693,5015,108,3367,12,25,2429,5508,216],"class_list":{"0":"post-587888","1":"post","2":"type-post","3":"status-publish","4":"format-standard","5":"has-post-thumbnail","7":"category-grenoble","8":"tag-actu","9":"tag-actualites","10":"tag-ain","11":"tag-ardeche","12":"tag-auvergne-rhone-alpes","13":"tag-direct-entreprises","14":"tag-drome","15":"tag-economie","16":"tag-eu","17":"tag-europe","18":"tag-fr","19":"tag-france","20":"tag-grenoble","21":"tag-haute-savoie","22":"tag-industrie","23":"tag-innovation-et-start-up","24":"tag-isere","25":"tag-loire","26":"tag-news","27":"tag-republique-francaise","28":"tag-rhone","29":"tag-savoie","30":"tag-vie-des-entreprises"},"share_on_mastodon":{"url":"https:\/\/pubeurope.com\/@fr\/115688088229762431","error":""},"_links":{"self":[{"href":"https:\/\/www.europesays.com\/fr\/wp-json\/wp\/v2\/posts\/587888","targetHints":{"allow":["GET"]}}],"collection":[{"href":"https:\/\/www.europesays.com\/fr\/wp-json\/wp\/v2\/posts"}],"about":[{"href":"https:\/\/www.europesays.com\/fr\/wp-json\/wp\/v2\/types\/post"}],"author":[{"embeddable":true,"href":"https:\/\/www.europesays.com\/fr\/wp-json\/wp\/v2\/users\/2"}],"replies":[{"embeddable":true,"href":"https:\/\/www.europesays.com\/fr\/wp-json\/wp\/v2\/comments?post=587888"}],"version-history":[{"count":0,"href":"https:\/\/www.europesays.com\/fr\/wp-json\/wp\/v2\/posts\/587888\/revisions"}],"wp:featuredmedia":[{"embeddable":true,"href":"https:\/\/www.europesays.com\/fr\/wp-json\/wp\/v2\/media\/587889"}],"wp:attachment":[{"href":"https:\/\/www.europesays.com\/fr\/wp-json\/wp\/v2\/media?parent=587888"}],"wp:term":[{"taxonomy":"category","embeddable":true,"href":"https:\/\/www.europesays.com\/fr\/wp-json\/wp\/v2\/categories?post=587888"},{"taxonomy":"post_tag","embeddable":true,"href":"https:\/\/www.europesays.com\/fr\/wp-json\/wp\/v2\/tags?post=587888"}],"curies":[{"name":"wp","href":"https:\/\/api.w.org\/{rel}","templated":true}]}}