{"id":587890,"date":"2025-12-09T06:01:13","date_gmt":"2025-12-09T06:01:13","guid":{"rendered":"https:\/\/www.europesays.com\/fr\/587890\/"},"modified":"2025-12-09T06:01:13","modified_gmt":"2025-12-09T06:01:13","slug":"immobilier-dentreprise-grenoble-alpes-fait-connaitre-sa-strategie-fonciere-au-simi","status":"publish","type":"post","link":"https:\/\/www.europesays.com\/fr\/587890\/","title":{"rendered":"Immobilier d&rsquo;entreprise. Grenoble Alpes fait conna\u00eetre sa strat\u00e9gie fonci\u00e8re au SIMI"},"content":{"rendered":"<p>Le Salon de l&rsquo;investissement immobilier qui se d\u00e9roule d\u00e8s ce mardi 9 d\u00e9cembre \u00e0 Paris Porte de Versailles va \u00eatre investi par Grenoble Alpes m\u00e9tropole\u00a0qui ainsi vient faire conna\u00eetre\u00a0sa strat\u00e9gie fonci\u00e8re. Son message\u00a0: \u00ab\u00a0venez industrialiser et innover chez nous\u00a0\u00bb. Le territoire et ses acteurs vont ainsi\u00a0pr\u00e9senter l\u2019offre locale en mati\u00e8re d\u2019immobilier d\u2019entreprise et de d\u00e9veloppement \u00e9conomique au service &#8211; assure la m\u00e9tropole &#8211; de l&rsquo;industrie, les start-up et l&rsquo;\u00e9conomie sociale et solidaire.<\/p>\n<p>\u00ab\u00a0Avec seulement 2,5 ha de foncier \u00e9conomique imm\u00e9diatement mobilisables, la M\u00e9tropole fait face \u00e0 une raret\u00e9 croissante du foncier. En coh\u00e9rence avec la loi Z\u00e9ro artificialisation nette et en misant sur la densification, la reconversion et la r\u00e9habilitation plut\u00f4t que sur l\u2019\u00e9talement urbain, elle se donne les capacit\u00e9s de produire ou r\u00e9g\u00e9n\u00e9rer 120 ha de foncier \u00e9conomique d\u2019ici 2040 \u00bb, annonce le communiqu\u00e9 de presse qui rappelle les grandes lignes des r\u00e9alisations pass\u00e9es et futures.\u00a0<\/p>\n<p>Cinq grands projets d&rsquo;am\u00e9nagement ou de requalification urbaine sont au coeur de cette strat\u00e9gie m\u00e9tropolitaine\u00a0:\u00a0 la\u00a0Presqu\u2019\u00eele scientifique sur Grenoble entre le Drac et l&rsquo;Is\u00e8re, les b\u00e2timents BHTFab et BHT4 \u00e0 Grenoble et \u00e0 Saint-Egr\u00e8ve, la m\u00e9tamorphose de GrandAlpe\u00a0et la future\u00a0FabricAlpe (entre Grenoble, Eybens et Echirolles), les b\u00e2timent Diderot Park de Saint-Martin-d&rsquo;H\u00e8res et\u00a0Portes du Vercors (\u00e0 Fontaine).<\/p>\n<p>\u00a0<\/p>\n","protected":false},"excerpt":{"rendered":"Le Salon de l&rsquo;investissement immobilier qui se d\u00e9roule d\u00e8s ce mardi 9 d\u00e9cembre \u00e0 Paris Porte de Versailles&hellip;\n","protected":false},"author":2,"featured_media":587891,"comment_status":"","ping_status":"","sticky":false,"template":"","format":"standard","meta":{"footnotes":""},"categories":[9566],"tags":[1111,11,2430,9810,33,112,1777,674,1011,27,2731,2732,108,12,25,20932],"class_list":{"0":"post-587890","1":"post","2":"type-post","3":"status-publish","4":"format-standard","5":"has-post-thumbnail","7":"category-grenoble","8":"tag-actu","9":"tag-actualites","10":"tag-auvergne-rhone-alpes","11":"tag-direct-entreprises","12":"tag-economie","13":"tag-edition-grenoble-agglomeration","14":"tag-eu","15":"tag-europe","16":"tag-fr","17":"tag-france","18":"tag-grenoble","19":"tag-grenoble-bassin","20":"tag-isere","21":"tag-news","22":"tag-republique-francaise","23":"tag-tech-and-fest"},"share_on_mastodon":{"url":"https:\/\/pubeurope.com\/@fr\/115688091410865077","error":""},"_links":{"self":[{"href":"https:\/\/www.europesays.com\/fr\/wp-json\/wp\/v2\/posts\/587890","targetHints":{"allow":["GET"]}}],"collection":[{"href":"https:\/\/www.europesays.com\/fr\/wp-json\/wp\/v2\/posts"}],"about":[{"href":"https:\/\/www.europesays.com\/fr\/wp-json\/wp\/v2\/types\/post"}],"author":[{"embeddable":true,"href":"https:\/\/www.europesays.com\/fr\/wp-json\/wp\/v2\/users\/2"}],"replies":[{"embeddable":true,"href":"https:\/\/www.europesays.com\/fr\/wp-json\/wp\/v2\/comments?post=587890"}],"version-history":[{"count":0,"href":"https:\/\/www.europesays.com\/fr\/wp-json\/wp\/v2\/posts\/587890\/revisions"}],"wp:featuredmedia":[{"embeddable":true,"href":"https:\/\/www.europesays.com\/fr\/wp-json\/wp\/v2\/media\/587891"}],"wp:attachment":[{"href":"https:\/\/www.europesays.com\/fr\/wp-json\/wp\/v2\/media?parent=587890"}],"wp:term":[{"taxonomy":"category","embeddable":true,"href":"https:\/\/www.europesays.com\/fr\/wp-json\/wp\/v2\/categories?post=587890"},{"taxonomy":"post_tag","embeddable":true,"href":"https:\/\/www.europesays.com\/fr\/wp-json\/wp\/v2\/tags?post=587890"}],"curies":[{"name":"wp","href":"https:\/\/api.w.org\/{rel}","templated":true}]}}