{"id":587892,"date":"2025-12-09T06:02:11","date_gmt":"2025-12-09T06:02:11","guid":{"rendered":"https:\/\/www.europesays.com\/fr\/587892\/"},"modified":"2025-12-09T06:02:11","modified_gmt":"2025-12-09T06:02:11","slug":"a-rennes-etes-vous-expose-au-radon-ce-gaz-radioactif-nocif-pour-la-sante-une-campagne-est-lancee","status":"publish","type":"post","link":"https:\/\/www.europesays.com\/fr\/587892\/","title":{"rendered":"\u00c0 Rennes, \u00eates-vous expos\u00e9 au radon, ce gaz radioactif nocif pour la sant\u00e9 ? Une campagne est lanc\u00e9e"},"content":{"rendered":"<p>                    Par<br \/>\n        <strong><br \/>\n            <a href=\"https:\/\/actu.fr\/auteur\/laurene-fertin\" title=\"Consulter tous les articles de Laur\u00e8ne Fertin\" target=\"_blank\" rel=\"noopener\">Laur\u00e8ne Fertin<\/a><br \/>\n                    <\/strong><\/p>\n<p>        Publi\u00e9 le<\/p>\n<p>            9 d\u00e9c. 2025 \u00e0 6h32        <\/p>\n<p>Le <strong>radon<\/strong> est <strong>un gaz radioactif<\/strong> qui, \u00ab\u2009dans certaines conditions, peut se concentrer dans les espaces clos, les habitations et exposer, \u00e0 long terme, les habitants \u00e0 <strong>un risque pour la sant\u00e9\u2009\u00bb,<\/strong> indique la Ville de Rennes.<\/p>\n<p class=\" wall-content\">Ce gaz, <strong>naturellement pr\u00e9sent<\/strong> dans les roches et les sols, fait l\u2019objet d\u2019une attention particuli\u00e8re dans le cadre du lancement de la 10e saison du <strong>dispositif Ambassad\u2019air,<\/strong> afin de \u00ab\u2009sensibiliser les Rennaises et Rennais \u00e0 la qualit\u00e9 de l\u2019air\u2009\u00bb.<\/p>\n<p>Des mesures \u00e0 prendre durant deux mois<\/p>\n<p class=\" wall-content\">En effet, depuis 2018, la Ville de Rennes est class\u00e9e <strong>en zone 3 dite \u00ab\u2009\u00e0 potentiel significatif\u2009\u00bb<\/strong> vis-\u00e0-vis du radon. Pour en conna\u00eetre de fa\u00e7on pr\u00e9cise les niveaux sur le territoire, mais \u00e9galement \u00ab\u2009sensibiliser la population\u2009\u00bb, la municipalit\u00e9 recherche \u00ab\u2009activement\u2009\u00bb de <strong>nouveaux volontaires.<\/strong><\/p>\n<p class=\" wall-content\">Leur mission\u2009: participer \u00e0<strong> une campagne de mesure \u00e0 domicile<\/strong> afin de quantifier les concentrations de radon, <strong>durant deux mois,<\/strong> par l\u2019interm\u00e9diaire d\u2019un kit de mesure.<\/p>\n<blockquote class=\"ac-article-quote wall-content\">\n<p>Les dispositifs seront ensuite analys\u00e9s en laboratoire, et les r\u00e9sultats individuels seront communiqu\u00e9s directement aux participants par la Ville.<\/p>\n<p>    <strong>Ville de Rennes<\/strong>\n            <\/p><\/blockquote>\n<p class=\" wall-content\">Il faut pour cela que vous habitiez dans un logement<strong> situ\u00e9 au rez-de-chauss\u00e9e ou au 1er \u00e9tage.<\/strong><\/p>\n<p class=\" wall-content\">Pour participer, vous avez jusqu\u2019\u00e0 la mi-f\u00e9vrier 2026 pour contacter<a href=\"https:\/\/environnement-sante.metropole.rennes.fr\/qualite-de-lair-interieur\/\" target=\"_blank\" rel=\"noopener\"> le service sant\u00e9 environnement<\/a> de la Ville de Rennes (Service sant\u00e9 environnement \u2013 <a href=\"https:\/\/actu.fr\/cdn-cgi\/l\/email-protection\" class=\"__cf_email__\" data-cfemail=\"197d6a6971346a78776d7c7c776f706b7677777c747c776d596f7075757c346b7c77777c6a377f6b\" target=\"_blank\" rel=\"noopener\">[email\u00a0protected]<\/a> \u2013 02\u200923\u200962\u200922\u200910).<\/p>\n<p class=\" wall-content\">Personnalisez votre actualit\u00e9 en ajoutant vos villes et m\u00e9dias en favori avec <a href=\"https:\/\/moncompte.actu.fr\" title=\"D\u00e9couvez Mon Actu\" rel=\"nofollow noopener\" data-trk=\"{&quot;cta&quot;:{&quot;action&quot;:&quot;https:\\\/\\\/moncompte.actu.fr&quot;,&quot;category&quot;:&quot;mon compte&quot;,&quot;from&quot;:&quot;article footer&quot;,&quot;name&quot;:&quot;Mon actu&quot;,&quot;type&quot;:&quot;cta&quot;}}\" target=\"_blank\">Mon Actu<\/a>.<\/p>\n","protected":false},"excerpt":{"rendered":"Par Laur\u00e8ne Fertin Publi\u00e9 le 9 d\u00e9c. 2025 \u00e0 6h32 Le radon est un gaz radioactif qui, \u00ab\u2009dans&hellip;\n","protected":false},"author":2,"featured_media":587893,"comment_status":"","ping_status":"","sticky":false,"template":"","format":"standard","meta":{"footnotes":""},"categories":[2821],"tags":[1111,11,829,1777,674,1011,27,843,12,1800,584,25,71,104],"class_list":{"0":"post-587892","1":"post","2":"type-post","3":"status-publish","4":"format-standard","5":"has-post-thumbnail","7":"category-rennes","8":"tag-actu","9":"tag-actualites","10":"tag-bretagne","11":"tag-eu","12":"tag-europe","13":"tag-fr","14":"tag-france","15":"tag-gaz","16":"tag-news","17":"tag-pollution","18":"tag-rennes","19":"tag-republique-francaise","20":"tag-sante","21":"tag-societe"},"share_on_mastodon":{"url":"https:\/\/pubeurope.com\/@fr\/115688095333206110","error":""},"_links":{"self":[{"href":"https:\/\/www.europesays.com\/fr\/wp-json\/wp\/v2\/posts\/587892","targetHints":{"allow":["GET"]}}],"collection":[{"href":"https:\/\/www.europesays.com\/fr\/wp-json\/wp\/v2\/posts"}],"about":[{"href":"https:\/\/www.europesays.com\/fr\/wp-json\/wp\/v2\/types\/post"}],"author":[{"embeddable":true,"href":"https:\/\/www.europesays.com\/fr\/wp-json\/wp\/v2\/users\/2"}],"replies":[{"embeddable":true,"href":"https:\/\/www.europesays.com\/fr\/wp-json\/wp\/v2\/comments?post=587892"}],"version-history":[{"count":0,"href":"https:\/\/www.europesays.com\/fr\/wp-json\/wp\/v2\/posts\/587892\/revisions"}],"wp:featuredmedia":[{"embeddable":true,"href":"https:\/\/www.europesays.com\/fr\/wp-json\/wp\/v2\/media\/587893"}],"wp:attachment":[{"href":"https:\/\/www.europesays.com\/fr\/wp-json\/wp\/v2\/media?parent=587892"}],"wp:term":[{"taxonomy":"category","embeddable":true,"href":"https:\/\/www.europesays.com\/fr\/wp-json\/wp\/v2\/categories?post=587892"},{"taxonomy":"post_tag","embeddable":true,"href":"https:\/\/www.europesays.com\/fr\/wp-json\/wp\/v2\/tags?post=587892"}],"curies":[{"name":"wp","href":"https:\/\/api.w.org\/{rel}","templated":true}]}}