{"id":587894,"date":"2025-12-09T06:03:12","date_gmt":"2025-12-09T06:03:12","guid":{"rendered":"https:\/\/www.europesays.com\/fr\/587894\/"},"modified":"2025-12-09T06:03:12","modified_gmt":"2025-12-09T06:03:12","slug":"on-peut-prendre-une-balle-alors-quon-est-dans-notre-appartement-a-rennes-lappel-a-laide-des-habitants-de-ce-quartier-touche-par-une-enieme-fu","status":"publish","type":"post","link":"https:\/\/www.europesays.com\/fr\/587894\/","title":{"rendered":"\u00ab\u00a0On peut prendre une balle alors qu\u2019on est dans notre appartement\u00a0\u00bb\u00a0: \u00e0 Rennes, l\u2019appel \u00e0 l\u2019aide des habitants de ce quartier touch\u00e9 par une \u00e9ni\u00e8me fusillade"},"content":{"rendered":"<p>Ce lundi 8 d\u00e9cembre, le quartier de Villejean a retrouv\u00e9 un peu de calme, apr\u00e8s un week-end d\u2019extr\u00eame tension marqu\u00e9 par <a href=\"https:\/\/www.letelegramme.fr\/ille-et-vilaine\/rennes-35000\/deux-fusillades-en-24-h-la-situation-se-tend-a-nouveau-dans-ce-quartier-de-rennes-6942368.php\" target=\"_blank\" rel=\"noopener\">deux nouvelles fusillades<\/a> sur fond de guerre de territoire entre narcotrafiquants. Vendredi soir, des tirs avaient retenti non loin de la dalle Kennedy, du c\u00f4t\u00e9 de la rue du Nivernais, connu pour \u00eatre un point de deal, sans faire de bless\u00e9. Idem le lendemain soir, samedi.<\/p>\n<p>Restent quelques stigmates de cet \u00e9ni\u00e8me \u00e9pisode de cette guerre de territoires. Surtout cet impact de balle, toujours visible dans la fen\u00eatre d\u2019un appartement du 5, square Champagne, \u00e0 proximit\u00e9 de la dalle Kennedy et de la rue du Bourbonnais, autre point de deal du quartier. Vide au moment des faits, le tir qui a travers\u00e9 l\u2019appartement situ\u00e9 au deuxi\u00e8me \u00e9tage, au bord d\u2019un chemin qui m\u00e8ne au parc du Berry, n\u2019a pas fait de bless\u00e9.<\/p>\n<p>\u00ab De plus en plus inqui\u00e9tant \u00bb<\/p>\n<p>Un impact source \u00ab de grosses angoisses pour les gens du quartier, raconte R\u00e9gine Komokoli, habitante du quartier et \u00e9lue au conseil d\u00e9partemental d\u2019Ille-et-Vilaine. Aujourd\u2019hui, ces r\u00e8glements de compte n\u2019ont plus lieu uniquement sur la dalle \u00bb. \u00ab On peut prendre une balle alors qu\u2019on est dans notre appartement, c\u2019est de plus en plus inqui\u00e9tant \u00bb, ajoute Raymond Vall\u00e9e, un autre habitant de Villejean. \u00ab Je vis ici depuis 50 ans, et \u00e7a se d\u00e9grade toujours plus. Je ressens beaucoup de col\u00e8re vis-\u00e0-vis de ce qui se passe. \u00bb<\/p>\n<p>Ce lundi matin, ils \u00e9taient, avec d\u2019autres membres du tissu associatif du quartier, sur la dalle pour exprimer cette col\u00e8re. \u00ab Nos jeunes sont souvent contact\u00e9s par le dealer local pour les recruter comme guetteur et apr\u00e8s c\u2019est l\u2019engrenage car le trafic de drogue est beaucoup plus r\u00e9mun\u00e9rateur qu\u2019un travail l\u00e9gal \u00bb, d\u00e9plore Raymond Vall\u00e9e.<\/p>\n<p>\u00ab Les familles d\u00e9sertent les parcs pour enfants \u00bb<\/p>\n<p>\u00ab On veut dire que notre vie compte, et la vie de nos enfants compte. On a peur pour la s\u00e9curit\u00e9 de nos enfants, s\u2019inqui\u00e8te R\u00e9gine Komokoli. Regardez les parcs et jeux pour enfants autour de la dalle, ils sont d\u00e9sert\u00e9s par les familles. Aujourd\u2019hui, ce sont les dealers et ceux qui viennent y boire de l\u2019alcool qui les occupent. Nous, on se transforme en enqu\u00eateurs pour chercher des parcs pour enfants tranquilles. On regarde s\u2019il y a une chaise dans le parc, et s\u2019il y en a une, on n\u2019y va pas car cela veut qu\u2019il y a un dealer \u00bb.<\/p>\n<p>Et elle l\u2019assure, \u00ab les dealers sont revenus ce lundi matin, on les a vus \u00bb. Du c\u00f4t\u00e9 du point de deal de la rue du Bourbonnais, trois jeunes en noir et encapuchonn\u00e9s occupent la place ce lundi apr\u00e8s-midi. Pas pour longtemps, une patrouille de policiers fait une ronde et une voiture Police nationale se gare non loin de l\u00e0. Apr\u00e8s ces deux fusillades, la CRS 82, dont les missions sont de lutter contre les violences urbaines et le trafic de stup\u00e9fiants, est arriv\u00e9e \u00e0 Rennes. \u00ab Ils resteront ici le temps qu\u2019il faudra \u00bb, a promis le nouveau pr\u00e9fet de R\u00e9gion, Franck Robine, qui a officiellement pris ses fonctions ce lundi.<\/p>\n<p>Pas de quoi rassurer totalement les habitants \u00ab C\u2019est tr\u00e8s bien qu\u2019ils soient l\u00e0, affirme R\u00e9gine Komokoli. Mais une fois qu\u2019ils vont partir, il se passera quoi ? Ce qu\u2019on demande, ce sont des moyens p\u00e9rennes \u00bb.<\/p>\n","protected":false},"excerpt":{"rendered":"Ce lundi 8 d\u00e9cembre, le quartier de Villejean a retrouv\u00e9 un peu de calme, apr\u00e8s un week-end d\u2019extr\u00eame&hellip;\n","protected":false},"author":2,"featured_media":587895,"comment_status":"","ping_status":"","sticky":false,"template":"","format":"standard","meta":{"footnotes":""},"categories":[2821],"tags":[1111,11,829,1777,674,3383,1011,27,848,12,584,25],"class_list":{"0":"post-587894","1":"post","2":"type-post","3":"status-publish","4":"format-standard","5":"has-post-thumbnail","7":"category-rennes","8":"tag-actu","9":"tag-actualites","10":"tag-bretagne","11":"tag-eu","12":"tag-europe","13":"tag-faits-divers-a-rennes","14":"tag-fr","15":"tag-france","16":"tag-ille-et-vilaine","17":"tag-news","18":"tag-rennes","19":"tag-republique-francaise"},"share_on_mastodon":{"url":"https:\/\/pubeurope.com\/@fr\/115688099338345111","error":""},"_links":{"self":[{"href":"https:\/\/www.europesays.com\/fr\/wp-json\/wp\/v2\/posts\/587894","targetHints":{"allow":["GET"]}}],"collection":[{"href":"https:\/\/www.europesays.com\/fr\/wp-json\/wp\/v2\/posts"}],"about":[{"href":"https:\/\/www.europesays.com\/fr\/wp-json\/wp\/v2\/types\/post"}],"author":[{"embeddable":true,"href":"https:\/\/www.europesays.com\/fr\/wp-json\/wp\/v2\/users\/2"}],"replies":[{"embeddable":true,"href":"https:\/\/www.europesays.com\/fr\/wp-json\/wp\/v2\/comments?post=587894"}],"version-history":[{"count":0,"href":"https:\/\/www.europesays.com\/fr\/wp-json\/wp\/v2\/posts\/587894\/revisions"}],"wp:featuredmedia":[{"embeddable":true,"href":"https:\/\/www.europesays.com\/fr\/wp-json\/wp\/v2\/media\/587895"}],"wp:attachment":[{"href":"https:\/\/www.europesays.com\/fr\/wp-json\/wp\/v2\/media?parent=587894"}],"wp:term":[{"taxonomy":"category","embeddable":true,"href":"https:\/\/www.europesays.com\/fr\/wp-json\/wp\/v2\/categories?post=587894"},{"taxonomy":"post_tag","embeddable":true,"href":"https:\/\/www.europesays.com\/fr\/wp-json\/wp\/v2\/tags?post=587894"}],"curies":[{"name":"wp","href":"https:\/\/api.w.org\/{rel}","templated":true}]}}