{"id":587896,"date":"2025-12-09T06:04:10","date_gmt":"2025-12-09T06:04:10","guid":{"rendered":"https:\/\/www.europesays.com\/fr\/587896\/"},"modified":"2025-12-09T06:04:10","modified_gmt":"2025-12-09T06:04:10","slug":"ce-quartier-de-strasbourg-va-accueillir-son-propre-marche-de-noel-ce-week-end","status":"publish","type":"post","link":"https:\/\/www.europesays.com\/fr\/587896\/","title":{"rendered":"Ce quartier de Strasbourg va accueillir son propre march\u00e9 de No\u00ebl ce week-end"},"content":{"rendered":"<p>                    Par<br \/>\n        <strong><br \/>\n            <a href=\"https:\/\/actu.fr\/auteur\/ivan-capecchi\" title=\"Consulter tous les articles de Ivan CAPECCHI\" target=\"_blank\" rel=\"noopener\">Ivan CAPECCHI<\/a><br \/>\n                    <\/strong><\/p>\n<p>        Publi\u00e9 le<\/p>\n<p>            9 d\u00e9c. 2025 \u00e0 7h02        <\/p>\n<p>Un quartier de Strasbourg s\u2019appr\u00eat\u00e9 \u00e0 accueillir son propre <strong>march\u00e9 de No\u00ebl<\/strong>. Voici ce qu\u2019il faut savoir.<\/p>\n<p>Un march\u00e9 de No\u00ebl organis\u00e9 \u00e0 la Meinau<\/p>\n<p class=\" wall-content\">Du <strong>vendredi 12 au dimanche 14 d\u00e9cembre<\/strong>, la Ville de Strasbourg et le centre socio-culturel (CSC) de la Meinau organisent un week-end d\u2019<a href=\"https:\/\/actu.fr\/tag\/animations\" target=\"_blank\" rel=\"noopener\">animations<\/a> autour de <a href=\"https:\/\/actu.fr\/tag\/noel\" target=\"_blank\" rel=\"noopener\">No\u00ebl<\/a> sur le parvis de ce dernier.<\/p>\n<p class=\" wall-content\">Jeux en bois surdimensionn\u00e9s, vente de <strong>produits locaux pas chers<\/strong> et petite restauration en continu donneront le ton tout au long des trois jours.<\/p>\n<p>Spectacles de chant, de danse et animations en tout genre<\/p>\n<p class=\" wall-content\">Le vendredi sera marqu\u00e9 par le <strong>d\u00e9fil\u00e9 des lampions des \u00e9coles<\/strong>, suivi d\u2019un <strong>spectacle de feu<\/strong>, d\u2019un <strong>concert des jeunes du CSC<\/strong> et d\u2019un <strong>bal anim\u00e9 en soir\u00e9e<\/strong>. Le samedi sera rythm\u00e9 par un <strong>spectacle de piano, de gospel ou de chorale<\/strong>. Le dimanche fera la part belle \u00e0 la <strong>danse<\/strong>, avec une initiation afro propos\u00e9e par la compagnie Mistral Est, avant de laisser place aux <strong>chorales<\/strong> et \u00e0 un<strong> concert de cl\u00f4ture.<\/strong><\/p>\n<p class=\" wall-content\">Retrouvez le programme complet et les horaires <a href=\"https:\/\/lecentremeinau.centres-sociaux.fr\/2025\/11\/29\/marche-de-noel-solidaire-neuhof-meinau-du-12-au-14-decembre-2025\/\" target=\"_blank\" rel=\"noopener\">en cliquant ici<\/a>.<\/p>\n<p class=\" wall-content\">Personnalisez votre actualit\u00e9 en ajoutant vos villes et m\u00e9dias en favori avec <a href=\"https:\/\/moncompte.actu.fr\" title=\"D\u00e9couvez Mon Actu\" rel=\"nofollow noopener\" data-trk=\"{&quot;cta&quot;:{&quot;action&quot;:&quot;https:\\\/\\\/moncompte.actu.fr&quot;,&quot;category&quot;:&quot;mon compte&quot;,&quot;from&quot;:&quot;article footer&quot;,&quot;name&quot;:&quot;Mon actu&quot;,&quot;type&quot;:&quot;cta&quot;}}\" target=\"_blank\">Mon Actu<\/a>.<\/p>\n","protected":false},"excerpt":{"rendered":"Par Ivan CAPECCHI Publi\u00e9 le 9 d\u00e9c. 2025 \u00e0 7h02 Un quartier de Strasbourg s\u2019appr\u00eat\u00e9 \u00e0 accueillir son&hellip;\n","protected":false},"author":2,"featured_media":587897,"comment_status":"","ping_status":"","sticky":false,"template":"","format":"standard","meta":{"footnotes":""},"categories":[2820],"tags":[1111,11,1063,1777,674,118,1011,27,775,12,15830,25,640],"class_list":{"0":"post-587896","1":"post","2":"type-post","3":"status-publish","4":"format-standard","5":"has-post-thumbnail","7":"category-strasbourg","8":"tag-actu","9":"tag-actualites","10":"tag-animations","11":"tag-eu","12":"tag-europe","13":"tag-faits-divers","14":"tag-fr","15":"tag-france","16":"tag-grand-est","17":"tag-news","18":"tag-noel","19":"tag-republique-francaise","20":"tag-strasbourg"},"share_on_mastodon":{"url":"https:\/\/pubeurope.com\/@fr\/115688103276242327","error":""},"_links":{"self":[{"href":"https:\/\/www.europesays.com\/fr\/wp-json\/wp\/v2\/posts\/587896","targetHints":{"allow":["GET"]}}],"collection":[{"href":"https:\/\/www.europesays.com\/fr\/wp-json\/wp\/v2\/posts"}],"about":[{"href":"https:\/\/www.europesays.com\/fr\/wp-json\/wp\/v2\/types\/post"}],"author":[{"embeddable":true,"href":"https:\/\/www.europesays.com\/fr\/wp-json\/wp\/v2\/users\/2"}],"replies":[{"embeddable":true,"href":"https:\/\/www.europesays.com\/fr\/wp-json\/wp\/v2\/comments?post=587896"}],"version-history":[{"count":0,"href":"https:\/\/www.europesays.com\/fr\/wp-json\/wp\/v2\/posts\/587896\/revisions"}],"wp:featuredmedia":[{"embeddable":true,"href":"https:\/\/www.europesays.com\/fr\/wp-json\/wp\/v2\/media\/587897"}],"wp:attachment":[{"href":"https:\/\/www.europesays.com\/fr\/wp-json\/wp\/v2\/media?parent=587896"}],"wp:term":[{"taxonomy":"category","embeddable":true,"href":"https:\/\/www.europesays.com\/fr\/wp-json\/wp\/v2\/categories?post=587896"},{"taxonomy":"post_tag","embeddable":true,"href":"https:\/\/www.europesays.com\/fr\/wp-json\/wp\/v2\/tags?post=587896"}],"curies":[{"name":"wp","href":"https:\/\/api.w.org\/{rel}","templated":true}]}}