{"id":587914,"date":"2025-12-09T06:13:12","date_gmt":"2025-12-09T06:13:12","guid":{"rendered":"https:\/\/www.europesays.com\/fr\/587914\/"},"modified":"2025-12-09T06:13:12","modified_gmt":"2025-12-09T06:13:12","slug":"municipales-2026-a-toulouse-accord-a-gauche-pour-stopper-le-projet-dechangeur-sur-le-peripherique","status":"publish","type":"post","link":"https:\/\/www.europesays.com\/fr\/587914\/","title":{"rendered":"Municipales 2026 \u00e0 Toulouse\u00a0: accord \u00e0 gauche pour stopper le projet d\u2019\u00e9changeur sur le p\u00e9riph\u00e9rique"},"content":{"rendered":"<p>\n                                                                    l&rsquo;essentiel<br \/>\n                                                                Dans le cadre de leur liste commune pour les municipales de mars\u00a02026, les socialistes et les \u00e9cologistes ont d\u00e9cid\u00e9 qu\u2019en cas de victoire ils abandonneraient le projet d\u2019\u00e9changeur sur le p\u00e9riph\u00e9rique \u00e0 hauteur de la Cit\u00e9 de l\u2019espace.\n                            <\/p>\n<p>Pour ou contre la Jonction Est, l\u2019\u00e9changeur sur le p\u00e9riph\u00e9rique \u00e0 hauteur de la Cit\u00e9 de l\u2019espace\u00a0? Ce vieux dossier, qui rencontre toujours une vive opposition, pourrait\u00a0conna\u00eetre un coup d\u2019arr\u00eat. La liste que conduira Fran\u00e7ois Brian\u00e7on (PS) aux municipales\u00a0a annonc\u00e9 la couleur\u00a0: dans le cadre de l\u2019accord avec les \u00c9cologistes, la Jonction Est sera \u00ab\u00a0abandonn\u00e9e\u00a0\u00bb. Chef de file des Verts, R\u00e9gis Godec l\u2019a dit mercredi\u00a0d\u00e8s la pr\u00e9sentation de cette liste qui regroupe neuf formations de gauche. Une position qui rejoint celle de Fran\u00e7ois Piquemal (LFI) \u00e0 la t\u00eate de la deuxi\u00e8me liste \u00e0 gauche.<\/p>\n<p>La Jonction Est, c\u2019est un \u00e9changeur suppl\u00e9mentaire entre Montaudran et Lasbordes\u00a0pour irriguer l\u2019est toulousain \u2013 Malep\u00e8re, Saint-Orens, Quint-Fonsegrives\u2026- en plein d\u00e9veloppement. Il serait reli\u00e9 \u00e0 une 2&#215;2 voies jusqu\u2019\u00e0 Quint.\u00a0Port\u00e9 par la M\u00e9tropole et Vinci Autoroutes, ce projet d\u2019un co\u00fbt de 95\u00a0M\u20ac, vient de recevoir le feu vert du pr\u00e9fet qui l\u2019a d\u00e9clar\u00e9 d\u2019utilit\u00e9 publique en octobre.<\/p>\n<p>Un projet \u00ab\u00a0transpartisan\u00a0\u00bb<\/p>\n<p>Depuis des ann\u00e9es, cet \u00e9changeur est combattu\u00a0\u00e0 la fois par des riverains, c\u00f4t\u00e9 Toulouse surtout, qui craignent un engorgement de leurs rues, et sur le terrain politique notamment par les \u00c9cologistes. \u00ab\u00a0Les \u00e9tudes montrent qu\u2019un automobiliste ne gagnerait que 3 \u00e0 5\u00a0minutes\u00a0\u00bb, souligne R\u00e9gis Godec qui remet en cause l\u2019utilit\u00e9 m\u00eame du projet vu\u00a0comme \u00ab\u00a0un aspirateur\u00a0\u00e0 voiture\u00a0\u00bb. \u00ab\u00a0Une meilleure desserte du secteur est possible avec des pistes cyclables et des voies r\u00e9serv\u00e9es aux bus\u00a0\u00bb, affirme-t-il.<\/p>\n<p>La commission d\u2019enqu\u00eate, qui a d\u00e9livr\u00e9 en f\u00e9vrier\u00a02025 un avis positif, avait, elle, conclu qu'\u00a0\u00bbil ne peut \u00eatre envisag\u00e9 de ne rien entreprendre pour fluidifier la circulation dans le secteur et les voies \u00e0 proximit\u00e9. Ne rien faire reviendrait \u00e0 accepter d\u2019\u00eatre confront\u00e9 \u00e0 une congestion quasi certaine \u00e0 court terme des voies, non plus en heures de pointe comme aujourd\u2019hui, mais dans la plus grande partie de la journ\u00e9e.\u00a0\u00bb Le maire de Balma, Vincent Terrail-Nov\u00e8s, avait ajout\u00e9 que les alternatives\u00a0en transports en commun et v\u00e9lo ne sont \u00ab\u00a0pas \u00e0 la hauteur\u00a0\u00bb de la d\u00e9mographie du territoire.<\/p>\n<p>D\u00e9sormais alli\u00e9 au PS, R\u00e9gis Godec salue le virage des socialistes\u00a0: \u00ab\u00a0les mentalit\u00e9s \u00e9voluent. Le PS\u00a0se rend compte que des infrastructures routi\u00e8res ne r\u00e9solvent pas le probl\u00e8me\u00a0\u00bb. \u00c0 la M\u00e9tropole, le groupe socialiste, \u00e0 l\u2019exception des\u00a0\u00e9lus toulousains, avait dit oui au projet avant de voter contre lors de son approbation en juin dernier.<\/p>\n<p>Jean-Luc Moudenc rappelle que ce n\u2019est pas la premi\u00e8re conversion des socialistes car la municipalit\u00e9 Cohen entre\u00a02008 et\u00a02014 avait plusieurs fois vot\u00e9 en faveur de la Jonction Est. C\u2019\u00e9tait m\u00eame une pierre d\u2019achoppement r\u00e9guli\u00e8re avec les Verts. Interrog\u00e9 sur ce dossier, le maire-candidat a soulign\u00e9 que ce projet \u00e9tait \u00ab\u00a0transpartisan\u00a0\u00bb, associant notamment les municipalit\u00e9s de l\u2019est toulousain, Sicoval inclus. Pour lui, c\u2019est dans ce cadre-l\u00e0 que le devenir de l\u2019\u00e9changeur doit \u00eatre d\u00e9cid\u00e9.<\/p>\n","protected":false},"excerpt":{"rendered":"l&rsquo;essentiel Dans le cadre de leur liste commune pour les municipales de mars\u00a02026, les socialistes et les \u00e9cologistes&hellip;\n","protected":false},"author":2,"featured_media":587915,"comment_status":"","ping_status":"","sticky":false,"template":"","format":"standard","meta":{"footnotes":""},"categories":[2816],"tags":[1111,11,1777,674,1011,27,329,2722,3434,12,2680,316,25,2312,37919],"class_list":{"0":"post-587914","1":"post","2":"type-post","3":"status-publish","4":"format-standard","5":"has-post-thumbnail","7":"category-toulouse","8":"tag-actu","9":"tag-actualites","10":"tag-eu","11":"tag-europe","12":"tag-fr","13":"tag-france","14":"tag-france-monde","15":"tag-haute-garonne","16":"tag-municipales-2026","17":"tag-news","18":"tag-occitanie","19":"tag-politique","20":"tag-republique-francaise","21":"tag-toulouse","22":"tag-u00c9lections"},"share_on_mastodon":{"url":"https:\/\/pubeurope.com\/@fr\/115688138690732965","error":""},"_links":{"self":[{"href":"https:\/\/www.europesays.com\/fr\/wp-json\/wp\/v2\/posts\/587914","targetHints":{"allow":["GET"]}}],"collection":[{"href":"https:\/\/www.europesays.com\/fr\/wp-json\/wp\/v2\/posts"}],"about":[{"href":"https:\/\/www.europesays.com\/fr\/wp-json\/wp\/v2\/types\/post"}],"author":[{"embeddable":true,"href":"https:\/\/www.europesays.com\/fr\/wp-json\/wp\/v2\/users\/2"}],"replies":[{"embeddable":true,"href":"https:\/\/www.europesays.com\/fr\/wp-json\/wp\/v2\/comments?post=587914"}],"version-history":[{"count":0,"href":"https:\/\/www.europesays.com\/fr\/wp-json\/wp\/v2\/posts\/587914\/revisions"}],"wp:featuredmedia":[{"embeddable":true,"href":"https:\/\/www.europesays.com\/fr\/wp-json\/wp\/v2\/media\/587915"}],"wp:attachment":[{"href":"https:\/\/www.europesays.com\/fr\/wp-json\/wp\/v2\/media?parent=587914"}],"wp:term":[{"taxonomy":"category","embeddable":true,"href":"https:\/\/www.europesays.com\/fr\/wp-json\/wp\/v2\/categories?post=587914"},{"taxonomy":"post_tag","embeddable":true,"href":"https:\/\/www.europesays.com\/fr\/wp-json\/wp\/v2\/tags?post=587914"}],"curies":[{"name":"wp","href":"https:\/\/api.w.org\/{rel}","templated":true}]}}