{"id":587921,"date":"2025-12-09T06:17:13","date_gmt":"2025-12-09T06:17:13","guid":{"rendered":"https:\/\/www.europesays.com\/fr\/587921\/"},"modified":"2025-12-09T06:17:13","modified_gmt":"2025-12-09T06:17:13","slug":"redonner-un-peu-de-chaleur-a-ceux-qui-dorment-dans-la-rue","status":"publish","type":"post","link":"https:\/\/www.europesays.com\/fr\/587921\/","title":{"rendered":"redonner un peu de chaleur \u00e0 ceux qui dorment dans la rue"},"content":{"rendered":"<p>Le Secours Populaire propose aux sans-abri des petits-d\u00e9jeuners chauds au quotidien, en bas de la Canebi\u00e8re, tout le mois de d\u00e9cembre pour que No\u00ebl n&rsquo;oublie personne.<\/p>\n<p style=\"text-align: justify;\">R\u00e9pandre un peu de chaleur apr\u00e8s avoir pass\u00e9 la nuit dans la rue. \u00c0 Marseille, le Secours Populaire propose aux sans-abri des petits-d\u00e9jeuners chauds au quotidien, en bas de la Canebi\u00e8re, tout le mois de d\u00e9cembre. L&rsquo;occasion pour l&rsquo;association humanitaire de distribuer aussi v\u00eatements chauds, duvets et couvertures. Cette initiative s\u2019inscrit dans la campagne des P\u00e8res No\u00ebl Verts du Secours Populaire pour que No\u00ebl n&rsquo;oublie personne.<\/p>\n<p style=\"text-align: justify;\">\u00a0<\/p>\n<p style=\"text-align: justify;\"><strong>Le reportage avec les b\u00e9n\u00e9voles du Secours Populaire et les sans-abri, ce lundi matin, dans cette vid\u00e9o.<\/strong><\/p>\n<p style=\"text-align: justify;\">\u00a0<\/p>\n<p style=\"text-align: justify;\"><strong><\/strong><\/p>\n<p style=\"text-align: justify;\">(Interviews, images et montage : R\u00e9my Reponty pour Maritima M\u00e9dias.)<\/p>\n<p style=\"text-align: justify;\">\u00a0<\/p>\n<p style=\"text-align: justify;\">Alors que les temp\u00e9ratures chutent, la campagne des \u00ab\u00a0P\u00e8res No\u00ebl Verts\u00a0\u00bb bat son plein \u00e0 Marseille. Chaque matin du mois de d\u00e9cembre, les b\u00e9n\u00e9voles du Secours Populaire investissent le bas de la Canebi\u00e8re pour offrir bien plus qu&rsquo;un caf\u00e9 : un moment d&rsquo;humanit\u00e9 partag\u00e9e. L&rsquo;objectif est simple mais vital : lutter contre le sentiment d&rsquo;abandon en cette p\u00e9riode de f\u00eates souvent douloureuse pour les plus isol\u00e9s.<\/p>\n<p style=\"text-align: justify;\">\u00a0<\/p>\n<p>\u00ab\u00a0Le but, c&rsquo;est de proposer quelque chose de chaud\u00a0\u00bb<\/p>\n<p style=\"text-align: justify;\">Djaouida, b\u00e9n\u00e9vole depuis 20 ans, est une figure famili\u00e8re du quartier. Chaque matin, elle descend de son immeuble voisin, son chariot charg\u00e9 de thermos.<\/p>\n<p style=\"text-align: justify;\">\u00ab\u00a0Le but, c&rsquo;est de proposer quelque chose de chaud dans ce mois de froid. C&rsquo;est caf\u00e9, th\u00e9, caf\u00e9 au lait, chocolat&#8230; tout ce qui est chaud\u00a0\u00bb explique-t-elle tout en servant une tasse fumante. Pour elle, la mission d\u00e9passe l&rsquo;aide alimentaire : \u00ab\u00a0Ce mois-ci, c&rsquo;est tr\u00e8s tr\u00e8s important d&rsquo;\u00eatre \u00e0 c\u00f4t\u00e9 d&rsquo;eux.\u00a0\u00bb<\/p>\n<p style=\"text-align: justify;\">Au-del\u00e0 des boissons chaudes, ces rendez-vous matinaux (8h30-10h30) sont l&rsquo;occasion de distribuer des sacs de couchage, des v\u00eatements chauds, des bonnets, des gants et des couvertures, essentiels pour survivre aux nuits glaciales.<\/p>\n<p style=\"text-align: justify;\">\u00a0<\/p>\n<p>Plus qu&rsquo;un caf\u00e9, un \u00ab\u00a0soutien social et amical\u00a0\u00bb<\/p>\n<p style=\"text-align: justify;\">Cassandra vit dans la rue depuis cinq ans. Un gobelet de caf\u00e9 chaud entre les mains, elle t\u00e9moigne de l&rsquo;importance cruciale de ces instants :\u00a0\u00ab\u00a0Pour nous, et l\u00e0 je parle au nom de beaucoup de SDF de ma connaissance, c&rsquo;est un soutien social, amical et m\u00e9dical, et le contact humain tout simplement.\u00a0\u00bb<\/p>\n<p style=\"text-align: justify;\">Pour d&rsquo;autres, comme St\u00e9phane, la pr\u00e9carit\u00e9 est plus r\u00e9cente, presque invisible. Il a encore un logement, mais depuis son licenciement en novembre, son frigo reste vide. La d\u00e9marche de venir demander de l&rsquo;aide n&rsquo;est pas facile : \u00ab\u00a0Je suis pass\u00e9 plusieurs fois, je regardais tout \u00e7a, je n&rsquo;osais pas\u00a0\u00bb confie-t-il avec pudeur. \u00ab\u00a0L\u00e0, \u00e7a permet de se r\u00e9chauffer un peu&#8230; \u00c7a vide un peu la t\u00eate.\u00a0\u00bb<\/p>\n<p>\u00a0<br \/>\nUne cha\u00eene de solidarit\u00e9 marseillaise<\/p>\n<p style=\"text-align: justify;\">Cette op\u00e9ration repose sur l&rsquo;\u00e9nergie in\u00e9puisable des b\u00e9n\u00e9voles et la g\u00e9n\u00e9rosit\u00e9 des Marseillais. Lucette, engag\u00e9e b\u00e9n\u00e9vole depuis 21 ans au Secours Populaire, n&rsquo;h\u00e9site pas \u00e0 mettre la main \u00e0 la p\u00e2te et au porte-monnaie. Elle est venue les bras charg\u00e9s : \u00ab\u00a0J&rsquo;ai amen\u00e9 des viennoiseries pour que les SDF aient de quoi manger ce matin et des confitures.\u00a0\u00bb Quand on lui demande si c&rsquo;est sur son budget personnel, la r\u00e9ponse fuse, comme une \u00e9vidence : \u00ab\u00a0Absolument, bien s\u00fbr, mais c&rsquo;est normal de s&rsquo;entraider, monsieur.\u00a0\u00bb<\/p>\n<p style=\"text-align: justify;\">Cette mobilisation culminera le matin de No\u00ebl. Le 25 d\u00e9cembre, un grand repas solidaire sera organis\u00e9 sur ce m\u00eame trottoir, pour que la promesse des P\u00e8res No\u00ebl Verts soit tenue : que No\u00ebl n&rsquo;oublie personne.<\/p>\n<p style=\"text-align: justify;\">Comment aider ? Vous souhaitez faire un don ou rejoindre les \u00e9quipes de b\u00e9n\u00e9voles ? Rendez-vous sur le site du <a href=\"https:\/\/www.secourspopulaire.fr\/13\/\" target=\"_blank\" rel=\"noopener\">Secours Populaire des Bouches-du-Rh\u00f4ne.<\/a><\/p>\n<p style=\"text-align: justify;\">\u00a0<\/p>\n","protected":false},"excerpt":{"rendered":"Le Secours Populaire propose aux sans-abri des petits-d\u00e9jeuners chauds au quotidien, en bas de la Canebi\u00e8re, tout le&hellip;\n","protected":false},"author":2,"featured_media":587922,"comment_status":"","ping_status":"","sticky":false,"template":"","format":"standard","meta":{"footnotes":""},"categories":[2814],"tags":[1111,11,1777,674,1011,27,70101,884,12,70102,882,25,20784,3400],"class_list":{"0":"post-587921","1":"post","2":"type-post","3":"status-publish","4":"format-standard","5":"has-post-thumbnail","7":"category-marseille","8":"tag-actu","9":"tag-actualites","10":"tag-eu","11":"tag-europe","12":"tag-fr","13":"tag-france","14":"tag-les-peres-noel-verts","15":"tag-marseille","16":"tag-news","17":"tag-petits-dejeuners","18":"tag-provence-alpes-cote-dazur","19":"tag-republique-francaise","20":"tag-secours-populaire","21":"tag-solidarite"},"share_on_mastodon":{"url":"https:\/\/pubeurope.com\/@fr\/115688154350863432","error":""},"_links":{"self":[{"href":"https:\/\/www.europesays.com\/fr\/wp-json\/wp\/v2\/posts\/587921","targetHints":{"allow":["GET"]}}],"collection":[{"href":"https:\/\/www.europesays.com\/fr\/wp-json\/wp\/v2\/posts"}],"about":[{"href":"https:\/\/www.europesays.com\/fr\/wp-json\/wp\/v2\/types\/post"}],"author":[{"embeddable":true,"href":"https:\/\/www.europesays.com\/fr\/wp-json\/wp\/v2\/users\/2"}],"replies":[{"embeddable":true,"href":"https:\/\/www.europesays.com\/fr\/wp-json\/wp\/v2\/comments?post=587921"}],"version-history":[{"count":0,"href":"https:\/\/www.europesays.com\/fr\/wp-json\/wp\/v2\/posts\/587921\/revisions"}],"wp:featuredmedia":[{"embeddable":true,"href":"https:\/\/www.europesays.com\/fr\/wp-json\/wp\/v2\/media\/587922"}],"wp:attachment":[{"href":"https:\/\/www.europesays.com\/fr\/wp-json\/wp\/v2\/media?parent=587921"}],"wp:term":[{"taxonomy":"category","embeddable":true,"href":"https:\/\/www.europesays.com\/fr\/wp-json\/wp\/v2\/categories?post=587921"},{"taxonomy":"post_tag","embeddable":true,"href":"https:\/\/www.europesays.com\/fr\/wp-json\/wp\/v2\/tags?post=587921"}],"curies":[{"name":"wp","href":"https:\/\/api.w.org\/{rel}","templated":true}]}}