{"id":587923,"date":"2025-12-09T06:18:20","date_gmt":"2025-12-09T06:18:20","guid":{"rendered":"https:\/\/www.europesays.com\/fr\/587923\/"},"modified":"2025-12-09T06:18:20","modified_gmt":"2025-12-09T06:18:20","slug":"le-bijoutier-de-bron-qui-avait-ouvert-le-feu-sur-ses-braqueurs-a-ete-condamne","status":"publish","type":"post","link":"https:\/\/www.europesays.com\/fr\/587923\/","title":{"rendered":"le bijoutier de Bron qui avait ouvert le feu sur ses braqueurs a \u00e9t\u00e9 condamn\u00e9"},"content":{"rendered":"<p itemprop=\"description\"><strong>Les faits remontent au 15 octobre 2011 mais n&rsquo;ont \u00e9t\u00e9 jug\u00e9s que d\u00e9but d\u00e9cembre, suite \u00e0 une longue enqu\u00eate et un parcours judiciaire tortueux.<\/strong><\/p>\n<p>Ce jour-l\u00e0, LyonMag r\u00e9v\u00e9lait que la bijouterie de la place Baptiste Curial \u00e0 Bron \u00e9tait braqu\u00e9e par plusieurs individus. Le g\u00e9rant n&rsquo;avait pas h\u00e9sit\u00e9 \u00e0 ouvrir le feu sur les malfaiteurs avec son .357 Magnum, blessant gri\u00e8vement l&rsquo;un d&rsquo;entre eux de cinq balles, dont deux alors qu&rsquo;il \u00e9tait d\u00e9j\u00e0 au sol.<\/p>\n<p>Le bijoutier, tireur sportif exp\u00e9riment\u00e9, avait d\u00e9j\u00e0 abattu un braqueur dans les ann\u00e9es 80.<\/p>\n<p>Selon Le Figaro, l&rsquo;octog\u00e9naire a \u00e9chapp\u00e9 \u00e0 la cour d&rsquo;assises et son proc\u00e8s s&rsquo;est finalement tenu au tribunal correctionnel de Lyon, en l&rsquo;absence des braqueurs puisque ces derniers sont en cavale depuis leur lib\u00e9ration sous contr\u00f4le judiciaire en 2013.<\/p>\n<p>Il a \u00e9cop\u00e9 d&rsquo;un an de prison avec sursis. Une peine qui ne lui convient pas et qui fera l&rsquo;objet d&rsquo;un appel.<\/p>\n","protected":false},"excerpt":{"rendered":"Les faits remontent au 15 octobre 2011 mais n&rsquo;ont \u00e9t\u00e9 jug\u00e9s que d\u00e9but d\u00e9cembre, suite \u00e0 une longue&hellip;\n","protected":false},"author":2,"featured_media":587924,"comment_status":"","ping_status":"","sticky":false,"template":"","format":"standard","meta":{"footnotes":""},"categories":[1889],"tags":[1111,11,2813,2190,2430,1109,251,1112,2811,1777,674,118,1011,27,1922,1110,1114,2428,2810,12,241,316,25,2812,517,800],"class_list":{"0":"post-587923","1":"post","2":"type-post","3":"status-publish","4":"format-standard","5":"has-post-thumbnail","7":"category-lyon","8":"tag-actu","9":"tag-actualites","10":"tag-article","11":"tag-asvel","12":"tag-auvergne-rhone-alpes","13":"tag-breves","14":"tag-culture","15":"tag-depeches","16":"tag-economique","17":"tag-eu","18":"tag-europe","19":"tag-faits-divers","20":"tag-fr","21":"tag-france","22":"tag-info","23":"tag-informations","24":"tag-infos","25":"tag-lyon","26":"tag-lyonmag","27":"tag-news","28":"tag-ol","29":"tag-politique","30":"tag-republique-francaise","31":"tag-sociale","32":"tag-sport","33":"tag-transports"},"share_on_mastodon":{"url":"https:\/\/pubeurope.com\/@fr\/115688158273727994","error":""},"_links":{"self":[{"href":"https:\/\/www.europesays.com\/fr\/wp-json\/wp\/v2\/posts\/587923","targetHints":{"allow":["GET"]}}],"collection":[{"href":"https:\/\/www.europesays.com\/fr\/wp-json\/wp\/v2\/posts"}],"about":[{"href":"https:\/\/www.europesays.com\/fr\/wp-json\/wp\/v2\/types\/post"}],"author":[{"embeddable":true,"href":"https:\/\/www.europesays.com\/fr\/wp-json\/wp\/v2\/users\/2"}],"replies":[{"embeddable":true,"href":"https:\/\/www.europesays.com\/fr\/wp-json\/wp\/v2\/comments?post=587923"}],"version-history":[{"count":0,"href":"https:\/\/www.europesays.com\/fr\/wp-json\/wp\/v2\/posts\/587923\/revisions"}],"wp:featuredmedia":[{"embeddable":true,"href":"https:\/\/www.europesays.com\/fr\/wp-json\/wp\/v2\/media\/587924"}],"wp:attachment":[{"href":"https:\/\/www.europesays.com\/fr\/wp-json\/wp\/v2\/media?parent=587923"}],"wp:term":[{"taxonomy":"category","embeddable":true,"href":"https:\/\/www.europesays.com\/fr\/wp-json\/wp\/v2\/categories?post=587923"},{"taxonomy":"post_tag","embeddable":true,"href":"https:\/\/www.europesays.com\/fr\/wp-json\/wp\/v2\/tags?post=587923"}],"curies":[{"name":"wp","href":"https:\/\/api.w.org\/{rel}","templated":true}]}}