{"id":587925,"date":"2025-12-09T06:19:14","date_gmt":"2025-12-09T06:19:14","guid":{"rendered":"https:\/\/www.europesays.com\/fr\/587925\/"},"modified":"2025-12-09T06:19:14","modified_gmt":"2025-12-09T06:19:14","slug":"ca-change-de-ce-quon-a-connu-dans-notre-enfance","status":"publish","type":"post","link":"https:\/\/www.europesays.com\/fr\/587925\/","title":{"rendered":"\u00ab\u00a0\u00c7a change de ce qu\u2019on a connu dans notre enfance\u00a0\u00bb"},"content":{"rendered":"<p>Ils n\u2019ont pas choisi ce jour par hasard. Catherine et Christian ont quitt\u00e9 la ville depuis 30 ans, mais ces \u00ab\u00a0Lyonnais de c\u0153ur\u00a0\u00bb ont opt\u00e9 pour le traditionnel 8\u00a0d\u00e9cembre\u00a0pour revenir faire un saut \u00e0 la F\u00eate des Lumi\u00e8res. Quand on leur demande leur avis sur ce cru 2025, leur premi\u00e8re r\u00e9action est un brin nostalgique. \u00ab\u00a0Cela change beaucoup de ce qu\u2019on a connu dans notre enfance, dans les ann\u00e9es 80, o\u00f9 les vitrines des magasins \u00e9taient illumin\u00e9es et d\u00e9cor\u00e9es\u00a0\u00bb, glisse Catherine. \u00ab\u00a0\u00c0 l\u2019\u00e9poque, vous receviez de la farine sur la t\u00eate\u00a0\u00bb, ajoute Christian.<\/p>\n<p>Le couple, d\u00e9sormais install\u00e9 \u00e0 1 heure de Lyon, a notamment appr\u00e9ci\u00e9 les clins d\u2019\u0153il au&#8230;<\/p>\n","protected":false},"excerpt":{"rendered":"Ils n\u2019ont pas choisi ce jour par hasard. Catherine et Christian ont quitt\u00e9 la ville depuis 30 ans,&hellip;\n","protected":false},"author":2,"featured_media":587926,"comment_status":"","ping_status":"","sticky":false,"template":"","format":"standard","meta":{"footnotes":""},"categories":[1889],"tags":[1111,11,2430,1687,2757,1777,674,48836,3326,107,1011,27,2428,2756,12,2661,25,2429,3151],"class_list":{"0":"post-587925","1":"post","2":"type-post","3":"status-publish","4":"format-standard","5":"has-post-thumbnail","7":"category-lyon","8":"tag-actu","9":"tag-actualites","10":"tag-auvergne-rhone-alpes","11":"tag-culture-loisirs","12":"tag-edition-lyon-villeurbanne","13":"tag-eu","14":"tag-europe","15":"tag-fete-des-lumieres","16":"tag-fete-locale","17":"tag-fil-info","18":"tag-fr","19":"tag-france","20":"tag-lyon","21":"tag-lyon-bassin","22":"tag-news","23":"tag-patrimoine-culturel","24":"tag-republique-francaise","25":"tag-rhone","26":"tag-selection-de-la-redaction-69"},"share_on_mastodon":{"url":"https:\/\/pubeurope.com\/@fr\/115688162083571600","error":""},"_links":{"self":[{"href":"https:\/\/www.europesays.com\/fr\/wp-json\/wp\/v2\/posts\/587925","targetHints":{"allow":["GET"]}}],"collection":[{"href":"https:\/\/www.europesays.com\/fr\/wp-json\/wp\/v2\/posts"}],"about":[{"href":"https:\/\/www.europesays.com\/fr\/wp-json\/wp\/v2\/types\/post"}],"author":[{"embeddable":true,"href":"https:\/\/www.europesays.com\/fr\/wp-json\/wp\/v2\/users\/2"}],"replies":[{"embeddable":true,"href":"https:\/\/www.europesays.com\/fr\/wp-json\/wp\/v2\/comments?post=587925"}],"version-history":[{"count":0,"href":"https:\/\/www.europesays.com\/fr\/wp-json\/wp\/v2\/posts\/587925\/revisions"}],"wp:featuredmedia":[{"embeddable":true,"href":"https:\/\/www.europesays.com\/fr\/wp-json\/wp\/v2\/media\/587926"}],"wp:attachment":[{"href":"https:\/\/www.europesays.com\/fr\/wp-json\/wp\/v2\/media?parent=587925"}],"wp:term":[{"taxonomy":"category","embeddable":true,"href":"https:\/\/www.europesays.com\/fr\/wp-json\/wp\/v2\/categories?post=587925"},{"taxonomy":"post_tag","embeddable":true,"href":"https:\/\/www.europesays.com\/fr\/wp-json\/wp\/v2\/tags?post=587925"}],"curies":[{"name":"wp","href":"https:\/\/api.w.org\/{rel}","templated":true}]}}