{"id":587927,"date":"2025-12-09T06:21:51","date_gmt":"2025-12-09T06:21:51","guid":{"rendered":"https:\/\/www.europesays.com\/fr\/587927\/"},"modified":"2025-12-09T06:21:51","modified_gmt":"2025-12-09T06:21:51","slug":"actualite-cote-reine-cote-roi-les-cours-des-appartem","status":"publish","type":"post","link":"https:\/\/www.europesays.com\/fr\/587927\/","title":{"rendered":"Actualit\u00e9 | C\u00f4t\u00e9 Reine, C\u00f4t\u00e9 Roi : les cours des appartem&#8230;"},"content":{"rendered":"<p><a id=\"sect1\"\/>Les cours de la Reine et du Dauphin<\/p>\n<p>Les deux cours sont implant\u00e9es au c\u0153ur des appartements de la Reine, dans le corps central sud. Ce dernier fut construit sur le comblement du foss\u00e9 Le Vau entourant le pavillon de chasse des ann\u00e9es 1630 puis le premier ch\u00e2teau de Louis XIV. La fouille a donc consist\u00e9 \u00e0 examiner les niveaux de comblement de ce foss\u00e9 jusqu\u2019au substrat sableux \u00e0 3,20 m de profondeur. Ont \u00e9t\u00e9 exhum\u00e9s :\u00a0murs de fondations de galerie sur colonnades aujourd\u2019hui disparues, pierr\u00e9es d\u2019\u00e9vacuation d\u2019eau, galeries vo\u00fbt\u00e9es de maintenance des r\u00e9seaux hydrauliques et collecteurs monumentaux d\u2019eaux pluviales, ouvrages vo\u00fbt\u00e9s en plein cintre de la fin du XVIIe si\u00e8cle. La densit\u00e9 des structures dans les deux cours et le bon niveau de lecture stratigraphique permettra de proposer un phasage pr\u00e9cis de l\u2019ensemble des s\u00e9quences d\u2019am\u00e9nagement de ces espaces.<\/p>\n<p><img loading=\"lazy\" decoding=\"async\" typeof=\"Image\" src=\"https:\/\/www.europesays.com\/fr\/wp-content\/uploads\/2025\/12\/1_-_versailles_cour_de_la_reine_2025_result.jpg\" width=\"5360\" height=\"3548\" alt=\"Versailles 1\" title=\"Versailles 1\"\/><\/p>\n<p>Vue z\u00e9nithale de la fouille de la Cour de la Reine dans les appartements du corps central Sud du ch\u00e2teau de Versailles, 2025. Dans un contexte de coactivit\u00e9, les arch\u00e9ologues interviennent pour fouiller les galeries du r\u00e9seaux hydrauliques, les fondations d\u2019anciennes constructions et l\u2019escarpe de briques et calcaire du Mur Le Vau agr\u00e9mentant le premier ch\u00e2teau de Louis XIV des ann\u00e9es 1660.<\/p>\n<p><a id=\"sect2\"\/>Le Mur Le Vau des ann\u00e9es 1660<\/p>\n<p>La fouille des deux cours a \u00e9galement consist\u00e9 \u00e0 d\u00e9gager toutes les sections conserv\u00e9es de la contrescarpe de briques et cha\u00eenages calcaire. Construites dans les ann\u00e9es 1660, ce parement de la partie interne du foss\u00e9 n\u2019est que tr\u00e8s ponctuellement conserv\u00e9 sur le ch\u00e2teau. A cette phase initiale d\u2019occupation sont associ\u00e9s quelques pi\u00e8ces c\u00e9ramiques, directement attribu\u00e9es aux consommations des \u00e9lites royales\u00a0: fragment de porcelaine chinoise dont l\u2019importation en Europe commence \u00e0 peine, et tessons de fa\u00efence fine, blanche et bleue, d\u00e9cor\u00e9e de motifs v\u00e9g\u00e9taux et d\u2019oiseaux appartenant \u00e0 un pot de chambre.<\/p>\n<p><img loading=\"lazy\" decoding=\"async\" typeof=\"Image\" src=\"https:\/\/www.europesays.com\/fr\/wp-content\/uploads\/2025\/12\/2_-_versailles_cour_de_la_reine_2025_result.jpg\" width=\"4000\" height=\"3000\" alt=\"Versailles 2\" title=\"Versailles 2\"\/><\/p>\n<p>Vue du mur Le Vau dans l\u2019angle nord-est de la Cour de la Reine du ch\u00e2teau de Versailles, 2025. L\u2019escarpe du foss\u00e9, rev\u00eatu d\u2019un parement de briques et cha\u00eenages calcaire \u00e9tait partiellement conserv\u00e9 sur 3,20 m de hauteur.<\/p>\n<p><a id=\"sect3\"\/>La grande cour et son bassin<\/p>\n<p>La fouille a \u00e9galement permis de mettre en \u00e9vidence les vestiges d\u2019un vaste bassin circulaire, plac\u00e9 entre 1668 et 1690 au centre de la Grande Cour originelle, avant la s\u00e9paration en deux espaces distinctifs par la construction d\u2019un pavillon ajout\u00e9 au corps Sud. Le type de construction du bassin avec galerie de maintenance vo\u00fbt\u00e9e indique qu\u2019il s\u2019agissait d\u2019un bassin ouvrag\u00e9 et d\u00e9cor\u00e9 pour lequel les recherches archivistiques restent \u00e0 mener, avec l\u2019appui du service des fontainiers.<\/p>\n<p><img loading=\"lazy\" decoding=\"async\" typeof=\"Image\" src=\"https:\/\/www.europesays.com\/fr\/wp-content\/uploads\/2025\/12\/3_-_versailles_bassin_et_ovoide_passage_du_dauphin_inrap_2025_result.jpg\" width=\"2040\" height=\"942\" alt=\"Versailles 3\" title=\"Versailles 3\"\/><\/p>\n<p>Vestiges des fondations d\u2019un bassin circulaire pr\u00e9sent dans la Grande Cour des appartements de la Reine entre 1660 et 1609, flanqu\u00e9 d\u2019une galerie de maintenance dont on observe la trace de de la vo\u00fbte en plein cintre (Passage du Dauphin). Le tout a \u00e9t\u00e9 repris dans la construction d\u2019un pavillon, extension des appartements de la Reine sur l\u2019espace de la Cour.<\/p>\n<p>Au moment de la s\u00e9paration en deux cours, l\u2019extension b\u00e2tie des appartements est clairement venue s\u2019appuyer sur l\u2019arase du bassin. \u00c0 cet ensemble sont associ\u00e9es plusieurs galeries de maintenance vo\u00fbt\u00e9es.<\/p>\n<p><img loading=\"lazy\" decoding=\"async\" typeof=\"Image\" src=\"https:\/\/www.europesays.com\/fr\/wp-content\/uploads\/2025\/12\/4-_versailles_-_bassin_cour_du_dauphin_inrap_2025_result.jpg\" width=\"2000\" height=\"1500\" alt=\"Versailles 4\" title=\"Versailles 4\"\/><\/p>\n<p>Vue depuis la cour du Dauphin des fondations du bassin de la Grande Cour des ann\u00e9es 1670. Le pavillon du XVIIIe si\u00e8cle surmonte la fondation. On distingue la vo\u00fbte d\u2019une des galeries de maintenance du bassin.\u00a0<\/p>\n<p><a id=\"sect4\"\/>Les vestiges de la Terrasse Nord<\/p>\n<p>Sur la terrasse, dominant le parterre du m\u00eame nom, le travail de d\u00e9capage et de fouille accompagnant les travaux a permis de compl\u00e9ter les donn\u00e9es sur les modalit\u00e9s de construction des \u00e9tats successifs du ch\u00e2teau.<br \/>Le long de la fa\u00e7ade a \u00e9t\u00e9 identifi\u00e9 un alignement de structures en creux combl\u00e9es de pl\u00e2tre et de fragments sculpt\u00e9s monumentaux (main, m\u00e2choire de cheval, t\u00eate de b\u00e9lier) des XVIIe et XVIIIe si\u00e8cles, peut-\u00eatre d\u00e9pos\u00e9s lors de la r\u00e9fection des bas-reliefs au-dessus des fen\u00eatres dans le courant du XXe si\u00e8cle.<\/p>\n<p><img loading=\"lazy\" decoding=\"async\" typeof=\"Image\" src=\"https:\/\/www.europesays.com\/fr\/wp-content\/uploads\/2025\/12\/6_-_0012_inrap_au_chateau_de_versailles_chamid_azmoun_ha19754-2_result.jpg\" width=\"4724\" height=\"3149\" alt=\"Versailles 6\" title=\"Versailles 6\"\/><\/p>\n<p>Terrasse Nord du Ch\u00e2teau de Versailles. Fouille et d\u00e9montage de la fondation de r\u00e9emploi d\u2019une balustrade du XVIIe si\u00e8cle. 2025.\u00a0<\/p>\n<p>Plusieurs fosses ant\u00e9rieures aux deux ma\u00e7onneries ont \u00e9galement \u00e9t\u00e9 mises en \u00e9vidence entre le corps central Nord et l\u2019Aile du Nord. Leur comblement contient des fragments de nacre et coquillages dont on peut raisonnablement supposer qu\u2019ils provenaient de la d\u00e9molition de l\u2019ancienne grotte de T\u00e9thys dress\u00e9e dans le secteur avant la construction de l\u2019Aile du Nord \u00e0 partir de 1685. Un petit ouvrage carr\u00e9, vo\u00fbt\u00e9, probable puisard, plac\u00e9 dans l\u2019angle sud-est de la terrasse nord semble t\u00e9moigner des vestiges des r\u00e9seaux hydrauliques du XVIIe si\u00e8cle.<\/p>\n<p><img loading=\"lazy\" decoding=\"async\" typeof=\"Image\" src=\"https:\/\/www.europesays.com\/fr\/wp-content\/uploads\/2025\/12\/5_-_0014_inrap_au_chateau_de_versailles_chamid_azmoun_ha19647-2_result.jpg\" width=\"3149\" height=\"4724\" alt=\"Versailles 5\" title=\"Versailles 5\"\/><\/p>\n<p>Vue de l\u2019angle sud-est des fouilles de la terrasse Nord, le long de l\u2019Aile du Nord du Ch\u00e2teau de Versailles, Ma\u00e7onnerie de r\u00e9emploi du XVIIe si\u00e8cle (circa 1685), 2025. R\u00e9seaux hydrauliques, fondations de murs y sont en cours de fouille, les blocs lapidaires en cours d\u2019enregistrement.\u00a0<\/p>\n<p><a id=\"sect5\"\/>R\u00e9emploi monumental<\/p>\n<p>Un mur de fondation, parall\u00e8le \u00e0 l\u2019Aile du Nord, mis au jour sur plus de 17 m de long, comptait entre 4 ou 5 assises de blocs compos\u00e9s d\u2019un \u00e9tonnant r\u00e9emploi d\u2019\u00e9l\u00e9ments de balustre.\u00a0 Les modules lapidaires, la nature du calcaire et celle des mortiers montrent qu\u2019il s\u2019agit d\u2019\u00e9l\u00e9ments anciens, en r\u00e9emploi, issus de la d\u00e9molition d\u2019une rambarde ou balustrade avec escalier. Si pendant un temps, l\u2019\u00e9quipe a pu envisager qu\u2019il s\u2019agisse de la r\u00e9cup\u00e9ration de certains \u00e9l\u00e9ments de la grotte de Th\u00e9tys, l\u2019hypoth\u00e8se n\u2019est plus privil\u00e9gi\u00e9e. La confrontation des donn\u00e9es arch\u00e9ologiques permettra sans doute d\u2019en formuler de plus s\u00fbres.<br \/>Le mur fond\u00e9 sur ce r\u00e9emploi pourrait correspondre \u00e0 la mise en place d\u2019une cl\u00f4ture surmont\u00e9e d\u2019une grille, Illustr\u00e9e sur le projet d&rsquo;Ange-Jacques Gabriel.\u00a0 La premi\u00e8re barri\u00e8re \u00e9lev\u00e9e dans les ann\u00e9es 1680 aurait \u00e9t\u00e9 reprise \u00e0 plusieurs reprises dont en 1771 pour s\u00e9parer les jardins, accessibles \u00e0 tous, de l\u2019espace r\u00e9serv\u00e9 aux carrosses autoris\u00e9s \u00e0 remonter jusqu\u2019aux appartements royaux.<\/p>\n<p><img loading=\"lazy\" decoding=\"async\" typeof=\"Image\" src=\"https:\/\/www.europesays.com\/fr\/wp-content\/uploads\/2025\/12\/7_-_p1030214_result.jpg\" width=\"4000\" height=\"3000\" alt=\"Versailles 7\" title=\"Versailles 7\"\/><\/p>\n<p>Terrasse Nord du Ch\u00e2teau de Versailles. Fondation d\u2019un mur de grille, ann\u00e9es 1685. L\u2019appareil du mur est compos\u00e9 de la r\u00e9utilisation d\u2019\u2019\u00e9l\u00e9ments d\u2019une ancienne balustrade ou escalier.\u00a0<\/p>\n<p>\u00a9 S\u00e9verine\u00a0Hurard,\u00a0Inrap<\/p>\n<p><a id=\"sect6\"\/>Un chantier permanent<\/p>\n<p>Les deux fouilles r\u00e9alis\u00e9es en 2025 compl\u00e8tent les donn\u00e9es accumul\u00e9es ces 20 derni\u00e8res ann\u00e9es sur l\u2019ensemble du ch\u00e2teau. Outre le bon \u00e9tat de conservation, l\u2019ensemble des interventions montre clairement la complexit\u00e9 stratigraphique des \u00e9l\u00e9ments conserv\u00e9s. Chantier de construction permanent, le site ne cesse de subir des transformations dont les sous-sols ont enregistr\u00e9 la trace. Les enjeux d\u2019agrandissement, de construction, d\u2019\u00e9quipement de ce site d\u00e9mesur\u00e9 en font un objet en constante \u00e9volution o\u00f9 la rapidit\u00e9 des changements et la multiplicit\u00e9 des chantiers, imposent que toutes les sources de documentation soient mobilis\u00e9es dans une enqu\u00eate r\u00e9solument interdisciplinaire. C\u2019est bien l\u2019analyse critique des deux types de documentation, puis leur confrontation, qui permettent de poser les hypoth\u00e8ses et le cas \u00e9ch\u00e9ant de les \u00e9tayer.<\/p>\n<p><img loading=\"lazy\" decoding=\"async\" typeof=\"Image\" src=\"https:\/\/www.europesays.com\/fr\/wp-content\/uploads\/2025\/12\/8_-_operations_versailles_ech_result.jpg\" width=\"2442\" height=\"3558\" alt=\"Versailles 8\" title=\"Versailles 8\"\/><\/p>\n<p>Plan g\u00e9n\u00e9ral de l\u2019ensemble des op\u00e9rations d\u2019arch\u00e9ologie pr\u00e9ventive men\u00e9es sur le ch\u00e2teau de Versailles entre 2007 et 2025. En rouge sont indiqu\u00e9es les fouilles 2025 de la terrasse Nord et des Cours de la Reine et du Dauphin.<\/p>\n<p><strong>Am\u00e9nagement :\u00a0<\/strong>OPPIC<br \/><strong>Contr\u00f4le scientifique :<\/strong>\u00a0Service r\u00e9gional de l\u2019arch\u00e9ologie (Drac\u00a0\u00cele-de-France)<br \/><strong>Recherche arch\u00e9ologique :<\/strong>\u00a0Inrap<br \/><strong>Responsable scientifique :<\/strong> S\u00e9verine Hurard, Inrap<\/p>\n","protected":false},"excerpt":{"rendered":"Les cours de la Reine et du Dauphin Les deux cours sont implant\u00e9es au c\u0153ur des appartements de&hellip;\n","protected":false},"author":2,"featured_media":587928,"comment_status":"","ping_status":"","sticky":false,"template":"","format":"standard","meta":{"footnotes":""},"categories":[1592],"tags":[1111,11,1777,674,1011,27,662,12,626,25],"class_list":{"0":"post-587927","1":"post","2":"type-post","3":"status-publish","4":"format-standard","5":"has-post-thumbnail","7":"category-ile-de-france","8":"tag-actu","9":"tag-actualites","10":"tag-eu","11":"tag-europe","12":"tag-fr","13":"tag-france","14":"tag-ile-de-france","15":"tag-news","16":"tag-paris","17":"tag-republique-francaise"},"share_on_mastodon":{"url":"https:\/\/pubeurope.com\/@fr\/115688175315471421","error":""},"_links":{"self":[{"href":"https:\/\/www.europesays.com\/fr\/wp-json\/wp\/v2\/posts\/587927","targetHints":{"allow":["GET"]}}],"collection":[{"href":"https:\/\/www.europesays.com\/fr\/wp-json\/wp\/v2\/posts"}],"about":[{"href":"https:\/\/www.europesays.com\/fr\/wp-json\/wp\/v2\/types\/post"}],"author":[{"embeddable":true,"href":"https:\/\/www.europesays.com\/fr\/wp-json\/wp\/v2\/users\/2"}],"replies":[{"embeddable":true,"href":"https:\/\/www.europesays.com\/fr\/wp-json\/wp\/v2\/comments?post=587927"}],"version-history":[{"count":0,"href":"https:\/\/www.europesays.com\/fr\/wp-json\/wp\/v2\/posts\/587927\/revisions"}],"wp:featuredmedia":[{"embeddable":true,"href":"https:\/\/www.europesays.com\/fr\/wp-json\/wp\/v2\/media\/587928"}],"wp:attachment":[{"href":"https:\/\/www.europesays.com\/fr\/wp-json\/wp\/v2\/media?parent=587927"}],"wp:term":[{"taxonomy":"category","embeddable":true,"href":"https:\/\/www.europesays.com\/fr\/wp-json\/wp\/v2\/categories?post=587927"},{"taxonomy":"post_tag","embeddable":true,"href":"https:\/\/www.europesays.com\/fr\/wp-json\/wp\/v2\/tags?post=587927"}],"curies":[{"name":"wp","href":"https:\/\/api.w.org\/{rel}","templated":true}]}}