{"id":587929,"date":"2025-12-09T06:23:16","date_gmt":"2025-12-09T06:23:16","guid":{"rendered":"https:\/\/www.europesays.com\/fr\/587929\/"},"modified":"2025-12-09T06:23:16","modified_gmt":"2025-12-09T06:23:16","slug":"corbert-lebeau-un-martyr-de-chatellerault-beatifie-samedi-a-notre-dame-de-paris","status":"publish","type":"post","link":"https:\/\/www.europesays.com\/fr\/587929\/","title":{"rendered":"Corbert Lebeau\u00a0: un martyr de Ch\u00e2tellerault b\u00e9atifi\u00e9 samedi \u00e0 Notre-Dame-de-Paris"},"content":{"rendered":"<p>Ce samedi 13 d\u00e9cembre, une messe d&rsquo;action de gr\u00e2ce sera c\u00e9l\u00e9br\u00e9e \u00e0 Notre-Dame-de-Paris en pr\u00e9sence des pr\u00eatres de Ch\u00e2tellerault et des descendants de familles d&rsquo;amis de Colbert Lebeau. Il fait partie d&rsquo;une cinquantaine de martyrs tu\u00e9s par les nazis pendant la seconde guerre mondiale.<\/p>\n<p>Colbert Lebeau \u00e9tait un jeune homme presque comme les autres et son parcours, Marie-Claude Albert le conna\u00eet en d\u00e9tail. Marie-Claude Albert est docteur en histoire contemporaine et membre du <a target=\"_blank\" rel=\"nofollow noopener noreferrer\" class=\"IciLink ici-link IciArticleLink g-ici-body-regular-1 underline brand svelte-1chfe2s\" href=\"https:\/\/www.ccha.fr\/evenements\/colbert-lebeau\/\">Centre Ch\u00e2telleraudais d&rsquo;Histoire et d&rsquo;Archives<\/a>. Elle a effectu\u00e9 de nombreuses recherches \u00e0 son sujet.<\/p>\n<p>\u00ab\u00a0Ce gar\u00e7on \u00e9tait d&rsquo;abord le fils d&rsquo;un cultivateur devenu cheminot. Il est n\u00e9 \u00e0 Paizay-le-Sec pr\u00e8s de Chauvigny, install\u00e9 ensuite \u00e0 Ch\u00e2tellerault, o\u00f9 il fait des \u00e9tudes \u00e0 l&rsquo;\u00e9cole communale, puis au coll\u00e8ge de gar\u00e7ons.\u00a0Il devient ensuite employ\u00e9 de banque en 1938. Il entre \u00e0 la Jeunesse Ouvri\u00e8re Chr\u00e9tienne, la JOC. La mission de ce mouvement, c&rsquo;est de valoriser la dimension humaine et ouvri\u00e8re du Christ.\u00a0\u00bb d\u00e9taille Marie-Claude Albert.<\/p>\n<p>Mais \u00e0 l&rsquo;\u00e9t\u00e9 1940, la vie de Colbert Lebeau bascule, comme celle de millions de Fran\u00e7ais. Le mar\u00e9chal P\u00e9tain, pr\u00e9sident du Conseil des ministres annonce \u00e0 la radio prendre la direction du gouvernement de la France. Suivent les propagandes, dont celles pour la rel\u00e8ve incitant les travailleurs fran\u00e7ais \u00e0 rejoindre l&rsquo;Allemagne pour permettre le retour de prisonniers. C&rsquo;est un \u00e9chec pour le gouvernement fran\u00e7ais qui sous la pression allemande lance le STO, service de travail obligatoire.<\/p>\n<p> <img decoding=\"async\" src=\"https:\/\/www.europesays.com\/fr\/wp-content\/uploads\/2025\/12\/1765261393_328_1280\" alt=\"illustration agrandir l'image\" style=\"--_image-preview:url('data:image\/jpeg;base64,\/9j\/2wBDACgcHiMeGSgjISMtKygwPGRBPDc3PHtYXUlkkYCZlo+AjIqgtObDoKrarYqMyP\/L2u71\/\/\/\/m8H\/\/\/\/6\/+b9\/\/j\/2wBDASstLTw1PHZBQXb4pYyl+Pj4+Pj4+Pj4+Pj4+Pj4+Pj4+Pj4+Pj4+Pj4+Pj4+Pj4+Pj4+Pj4+Pj4+Pj4+Pj4+Pj\/wAARCAAqAB8DASIAAhEBAxEB\/8QAGAABAQEBAQAAAAAAAAAAAAAAAQIDAAT\/xAAXEAEBAQEAAAAAAAAAAAAAAAAAAQIR\/8QAFAEBAAAAAAAAAAAAAAAAAAAAAP\/EABQRAQAAAAAAAAAAAAAAAAAAAAD\/2gAMAwEAAhEDEQA\/APXpnV6RQSQYDWosXU0EcJcC6KpNAAgH\/9k=');\" loading=\"lazy\" fetchpriority=\"low\" class=\"svelte-1cksh76 rounded\" onload=\"this.__e=event\" onerror=\"this.__e=event\"\/> L&rsquo;affiche de l&rsquo;avis de la pr\u00e9fecture de la Vienne pour recenser les jeunes en vue du service du travail obligatoire en Allemagne \u00a9 Aucun(e) &#8211; Centre Ch\u00e2telleraudais d&rsquo;Histoire et d&rsquo;Archives  <\/p>\n<p>\u00ab\u00a0Albert Le Beau a \u00e9t\u00e9 requis en 1943 pour partir au S.T.O et il fait d&rsquo;ailleurs partie des premiers requis du d\u00e9partement de la Vienne. Le d\u00e9part ayant eu lieu le 8 mars 1943 de la gare de Ch\u00e2tellerault, puis gare de Poitiers, puis Paris et l&rsquo;Allemagne.\u00a0\u00bb explique le docteur en Histoire contemporaine.<\/p>\n<p> <img decoding=\"async\" src=\"https:\/\/www.europesays.com\/fr\/wp-content\/uploads\/2025\/12\/1765261395_274_1280\" alt=\"illustration agrandir l'image\" style=\"--_image-preview:url('data:image\/jpeg;base64,\/9j\/2wBDACgcHiMeGSgjISMtKygwPGRBPDc3PHtYXUlkkYCZlo+AjIqgtObDoKrarYqMyP\/L2u71\/\/\/\/m8H\/\/\/\/6\/+b9\/\/j\/2wBDASstLTw1PHZBQXb4pYyl+Pj4+Pj4+Pj4+Pj4+Pj4+Pj4+Pj4+Pj4+Pj4+Pj4+Pj4+Pj4+Pj4+Pj4+Pj4+Pj4+Pj\/wAARCAAfACoDASIAAhEBAxEB\/8QAFwABAQEBAAAAAAAAAAAAAAAAAgEDAP\/EABgQAQEBAQEAAAAAAAAAAAAAAAABEQIS\/8QAFQEBAQAAAAAAAAAAAAAAAAAAAAH\/xAAUEQEAAAAAAAAAAAAAAAAAAAAA\/9oADAMBAAIRAxEAPwDShToUEWJhSAsMZDwEsCxveRvIMsWQ\/LpyCSFiyLij\/9k=');\" loading=\"lazy\" fetchpriority=\"low\" class=\"svelte-1cksh76 rounded\" onload=\"this.__e=event\" onerror=\"this.__e=event\"\/> La section JOC d\u00e9port\u00e9e au camp de M\u00fccheln en Allemagne, le 28 novembre 1943 avec Colbert Lebeau (4e en haut \u00e0 droite) \u00a9 Aucun(e) &#8211; Centre Ch\u00e2telleraudais d&rsquo;Histoire et d&rsquo;Archives  <\/p>\n<p>Mais les messages de la propagande vantant\u00a0de bonnes conditions de travail sont \u00e9videmment bien loin de la r\u00e9alit\u00e9.<\/p>\n<p>\u00ab\u00a0Corbert Lebeau\u00a0aide alors les autres travailleurs \u00e0 supporter les conditions difficiles sur place. Une nourriture d\u00e9ficiente, du travail de nuit, des journ\u00e9es de labeur de plus de 10 heures. Donc, il a non seulement une mission religieuse, mais \u00e9galement une mission humaine. Et dans ses correspondances, il le dit avec beaucoup de clart\u00e9. A partir de 1943, un d\u00e9cret nazi exige que les jeunes catholiques, et particuli\u00e8rement les scouts et les jocistes, ne pratiquent plus aucune activit\u00e9 religieuse. Ces jeunes catholiques comme Colbert Lebeau se retrouvent surveill\u00e9s, poursuivis, arr\u00eat\u00e9s et d\u00e9port\u00e9s pour certains en raison de leur foi et de leur activit\u00e9.\u00a0\u00bb r\u00e9sume Marie-Claude Albert.<\/p>\n<p> <img decoding=\"async\" src=\"https:\/\/www.europesays.com\/fr\/wp-content\/uploads\/2025\/12\/1765261396_946_1280\" alt=\"illustration agrandir l'image\" style=\"--_image-preview:url('data:image\/jpeg;base64,\/9j\/2wBDACgcHiMeGSgjISMtKygwPGRBPDc3PHtYXUlkkYCZlo+AjIqgtObDoKrarYqMyP\/L2u71\/\/\/\/m8H\/\/\/\/6\/+b9\/\/j\/2wBDASstLTw1PHZBQXb4pYyl+Pj4+Pj4+Pj4+Pj4+Pj4+Pj4+Pj4+Pj4+Pj4+Pj4+Pj4+Pj4+Pj4+Pj4+Pj4+Pj4+Pj\/wAARCAAVACoDASIAAhEBAxEB\/8QAFgABAQEAAAAAAAAAAAAAAAAAAAEF\/8QAFBABAAAAAAAAAAAAAAAAAAAAAP\/EABQBAQAAAAAAAAAAAAAAAAAAAAD\/xAAUEQEAAAAAAAAAAAAAAAAAAAAA\/9oADAMBAAIRAxEAPwDSBQQUBBUAUAAAAAf\/2Q==');\" loading=\"lazy\" fetchpriority=\"low\" class=\"svelte-1cksh76 rounded\" onload=\"this.__e=event\" onerror=\"this.__e=event\"\/> En jaune sur la carte, le camp de M\u00fccheln o\u00f9 Corbert Lebeau est d\u00e9c\u00e9d\u00e9 \u00e0 26 ans, sans jamais avoir reni\u00e9 sa foi \u00a9 Aucun(e) &#8211; Centre Ch\u00e2telleraudais d&rsquo;Histoire et d&rsquo;Archives  <\/p>\n<p>Colbert Lebeau d\u00e9c\u00e9dera le 3 janvier 1945 \u00e0 26 ans dans le camps de M\u00fclchen pr\u00e8s de Leipzig, sans jamais avoir reni\u00e9 sa foi et son engagement. Sa d\u00e9pouille a \u00e9t\u00e9 rapatri\u00e9e en 1948. 80 ans apr\u00e8s sa mort, il va donc devenir bienheureux avec cinquante autre martyrs, au cours de la messe d&rsquo;action de gr\u00e2ce. Elle sera c\u00e9l\u00e9br\u00e9e \u00e0 14h30 ce samedi 13 d\u00e9cembre par le Pr\u00e9lat du Pape, Archev\u00eaque du Luxembourg en la cath\u00e9drale Notre-Dame-de-Paris. Le lendemain, le dimanche 14 d\u00e9cembre, une journ\u00e9e d&rsquo;action de gr\u00e2ce se d\u00e9roulera \u00e0 Ch\u00e2tellerault avec une messe en l&rsquo;Eglise Saint-Jean-Baptiste, un p\u00e8lerinage au cimeti\u00e8re Saint-Jacques. Une conf\u00e9rence est aussi pr\u00e9vue en pr\u00e9sence de Marie-Claude Albert et de Sylvie Bernay, sp\u00e9cialiste en histoire religieuse ou encore d&rsquo;une descendante de famille d&rsquo;amis.<\/p>\n<p>Pour en savoir plus, consultez\u00a0<a target=\"_blank\" rel=\"nofollow noopener noreferrer\" class=\"IciLink ici-link IciArticleLink g-ici-body-regular-1 underline brand svelte-1chfe2s\" href=\"https:\/\/www.ccha.fr\/colbert-lebeau-victime-du-travail-obligatoire-en-allemagne-1943-1945\/\">l&rsquo;article publi\u00e9 dans la Revue d&rsquo;Histoire en pays Ch\u00e2telleraudais par le CCHA<\/a>.<\/p>\n<p>  (function(w, d) {     if (w.FB &#038;&#038; w.FB.XFBML &#038;&#038; w.FB.XFBML.parse) {         if (&lsquo;undefined&rsquo; == typeof w.__fbTimeout) {             w.__fbTimeout = setTimeout(function() {                 w.FB.XFBML.parse();                 w.__fbTimeout = undefined;             }, 1000);         }     } else if (&lsquo;undefined&rsquo; == typeof w.__fbTimeout) {         if (d.querySelectorAll(&lsquo;#fb-root&rsquo;).length === 0) {             var fbRoot = d.createElement(&lsquo;div&rsquo;);             fbRoot.id = &lsquo;fb-root&rsquo;;             d.querySelector(&lsquo;body&rsquo;).append(fbRoot);         }         if (d.querySelectorAll(&lsquo;#facebook-jssdk&rsquo;).length === 0) {             var fbScript = d.createElement(&lsquo;script&rsquo;);             fbScript.id = &lsquo;facebook-jssdk&rsquo;;             fbScript.src=\u00a0\u00bb\/\/connect.facebook.net\/fr_FR\/sdk.js#xfbml=1&#038;version=v2.8&#038;appId=593991304071705&Prime;;             fbScript.async = 1;             d.querySelector(&lsquo;head&rsquo;).append(fbScript);         }     } })(window, window.document); \\u003C\/script>\\\u00a0\u00bb,\\\u00a0\u00bbprovider\\\u00a0\u00bb:\\\u00a0\u00bbfacebook\\\u00a0\u00bb,\\\u00a0\u00bbdidomiPurposes\\\u00a0\u00bb:\\\u00a0\u00bbPour afficher ce contenu Facebook, vous devez accepter les cookies \\u003Cb>R\u00e9seaux Sociaux\\u003C\/b>.\\u003Cbr>\\u003Cbr>Ces cookies permettent de partager ou r\u00e9agir directement sur les r\u00e9seaux sociaux auxquels vous \u00eates connect\u00e9s ou d&rsquo;int\u00e9grer du contenu initialement post\u00e9 sur ces r\u00e9seaux sociaux. Ils permettent aussi aux r\u00e9seaux sociaux d&rsquo;utiliser vos visites sur nos sites et applications \u00e0 des fins de personnalisation et de ciblage publicitaire.\\\u00a0\u00bb,\\\u00a0\u00bbdidomiVendorId\\\u00a0\u00bb:\\\u00a0\u00bbc:facebookc-rgacRMQm\\\u00a0\u00bb}}],\\\u00a0\u00bbpath\\\u00a0\u00bb:\\\u00a0\u00bbemissions\/l-info-d-ici-ici-poitou\/corbert-lebeau-un-martyr-de-chatellerault-beatifie-samedi-a-notre-dame-de-paris-1526275\\\u00a0\u00bb,\\\u00a0\u00bbvisual\\\u00a0\u00bb:{\\\u00a0\u00bbid\\\u00a0\u00bb:\\\u00a0\u00bb3bfc67cf-32c2-4e02-a4d1-c834ca64fc47\\\u00a0\u00bb,\\\u00a0\u00bbpreview\\\u00a0\u00bb:\\\u00a0\u00bb\/9j\/2wBDACgcHiMeGSgjISMtKygwPGRBPDc3PHtYXUlkkYCZlo+AjIqgtObDoKrarYqMyP\/L2u71\/\/\/\/m8H\/\/\/\/6\/+b9\/\/j\/2wBDASstLTw1PHZBQXb4pYyl+Pj4+Pj4+Pj4+Pj4+Pj4+Pj4+Pj4+Pj4+Pj4+Pj4+Pj4+Pj4+Pj4+Pj4+Pj4+Pj4+Pj\/wAARCAAXACoDASIAAhEBAxEB\/8QAGAAAAwEBAAAAAAAAAAAAAAAAAAIDAQT\/xAAWEAEBAQAAAAAAAAAAAAAAAAAAAQL\/xAAVAQEBAAAAAAAAAAAAAAAAAAAAAf\/EABQRAQAAAAAAAAAAAAAAAAAAAAD\/2gAMAwEAAhEDEQA\/AF0nT6JRWGjGwFcKpYVBz6JQADYACuFAAf\/Z\\\u00a0\u00bb,\\\u00a0\u00bblegend\\\u00a0\u00bb:\\\u00a0\u00bbCorbert Lebeau va \u00eatre b\u00e9atifi\u00e9 ce samedi 13 d\u00e9cembre en la cath\u00e9drale Notre-Dame-de-Paris avec 49 autres martyrs des nazis pendant la seconde guerre mondiale\\\u00a0\u00bb,\\\u00a0\u00bbcopyright\\\u00a0\u00bb:\\\u00a0\u00bbAucun(e)\\\u00a0\u00bb,\\\u00a0\u00bbauthor\\\u00a0\u00bb:\\\u00a0\u00bbCentre Ch\u00e2telleraudais d&rsquo;Histoire et d&rsquo;Archives\\\u00a0\u00bb},\\\u00a0\u00bbmedia\\\u00a0\u00bb:{\\\u00a0\u00bbsources\\\u00a0\u00bb:[{\\\u00a0\u00bbbroadcastType\\\u00a0\u00bb:\\\u00a0\u00bbaod\\\u00a0\u00bb,\\\u00a0\u00bburl\\\u00a0\u00bb:\\\u00a0\u00bbhttps:\/\/media.radiofrance-podcast.net\/podcast09\/22326-09.12.2025-ITEMA_24336614-2025B44724S0343-NET_86A_B7A02B7B-A411-4043-9873-28579501714B-21-c6d0e96e521e0b60fe5ec65ff4560596.mp3\\\u00a0\u00bb}],\\\u00a0\u00bbstartTime\\\u00a0\u00bb:1765258290,\\\u00a0\u00bbendTime\\\u00a0\u00bb:1765258482,\\\u00a0\u00bbtimeMap\\\u00a0\u00bb:[{\\\u00a0\u00bbdata\\\u00a0\u00bb:{\\\u00a0\u00bbstation\\\u00a0\u00bb:\\\u00a0\u00bbICI Poitou\\\u00a0\u00bb,\\\u00a0\u00bbtitle\\\u00a0\u00bb:\\\u00a0\u00bbL&rsquo;info d&rsquo;ici, ICI Poitou\\\u00a0\u00bb,\\\u00a0\u00bbdescription\\\u00a0\u00bb:\\\u00a0\u00bbCorbert Lebeau\u00a0: un martyr de Ch\u00e2tellerault b\u00e9atifi\u00e9 samedi \u00e0 Notre-Dame-de-Paris\\\u00a0\u00bb,\\\u00a0\u00bbcover\\\u00a0\u00bb:\\\u00a0\u00bbhttps:\/\/www.francebleu.fr\/pikapi\/images\/3bfc67cf-32c2-4e02-a4d1-c834ca64fc47\/400&#215;400?webp=false\\\u00a0\u00bb,\\\u00a0\u00bbcoverFallback\\\u00a0\u00bb:\\\u00a0\u00bbhttps:\/\/www.francebleu.fr\/s3\/cruiser-production-eu3\/2024\/12\/7d516a30-19b5-402f-87a9-5ea6150b2592\/400x400_sc_3d9c9a7d-8ad5-4751-bfa3-f15dfd6b700f-720.jpg\\\u00a0\u00bb,\\\u00a0\u00bbclipType\\\u00a0\u00bb:\\\u00a0\u00bbreecoute\\\u00a0\u00bb,\\\u00a0\u00bbxtn2\\\u00a0\u00bb:45,\\\u00a0\u00bbemission\\\u00a0\u00bb:{\\\u00a0\u00bbid\\\u00a0\u00bb:\\\u00a0\u00bb98473371-e3f3-45ee-aac3-2370a64f136d\\\u00a0\u00bb,\\\u00a0\u00bbtitle\\\u00a0\u00bb:\\\u00a0\u00bbL&rsquo;info d&rsquo;ici, ICI Poitou\\\u00a0\u00bb,\\\u00a0\u00bbpath\\\u00a0\u00bb:\\\u00a0\u00bbemissions\/france-bleu-poitou-reportage\/poitou\\\u00a0\u00bb,\\\u00a0\u00bbbusinessReference\\\u00a0\u00bb:\\\u00a0\u00bb44724\\\u00a0\u00bb},\\\u00a0\u00bbdiffusion\\\u00a0\u00bb:{\\\u00a0\u00bbid\\\u00a0\u00bb:\\\u00a0\u00bbd9abad45-afaf-4c42-abcf-84f521c5a1c6\\\u00a0\u00bb,\\\u00a0\u00bbtitle\\\u00a0\u00bb:\\\u00a0\u00bbCorbert Lebeau\u00a0: un martyr de Ch\u00e2tellerault b\u00e9atifi\u00e9 samedi \u00e0 Notre-Dame-de-Paris\\\u00a0\u00bb,\\\u00a0\u00bbpath\\\u00a0\u00bb:\\\u00a0\u00bbemissions\/l-info-d-ici-ici-poitou\/corbert-lebeau-un-martyr-de-chatellerault-beatifie-samedi-a-notre-dame-de-paris-1526275\\\u00a0\u00bb},\\\u00a0\u00bbsiteId\\\u00a0\u00bb:56,\\\u00a0\u00bbconceptUuid\\\u00a0\u00bb:\\\u00a0\u00bb98473371-e3f3-45ee-aac3-2370a64f136d\\\u00a0\u00bb,\\\u00a0\u00bbexpressionUuid\\\u00a0\u00bb:\\\u00a0\u00bbd9abad45-afaf-4c42-abcf-84f521c5a1c6\\\u00a0\u00bb,\\\u00a0\u00bblocaleId\\\u00a0\u00bb:54}}],\\\u00a0\u00bbduration\\\u00a0\u00bb:192},\\\u00a0\u00bbconcept\\\u00a0\u00bb:{\\\u00a0\u00bbtitle\\\u00a0\u00bb:\\\u00a0\u00bbL&rsquo;info d&rsquo;ici, ICI Poitou\\\u00a0\u00bb,\\\u00a0\u00bbpath\\\u00a0\u00bb:\\\u00a0\u00bbemissions\/france-bleu-poitou-reportage\/poitou\\\u00a0\u00bb,\\\u00a0\u00bbid\\\u00a0\u00bb:\\\u00a0\u00bb98473371-e3f3-45ee-aac3-2370a64f136d\\\u00a0\u00bb}}},\\\u00a0\u00bbdisplay\\\u00a0\u00bb:{\\\u00a0\u00bbhighBanner\\\u00a0\u00bb:false}}\u00a0\u00bb}<\/p>\n","protected":false},"excerpt":{"rendered":"Ce samedi 13 d\u00e9cembre, une messe d&rsquo;action de gr\u00e2ce sera c\u00e9l\u00e9br\u00e9e \u00e0 Notre-Dame-de-Paris en pr\u00e9sence des pr\u00eatres de&hellip;\n","protected":false},"author":2,"featured_media":587930,"comment_status":"","ping_status":"","sticky":false,"template":"","format":"standard","meta":{"footnotes":""},"categories":[1888],"tags":[1111,1928,11,1927,1777,674,1011,27,12,1926,626,1925,25],"class_list":{"0":"post-587929","1":"post","2":"type-post","3":"status-publish","4":"format-standard","5":"has-post-thumbnail","7":"category-paris","8":"tag-actu","9":"tag-actu-paris","10":"tag-actualites","11":"tag-actualites-paris","12":"tag-eu","13":"tag-europe","14":"tag-fr","15":"tag-france","16":"tag-news","17":"tag-news-paris","18":"tag-paris","19":"tag-paris-news","20":"tag-republique-francaise"},"share_on_mastodon":{"url":"https:\/\/pubeurope.com\/@fr\/115688178090147330","error":""},"_links":{"self":[{"href":"https:\/\/www.europesays.com\/fr\/wp-json\/wp\/v2\/posts\/587929","targetHints":{"allow":["GET"]}}],"collection":[{"href":"https:\/\/www.europesays.com\/fr\/wp-json\/wp\/v2\/posts"}],"about":[{"href":"https:\/\/www.europesays.com\/fr\/wp-json\/wp\/v2\/types\/post"}],"author":[{"embeddable":true,"href":"https:\/\/www.europesays.com\/fr\/wp-json\/wp\/v2\/users\/2"}],"replies":[{"embeddable":true,"href":"https:\/\/www.europesays.com\/fr\/wp-json\/wp\/v2\/comments?post=587929"}],"version-history":[{"count":0,"href":"https:\/\/www.europesays.com\/fr\/wp-json\/wp\/v2\/posts\/587929\/revisions"}],"wp:featuredmedia":[{"embeddable":true,"href":"https:\/\/www.europesays.com\/fr\/wp-json\/wp\/v2\/media\/587930"}],"wp:attachment":[{"href":"https:\/\/www.europesays.com\/fr\/wp-json\/wp\/v2\/media?parent=587929"}],"wp:term":[{"taxonomy":"category","embeddable":true,"href":"https:\/\/www.europesays.com\/fr\/wp-json\/wp\/v2\/categories?post=587929"},{"taxonomy":"post_tag","embeddable":true,"href":"https:\/\/www.europesays.com\/fr\/wp-json\/wp\/v2\/tags?post=587929"}],"curies":[{"name":"wp","href":"https:\/\/api.w.org\/{rel}","templated":true}]}}