{"id":587931,"date":"2025-12-09T06:24:18","date_gmt":"2025-12-09T06:24:18","guid":{"rendered":"https:\/\/www.europesays.com\/fr\/587931\/"},"modified":"2025-12-09T06:24:18","modified_gmt":"2025-12-09T06:24:18","slug":"demantelement-dun-trafic-de-cocaine-acheminee-par-des-mules-sur-des-vols-entre-sao-paulo-et-paris-charles-de-gaulle","status":"publish","type":"post","link":"https:\/\/www.europesays.com\/fr\/587931\/","title":{"rendered":"D\u00e9mant\u00e8lement d\u2019un trafic de coca\u00efne achemin\u00e9e par des mules sur des vols entre Sao Paulo et Paris Charles de\u00a0Gaulle"},"content":{"rendered":"<p class=\"paragraph text_align_left lp-f-body-02\">La gendarmerie a annonc\u00e9 ce lundi le d\u00e9mant\u00e8lement d\u2019<a href=\"https:\/\/www.leparisien.fr\/faits-divers\/paris-maria-rita-la-mule-du-reseau-de-cocaine-avait-ete-egorgee-dans-un-hotel-du-xviie-arrondissement-17-06-2024-3NEN6VBUWJGADKTQOEIBESGR34.php\" target=\"_blank\" rel=\"noreferrer noopener\">un trafic de coca\u00efne achemin\u00e9 par des mules<\/a> depuis le Br\u00e9sil vers la France et la Belgique, et portant sur une marchandise dont la valeur a \u00e9t\u00e9 estim\u00e9e \u00e0 plus de 9 millions d\u2019euros.<\/p>\n<p class=\"paragraph text_align_left lp-f-body-02\">\u00ab Plusieurs interpellations simultan\u00e9es \u00bb men\u00e9es le 1er d\u00e9cembre 2025 ont mis fin \u00e0 une \u00ab activit\u00e9 criminelle structur\u00e9e autour (\u2026) de l\u2019utilisation r\u00e9guli\u00e8re de mules depuis Sao Paulo vers l\u2019Europe \u00bb, d\u00e9taille dans un communiqu\u00e9 <a href=\"https:\/\/www.leparisien.fr\/val-d-oise-95\/gonesse-arnouville-1-5-t-de-tabac-a-chicha-saisie-et-un-reseau-de-contrebande-demantele-08-02-2021-8423925.php\" target=\"_blank\" rel=\"noreferrer noopener\">la Section de recherches des transports a\u00e9riens<\/a> (SRTA), charg\u00e9e de l\u2019enqu\u00eate.<\/p>\n<p class=\"paragraph text_align_left lp-f-body-02\">Au total, \u00ab 59 mules \u00bb ont achemin\u00e9 environ \u00ab 147 kg de coca\u00efne \u00bb pour une valeur estim\u00e9e \u00e0 \u00ab 9,3 millions d\u2019euros \u00bb, selon la gendarmerie, pendant environ un an. \u00c0 leur arriv\u00e9e en France, les passeurs \u00e9taient pris en charge par un membre du r\u00e9seau, charg\u00e9 de les conduire en Belgique.<\/p>\n<p class=\"paragraph text_align_left lp-f-body-02\">Les mules voyageaient \u00ab plusieurs fois par semaine sur la ligne a\u00e9rienne Sao Paulo-Paris Charles de Gaulle \u00bb et transportaient en moyenne chacune \u00ab <a href=\"https:\/\/www.leparisien.fr\/essonne-91\/grigny-venue-du-bresil-la-mule-avait-ingere-plus-dun-kilo-de-cocaine-10-02-2025-GNOW35I6ENG7NNUWCR6U3LOIQU.php\" target=\"_blank\" rel=\"noreferrer noopener\">2,5 kg de coca\u00efne par trajet<\/a> \u00bb, ajoute le communiqu\u00e9 de la gendarmerie.<\/p>\n<p class=\"lp-card-podcast-highlighting__title  lp-f-subtitle-05\">[2\/2] L\u2019affaire du Bois Bleu : le banquier assassin\u00e9 et le poison de la rumeur <\/p>\n<p><a class=\"lp-card-podcast-highlighting__call-to-action\" data-page-type=\"HP\" data-block-name=\"podcast-highlight\">\u00c9couter<\/a>Hausse du trafic de coca\u00efne<\/p>\n<p class=\"paragraph text_align_left lp-f-body-02\">Le chef br\u00e9silien du r\u00e9seau a \u00e9t\u00e9 mis en examen et \u00e9crou\u00e9. Trois autres personnes ont \u00e9galement \u00e9t\u00e9 plac\u00e9es en d\u00e9tention provisoire. Un dernier fait l\u2019objet d\u2019un mandat d\u2019arr\u00eat europ\u00e9en avec demande de remise \u00e0 la France.<\/p>\n<p class=\"paragraph text_align_left lp-f-body-02\">Le <a href=\"https:\/\/www.leparisien.fr\/societe\/drogues-la-cocaine-est-desormais-le-premier-marche-en-valeur-en-france-devant-le-cannabis-08-12-2025-C23DPDVL2NHXZMSGG3U6AKQXPA.php\" target=\"_blank\" rel=\"noreferrer noopener\">trafic de coca\u00efne a g\u00e9n\u00e9r\u00e9 le plus d\u2019argent sur le march\u00e9<\/a> des drogues illicites en France m\u00e9tropolitaine en 2023, avec un chiffre d\u2019affaires moyen estim\u00e9 \u00e0 3,1 milliards d\u2019euros, devant le cannabis (2,7 milliards), stup\u00e9fiant bien plus consomm\u00e9, selon une \u00e9tude relay\u00e9e ce lundi par l\u2019OFDT.<\/p>\n<p class=\"paragraph text_align_left lp-f-body-02\">Entre 2010 et 2023, en France, les quantit\u00e9s de coca\u00efne consomm\u00e9es ont tripl\u00e9, selon l\u2019estimation moyenne, de 15 tonnes \u00e0 47,1 tonnes, largement derri\u00e8re le cannabis, premier march\u00e9 en volume, avec une consommation pass\u00e9e de 224,5 tonnes \u00e0 397,4 tonnes (hors dons et autoculture).<\/p>\n","protected":false},"excerpt":{"rendered":"La gendarmerie a annonc\u00e9 ce lundi le d\u00e9mant\u00e8lement d\u2019un trafic de coca\u00efne achemin\u00e9 par des mules depuis le&hellip;\n","protected":false},"author":2,"featured_media":587932,"comment_status":"","ping_status":"","sticky":false,"template":"","format":"standard","meta":{"footnotes":""},"categories":[1888],"tags":[1111,1928,11,1927,1777,674,118,1011,27,12,1926,626,1925,25],"class_list":{"0":"post-587931","1":"post","2":"type-post","3":"status-publish","4":"format-standard","5":"has-post-thumbnail","7":"category-paris","8":"tag-actu","9":"tag-actu-paris","10":"tag-actualites","11":"tag-actualites-paris","12":"tag-eu","13":"tag-europe","14":"tag-faits-divers","15":"tag-fr","16":"tag-france","17":"tag-news","18":"tag-news-paris","19":"tag-paris","20":"tag-paris-news","21":"tag-republique-francaise"},"share_on_mastodon":{"url":"","error":""},"_links":{"self":[{"href":"https:\/\/www.europesays.com\/fr\/wp-json\/wp\/v2\/posts\/587931","targetHints":{"allow":["GET"]}}],"collection":[{"href":"https:\/\/www.europesays.com\/fr\/wp-json\/wp\/v2\/posts"}],"about":[{"href":"https:\/\/www.europesays.com\/fr\/wp-json\/wp\/v2\/types\/post"}],"author":[{"embeddable":true,"href":"https:\/\/www.europesays.com\/fr\/wp-json\/wp\/v2\/users\/2"}],"replies":[{"embeddable":true,"href":"https:\/\/www.europesays.com\/fr\/wp-json\/wp\/v2\/comments?post=587931"}],"version-history":[{"count":0,"href":"https:\/\/www.europesays.com\/fr\/wp-json\/wp\/v2\/posts\/587931\/revisions"}],"wp:featuredmedia":[{"embeddable":true,"href":"https:\/\/www.europesays.com\/fr\/wp-json\/wp\/v2\/media\/587932"}],"wp:attachment":[{"href":"https:\/\/www.europesays.com\/fr\/wp-json\/wp\/v2\/media?parent=587931"}],"wp:term":[{"taxonomy":"category","embeddable":true,"href":"https:\/\/www.europesays.com\/fr\/wp-json\/wp\/v2\/categories?post=587931"},{"taxonomy":"post_tag","embeddable":true,"href":"https:\/\/www.europesays.com\/fr\/wp-json\/wp\/v2\/tags?post=587931"}],"curies":[{"name":"wp","href":"https:\/\/api.w.org\/{rel}","templated":true}]}}