{"id":587935,"date":"2025-12-09T06:26:19","date_gmt":"2025-12-09T06:26:19","guid":{"rendered":"https:\/\/www.europesays.com\/fr\/587935\/"},"modified":"2025-12-09T06:26:19","modified_gmt":"2025-12-09T06:26:19","slug":"le-paris-fc-sagrandit-dans-le-val-de-marne-que-va-t-il-rester-pour-les-habitants","status":"publish","type":"post","link":"https:\/\/www.europesays.com\/fr\/587935\/","title":{"rendered":"le Paris FC s&rsquo;agrandit dans le Val-de-Marne, que va-t-il rester pour les habitants\u00a0?"},"content":{"rendered":"<p>                    Par<br \/>\n        <strong><br \/>\n            <a href=\"https:\/\/actu.fr\/auteur\/antoine-grotteria02\" title=\"Consulter tous les articles de Antoine Grotteria\" target=\"_blank\" rel=\"noopener\">Antoine Grotteria<\/a><br \/>\n                    <\/strong><\/p>\n<p>        Publi\u00e9 le<\/p>\n<p>            9 d\u00e9c. 2025 \u00e0 7h10        <\/p>\n<p>\u00c0 gauche, un grand terrain vert, sur lequel sont dress\u00e9s deux poteaux de rugby. Derri\u00e8re, le bruit des r\u00e9acteurs d\u2019avions atterrissant sur le tarmac de <a href=\"https:\/\/actu.fr\/ile-de-france\/orly_94054\" target=\"_blank\" rel=\"noopener\">l\u2019a\u00e9roport d\u2019Orly<\/a> vient perturber la qui\u00e9tude d\u2019une matin\u00e9e gris\u00e2tre et venteuse. \u00c0 droite, les quatre terrains du Paris FC. Du haut de la butte du parc du Grand Godet, \u00e0 cheval entre les villes de <a href=\"https:\/\/actu.fr\/ile-de-france\/villeneuve-le-roi_94077\" target=\"_blank\" rel=\"noopener\">Villeneuve-le-Roi<\/a>, <a href=\"https:\/\/actu.fr\/ile-de-france\/choisy-le-roi_94022\" target=\"_blank\" rel=\"noopener\">Choisy-le-Roi<\/a> et Orly (<a href=\"https:\/\/actu.fr\/ile-de-france\/val-de-marne_94\" target=\"_blank\" rel=\"noopener\">Val-de-Marne<\/a>), les regards convergent vers ces deux p\u00f4les, bient\u00f4t r\u00e9unis. Ce lundi 8\u00a0d\u00e9cembre 2025, le <strong>Paris FC<\/strong> a d\u00e9voil\u00e9 le<strong> projet d\u2019extension de son centre d\u2019entra\u00eenement<\/strong>, dont la surface sera <strong>doubl\u00e9e<\/strong>, passant de 8 \u00e0 <strong>16 hectares<\/strong>, avec cinq nouveaux terrains. Dans les tuyaux depuis plusieurs mois, l\u2019agrandissement acte les <a href=\"https:\/\/actu.fr\/ile-de-france\/paris_75056\/ambition-stade-psg-que-peut-changer-le-rachat-du-paris-fc-par-la-famille-arnault-et-red-bull_61728368.html\" target=\"_blank\" rel=\"noopener\">ambitions<\/a> du deuxi\u00e8me club parisien, avec le <a href=\"https:\/\/actu.fr\/tag\/paris-saint-germain-psg\" target=\"_blank\" rel=\"noopener\">Paris Saint-Germain<\/a>. Des vell\u00e9it\u00e9s \u00e9conomiques et sportives. Mais pas uniquement. Pour conjurer la fronde locale et compenser son app\u00e9tit, le club de la <a href=\"https:\/\/actu.fr\/ile-de-france\/paris_75056\/bientot-un-autre-grand-club-de-football-a-paris-la-famille-arnault-et-red-bull-vont-reprendre-le-paris-fc_61712480.html\" target=\"_blank\" rel=\"noopener\">famille Arnault et de Red Bull<\/a> a annonc\u00e9 la cr\u00e9ation de deux nouveaux parcs. Pr\u00e9sentation.<\/p>\n<p>Cinq nouveaux hectares<\/p>\n<p class=\" wall-content\">Outre la conservation de 2 hectares d\u2019\u00e9quipements sportifs dans le parc du Grand Godet, les habitants des quartiers environnant b\u00e9n\u00e9ficieront d\u2019un <strong>espace vert de 9 hectares<\/strong> sur le site Nungesser \u00e0 Villeneuve-le-Roi, et d\u2019un <strong>second parc de 4 hectares<\/strong> dans le quartier du Bouvray \u00e0 Orly. \u00ab\u2009Personne ne sera l\u00e9s\u00e9\u2009\u00bb, a martel\u00e9 le propri\u00e9taire du 14\u00e8me de Ligue\u00a01 et repr\u00e9sentant de la famille Arnault, Antoine Arnault. Ces infrastructures repr\u00e9sentent 5 hectares suppl\u00e9mentaires.<\/p>\n<p>    <img   decoding=\"async\" loading=\"lazy\" src=\"https:\/\/www.europesays.com\/fr\/wp-content\/uploads\/2025\/12\/paris-fc-arnault-proprietaire-club-football-960x640.jpg\" alt=\"Le propri\u00e9taire du Paris et repr\u00e9sentant de la famille Arnault, Antoine Arnault. \" width=\"960\" height=\"640\"\/><br \/>\n    Le propri\u00e9taire du Paris et repr\u00e9sentant de la famille Arnault, Antoine Arnault. Ce dernier a tent\u00e9 de rassurer les habitants en d\u00e9clarant que \u00ab\u2009personne ne sera l\u00e9s\u00e9\u2009\u00bb. (\u00a9AG\/ actu Paris)<\/p>\n<p class=\" wall-content\">Ces desseins ont \u00e9t\u00e9 cosign\u00e9s dans un <a href=\"https:\/\/www.villeneuve-le-roi.fr\/app\/uploads\/2025\/11\/POINT-SUR-PARC-DU-GRAND-GODET_novembre25_n77.pdf\" target=\"_blank\" rel=\"noopener\">protocole d\u2019accord<\/a> entre le Paris FC et la ville de Villeneuve-le-Roi. Le site Nungesser, aujourd\u2019hui vierge, sera am\u00e9nag\u00e9 d\u2019un parking, d\u2019un terrain de pickleball, d\u2019une piste de <a href=\"https:\/\/actu.fr\/ile-de-france\/boulogne-billancourt_92012\/une-etrange-sensation-une-nouvelle-ere-s-ouvre-avec-le-padel-a-l-ex-patinoire-de-boulogne-billancourt_63191255.html\" target=\"_blank\" rel=\"noopener\">padel<\/a>, de deux terrains de <a href=\"https:\/\/actu.fr\/ile-de-france\/paris_75056\/sport-les-spots-incontournables-a-paris-on-se-chambre-tout-le-temps-a-jemmapes-le-basket-hors-normes_62974198.html\" target=\"_blank\" rel=\"noopener\">basketball<\/a>, d\u2019un terrain de football, d\u2019un espace de street workout, d\u2019un espace pour enfants, d\u2019un caniparc, d\u2019un boulodrome, de prairies, d\u2019une zone de biodiversit\u00e9 et d\u20191,5 kilom\u00e8tres d\u2019all\u00e9es.<\/p>\n<p class=\" wall-content\">\u00ab\u2009C\u2019est une tr\u00e8s nouvelle pour les habitants du territoire du Val-de-Marne\u2009\u00bb, s\u2019est r\u00e9joui le pr\u00e9sident du d\u00e9partement, <a href=\"https:\/\/actu.fr\/politique\/ce-qu-il-faut-savoir-sur-olivier-capitanio-nouveau-president-du-val-de-marne_43137869.html\" target=\"_blank\" rel=\"noopener\">Olivier Capitanio<\/a>, pr\u00e9sent aux c\u00f4t\u00e9s des dirigeants du club, et de la pr\u00e9sidente de la r\u00e9gion \u00cele-de-France, <a href=\"https:\/\/actu.fr\/tag\/valerie-pecresse\" target=\"_blank\" rel=\"noopener\">Val\u00e9rie P\u00e9cresse<\/a>. La cr\u00e9ation du parc Nungesser sera financ\u00e9e \u00e0 hauteur de 2,6\u00a0millions d\u2019euros par le Paris FC. L\u2019institution a en revanche bott\u00e9 en touche concernant le co\u00fbt de cette extension.<\/p>\n<blockquote class=\"ac-article-quote wall-content\">\n<p>\u00ab\u00a0C&rsquo;est un investissement lourd pour les prochaines ann\u00e9es\u00a0\u00bb<\/p>\n<p>    <strong>Pierre Ferracci<\/strong><br \/>\n        Pr\u00e9sident du Paris FC    <\/p><\/blockquote>\n<p>    <img   decoding=\"async\" loading=\"lazy\" src=\"https:\/\/www.europesays.com\/fr\/wp-content\/uploads\/2025\/12\/paris-fc-extension-orly-centre-football-3-960x640.jpg\" alt=\"Le projet de l'agrandissement mat\u00e9rialis\u00e9 sur une planche. \" width=\"960\" height=\"640\"\/><br \/>\n    Le projet de l\u2019agrandissement mat\u00e9rialis\u00e9 sur une planche. (\u00a9AG\/ actu Paris)<\/p>\n<p>Votre r\u00e9gion, votre actu !<\/p>\n<p>Recevez chaque jour les infos qui comptent pour vous.<\/p>\n<p>\t<a href=\"https:\/\/actu.fr\/newsletter\" class=\"ac-btn ac-btn--corner ac-btn--medium ac-btn--blue800\" target=\"_blank\" rel=\"noopener\">S&rsquo;incrire<\/a><br \/>\n\u00ab\u2009Le parc restera vivant pour les habitants\u2009\u00bb<\/p>\n<p class=\" wall-content\">La colonisation du Paris FC ne signifiera pas la disparition du Grand Godet. \u00ab\u2009Le parc restera vivant pour les habitants\u2009\u00bb, a assur\u00e9 la pr\u00e9sidente du Syndicat mixte du parc, Patricia Korchef-Lambert. Pr\u00e9cis\u00e9ment, 1,7 hectares seront conserv\u00e9s, et de <strong>nouveaux \u00e9quipements<\/strong> verront le jour, \u00e0 l\u2019image d\u2019un skate park. Un million d\u2019euros sera investi pour r\u00e9nover la flotte, comme l\u2019avait promis la ville de Villeneuve-le-Roi en juillet\u00a02025.<\/p>\n<p class=\" wall-content\">Si les dirigeants du Paris FC \u00e9voquent un \u00ab\u2009int\u00e9r\u00eat commun\u2009\u00bb, le projet suscite des <strong>crispations<\/strong> parmi les \u00e9lus locaux. L\u2019\u00e9t\u00e9 dernier, une <a href=\"https:\/\/www.change.org\/p\/sauvons-notre-parc-du-grand-godet?source_location=search\" target=\"_blank\" rel=\"noopener\">p\u00e9tition<\/a> a \u00e9t\u00e9 lanc\u00e9e, \u00e0 l\u2019initiative de plusieurs d\u2019entre eux, pour \u00ab\u2009sauver le parc du Grand Godet\u2009\u00bb. Elle a \u00e9t\u00e9 sign\u00e9e par 1300 personnes. Insuffisant pour arr\u00eater le projet, qui devrait se concr\u00e9tiser en <strong>2028<\/strong>. En attendant, trois terrains seront install\u00e9s \u00e0 partir de la saison prochaine.<\/p>\n<p class=\" wall-content\">Le Paris FC s\u2019est \u00e9galement engag\u00e9 \u00e0 mener des actions avec les villes concern\u00e9es. Parmi elles, la distribution de places, la participation \u00e0 des forums d\u2019entreprise, ou encore le financement la sensibilisation du handisport.<\/p>\n<p class=\" wall-content\">Personnalisez votre actualit\u00e9 en ajoutant vos villes et m\u00e9dias en favori avec <a href=\"https:\/\/moncompte.actu.fr\" title=\"D\u00e9couvez Mon Actu\" rel=\"nofollow noopener\" data-trk=\"{&quot;cta&quot;:{&quot;action&quot;:&quot;https:\\\/\\\/moncompte.actu.fr&quot;,&quot;category&quot;:&quot;mon compte&quot;,&quot;from&quot;:&quot;article footer&quot;,&quot;name&quot;:&quot;Mon actu&quot;,&quot;type&quot;:&quot;cta&quot;}}\" target=\"_blank\">Mon Actu<\/a>.<\/p>\n","protected":false},"excerpt":{"rendered":"Par Antoine Grotteria Publi\u00e9 le 9 d\u00e9c. 2025 \u00e0 7h10 \u00c0 gauche, un grand terrain vert, sur lequel&hellip;\n","protected":false},"author":2,"featured_media":587936,"comment_status":"","ping_status":"","sticky":false,"template":"","format":"standard","meta":{"footnotes":""},"categories":[1888],"tags":[11,1777,674,63,1011,27,12,626,25,517,60,2328],"class_list":{"0":"post-587935","1":"post","2":"type-post","3":"status-publish","4":"format-standard","5":"has-post-thumbnail","7":"category-paris","8":"tag-actualites","9":"tag-eu","10":"tag-europe","11":"tag-football","12":"tag-fr","13":"tag-france","14":"tag-news","15":"tag-paris","16":"tag-republique-francaise","17":"tag-sport","18":"tag-sports","19":"tag-valerie-pecresse"},"share_on_mastodon":{"url":"https:\/\/pubeurope.com\/@fr\/115688190555389721","error":""},"_links":{"self":[{"href":"https:\/\/www.europesays.com\/fr\/wp-json\/wp\/v2\/posts\/587935","targetHints":{"allow":["GET"]}}],"collection":[{"href":"https:\/\/www.europesays.com\/fr\/wp-json\/wp\/v2\/posts"}],"about":[{"href":"https:\/\/www.europesays.com\/fr\/wp-json\/wp\/v2\/types\/post"}],"author":[{"embeddable":true,"href":"https:\/\/www.europesays.com\/fr\/wp-json\/wp\/v2\/users\/2"}],"replies":[{"embeddable":true,"href":"https:\/\/www.europesays.com\/fr\/wp-json\/wp\/v2\/comments?post=587935"}],"version-history":[{"count":0,"href":"https:\/\/www.europesays.com\/fr\/wp-json\/wp\/v2\/posts\/587935\/revisions"}],"wp:featuredmedia":[{"embeddable":true,"href":"https:\/\/www.europesays.com\/fr\/wp-json\/wp\/v2\/media\/587936"}],"wp:attachment":[{"href":"https:\/\/www.europesays.com\/fr\/wp-json\/wp\/v2\/media?parent=587935"}],"wp:term":[{"taxonomy":"category","embeddable":true,"href":"https:\/\/www.europesays.com\/fr\/wp-json\/wp\/v2\/categories?post=587935"},{"taxonomy":"post_tag","embeddable":true,"href":"https:\/\/www.europesays.com\/fr\/wp-json\/wp\/v2\/tags?post=587935"}],"curies":[{"name":"wp","href":"https:\/\/api.w.org\/{rel}","templated":true}]}}