{"id":587937,"date":"2025-12-09T06:27:12","date_gmt":"2025-12-09T06:27:12","guid":{"rendered":"https:\/\/www.europesays.com\/fr\/587937\/"},"modified":"2025-12-09T06:27:12","modified_gmt":"2025-12-09T06:27:12","slug":"cest-a-la-russie-de-payer-et-leurope-doit-ly-contraindre","status":"publish","type":"post","link":"https:\/\/www.europesays.com\/fr\/587937\/","title":{"rendered":"\u00ab\u00a0C\u2019est \u00e0 la Russie de payer, et l\u2019Europe doit l\u2019y contraindre\u00a0\u00bb"},"content":{"rendered":"\n<p class=\"article__paragraph  \">Le \u00ab\u00a0plan de paix\u00a0\u00bb imagin\u00e9 par le Kremlin et la Maison\u00a0Blanche ne r\u00e9clame rien de moins que la reddition de l\u2019Ukraine, ce qui ouvrirait les portes de l\u2019Europe \u00e0 l\u2019arm\u00e9e russe. Face \u00e0 cette trahison de l\u2019alli\u00e9 transatlantique, nous, Europ\u00e9ens, devons plus que jamais manifester notre solidarit\u00e9 et offrir un appui \u00e0 un peuple qui, depuis pr\u00e8s de quatre ans, r\u00e9siste h\u00e9ro\u00efquement malgr\u00e9 les bombardements ciblant syst\u00e9matiquement les civils.<\/p>\n<p class=\"article__paragraph  \">Seulement, cette solidarit\u00e9 a un co\u00fbt, qui ne peut \u00e9videmment peser sur les seuls contribuables europ\u00e9ens. Aussi est-ce \u00e0 la Russie de payer et \u00e0 l\u2019Europe de l\u2019y contraindre. Les \u00e9tablissements bancaires europ\u00e9ens disposent, en effet, de plus de 200\u00a0milliards d\u2019euros d\u2019avoirs publics russes immobilis\u00e9s, <a href=\"https:\/\/www.lemonde.fr\/international\/article\/2025\/12\/05\/la-belgique-resiste-au-deblocage-des-fonds-geles-russes-a-bruxelles_6656157_3210.html\" target=\"_blank\" rel=\"noopener\">dont l\u2019essentiel chez Euroclear en Belgique<\/a>.<\/p>\n<p class=\"article__paragraph  \">La proposition de la Commission europ\u00e9enne n\u2019est pas de confisquer ces avoirs, mais de les utiliser comme garantie d\u2019un pr\u00eat de 140\u00a0milliards d\u2019euros \u00e0 l\u2019Ukraine au nom de l\u2019Union europ\u00e9enne (UE). L\u2019Ukraine serait invit\u00e9e \u00e0 rembourser le pr\u00eat une fois que la Russie aura mis fin \u00e0 sa guerre d\u2019agression et accept\u00e9 de compenser les dommages caus\u00e9s. Le montant de ces r\u00e9parations \u00e9tait \u00e9valu\u00e9, fin 2024, par la Banque mondiale \u00e0 plus de 500\u00a0milliards d\u2019euros, soit plus de trois fois le montant du pr\u00eat. Celui-ci \u00e9quivaudrait donc \u00e0 une avance.<\/p>\n<p>           Garanties exig\u00e9es           <\/p>\n<p class=\"article__paragraph  \">Cette d\u00e9marche est parfaitement licite. Elle s\u2019appuie sur le droit coutumier international, codifi\u00e9e en\u00a02001 par l\u2019Organisation des nations unies (ONU) sous le titre \u00ab\u00a0<a href=\"https:\/\/legal.un.org\/ilc\/texts\/instruments\/french\/draft_articles\/9_6_2001.pdf\" target=\"_blank\" rel=\"noopener\" title=\"Nouvelle fen\u00eatre\">La responsabilit\u00e9 de l\u2019Etat pour fait internationalement illicite<\/a>\u00a0\u00bb, qui permet aux Etats l\u00e9s\u00e9s de prendre des contre-mesures proportionn\u00e9es pour faire cesser l\u2019agression et r\u00e9parer les dommages. La jurisprudence internationale confirme cette lic\u00e9it\u00e9, d\u00e8s lors que les conditions de proportionnalit\u00e9, de temporalit\u00e9 et de r\u00e9versibilit\u00e9 sont respect\u00e9es. L\u2019essentiel des fonds souverains russes d\u00e9tenus en Europe se trouvant en Belgique, on comprend que le premier ministre belge, Bart De Wever, exige des garanties de ses partenaires europ\u00e9ens (ces 140\u00a0milliards d\u2019euros \u00e9quivalent \u00e0 plus de 20\u00a0% du produit int\u00e9rieur brut belge).<\/p>\n<p class=\"reading-mode-only \"><strong>Il vous reste 70.18% de cet article \u00e0 lire. La suite est r\u00e9serv\u00e9e aux abonn\u00e9s.<\/strong><\/p>\n","protected":false},"excerpt":{"rendered":"Le \u00ab\u00a0plan de paix\u00a0\u00bb imagin\u00e9 par le Kremlin et la Maison\u00a0Blanche ne r\u00e9clame rien de moins que la&hellip;\n","protected":false},"author":2,"featured_media":587938,"comment_status":"","ping_status":"","sticky":false,"template":"","format":"standard","meta":{"footnotes":""},"categories":[1591],"tags":[11,1887,12,1885,1886,132],"class_list":{"0":"post-587937","1":"post","2":"type-post","3":"status-publish","4":"format-standard","5":"has-post-thumbnail","7":"category-russie","8":"tag-actualites","9":"tag-federation-de-russie","10":"tag-news","11":"tag-russia","12":"tag-russian-federation","13":"tag-russie"},"share_on_mastodon":{"url":"https:\/\/pubeurope.com\/@fr\/115688193665891484","error":""},"_links":{"self":[{"href":"https:\/\/www.europesays.com\/fr\/wp-json\/wp\/v2\/posts\/587937","targetHints":{"allow":["GET"]}}],"collection":[{"href":"https:\/\/www.europesays.com\/fr\/wp-json\/wp\/v2\/posts"}],"about":[{"href":"https:\/\/www.europesays.com\/fr\/wp-json\/wp\/v2\/types\/post"}],"author":[{"embeddable":true,"href":"https:\/\/www.europesays.com\/fr\/wp-json\/wp\/v2\/users\/2"}],"replies":[{"embeddable":true,"href":"https:\/\/www.europesays.com\/fr\/wp-json\/wp\/v2\/comments?post=587937"}],"version-history":[{"count":0,"href":"https:\/\/www.europesays.com\/fr\/wp-json\/wp\/v2\/posts\/587937\/revisions"}],"wp:featuredmedia":[{"embeddable":true,"href":"https:\/\/www.europesays.com\/fr\/wp-json\/wp\/v2\/media\/587938"}],"wp:attachment":[{"href":"https:\/\/www.europesays.com\/fr\/wp-json\/wp\/v2\/media?parent=587937"}],"wp:term":[{"taxonomy":"category","embeddable":true,"href":"https:\/\/www.europesays.com\/fr\/wp-json\/wp\/v2\/categories?post=587937"},{"taxonomy":"post_tag","embeddable":true,"href":"https:\/\/www.europesays.com\/fr\/wp-json\/wp\/v2\/tags?post=587937"}],"curies":[{"name":"wp","href":"https:\/\/api.w.org\/{rel}","templated":true}]}}