{"id":587949,"date":"2025-12-09T06:34:25","date_gmt":"2025-12-09T06:34:25","guid":{"rendered":"https:\/\/www.europesays.com\/fr\/587949\/"},"modified":"2025-12-09T06:34:25","modified_gmt":"2025-12-09T06:34:25","slug":"accord-a-lue-pour-assouplir-les-regles-de-developpement-durable-pour-les-entreprises-09-12-2025-a-0706","status":"publish","type":"post","link":"https:\/\/www.europesays.com\/fr\/587949\/","title":{"rendered":"Accord \u00e0 l&rsquo;UE pour assouplir les r\u00e8gles de d\u00e9veloppement durable pour les entreprises &#8211; 09\/12\/2025 \u00e0 07:06"},"content":{"rendered":"<p>        <img decoding=\"async\" src=\"https:\/\/www.europesays.com\/fr\/wp-content\/uploads\/2025\/12\/3543afa4eb76e5835b088038b8946d9c-760x475.jpg\" alt=\"Les drapeaux de l'Union europ\u00e9enne flottent devant le si\u00e8ge de la Commission europ\u00e9enne \u00e0 Bruxelles\" loading=\"eager\" fetchpriority=\"high\" width=\"760\" height=\"475\" style=\"max-width: 100%!important; height: auto;\"\/><\/p>\n<p class=\"c-image-news__legend\">Les drapeaux de l&rsquo;Union europ\u00e9enne flottent devant le si\u00e8ge de la Commission europ\u00e9enne \u00e0 Bruxelles<\/p>\n<p>\n Les n\u00e9gociateurs des pays membres de l&rsquo;Union europ\u00e9enne et les eurod\u00e9put\u00e9s sont parvenus dans la nuit de lundi \u00e0 mardi \u00e0 un accord pour assouplir les r\u00e8gles de d\u00e9veloppement durable impos\u00e9es aux entreprises du continent et aux entreprises \u00e9trang\u00e8res, apr\u00e8s des mois de pressions \u00e9manant de firmes et de gouvernements dont les Etats-Unis et le Qatar.\n<\/p>\n<p>\n Cette mesure, qui all\u00e9gerait les crit\u00e8res fix\u00e9s \u00e0 un grand nombre d&rsquo;entreprises concern\u00e9es par la r\u00e9glementation, intervient \u00e0 la suite de critiques formul\u00e9es par certaines industries qui voient dans les lourdeurs administratives au sein du bloc communautaire un frein \u00e0 leur comp\u00e9titivit\u00e9 face \u00e0 leurs rivales non-europ\u00e9ennes.\n<\/p>\n<p>\n Il s&rsquo;agit d&rsquo;un \u00ab\u00a0pas important vers notre objectif commun de cr\u00e9er un environnement commercial plus favorable pour aider nos entreprises \u00e0 grandir et \u00e0 innover\u00a0\u00bb, a d\u00e9clar\u00e9 la ministre danoise charg\u00e9e des Affaires europ\u00e9ennes, Marie Bjerre, dans un communiqu\u00e9.\n<\/p>\n<p>\n Jorgen Warborn, eurod\u00e9put\u00e9 du Parti populaire europ\u00e9en (PPE), dont il est le porte-parole pour les questions commerciales, a salu\u00e9 un \u00ab\u00a0excellent compromis\u00a0\u00bb.\n<\/p>\n<p>\n Reste que la marche arri\u00e8re effectu\u00e9e par Bruxelles a constern\u00e9 les activistes environnementaux ainsi que certains investisseurs et des gouvernements, notamment l&rsquo;Espagne, laquelle avait exhort\u00e9 \u00e0 ne pas assouplir les r\u00e8gles afin de continuer \u00e0 soutenir les priorit\u00e9s europ\u00e9ennes en mati\u00e8re de d\u00e9veloppement durable et de respect des droits humains.\n<\/p>\n<p>\n La directive de l&rsquo;UE sur les rapports de d\u00e9veloppement durable des entreprises (CSRD) exige que celles-ci communiquent les d\u00e9tails de leur impact environnemental et social, dans le but de faire preuve de davantage de transparence aupr\u00e8s des investisseurs et des consommateurs.\n<\/p>\n<p>\n Alors que la mesure concernait quelque 50.000 entreprises comptant plus de 250 salari\u00e9s, les n\u00e9gociateurs europ\u00e9ens sont convenus que cette directive s&rsquo;appliquerait uniquement aux entreprises europ\u00e9ennes de plus de 1.000 employ\u00e9s dont le revenu annuel net d\u00e9passe 450 millions d&rsquo;euros.\n<\/p>\n<p>\n S&rsquo;agissant des entreprises non-europ\u00e9ennes, le seuil a \u00e9t\u00e9 fix\u00e9 \u00e0 450 millions d&rsquo;euros de chiffre d&rsquo;affaires net g\u00e9n\u00e9r\u00e9 au sein du bloc communautaire.\n<\/p>\n<p>\n Par ailleurs, l&rsquo;accord nouvellement conclu limite la port\u00e9e de la directive de l&rsquo;UE sur le devoir de diligence en mati\u00e8re de d\u00e9veloppement durable (CSDDD) aux plus grandes compagnies du bloc &#8211; celles employant plus de 5.000 personnes et dont les revenus annuels d\u00e9passent 1,5 milliard d&rsquo;euros.\n<\/p>\n<p>\n Idem, seules les entreprises non-europ\u00e9ennes ayant plus de 5.000 salari\u00e9s et r\u00e9alisant plus de 1,5 milliard d&rsquo;euros de chiffre d&rsquo;affaires annuel dans l&rsquo;UE seront concern\u00e9es.\n<\/p>\n<p>\n Washington et Doha avaient exhort\u00e9 Bruxelles \u00e0 assouplir ses r\u00e9glementations en la mati\u00e8re, pr\u00e9venant des risques de perturbation pour le commerce de gaz naturel liqu\u00e9fi\u00e9 avec l&rsquo;Europe.\n<\/p>\n<p>\n Des entreprises comme Exxon Mobil ainsi que l&rsquo;Allemagne et la France pr\u00f4naient des normes encore moins restrictives, r\u00e9clamant jusqu&rsquo;\u00e0 la suppression pure et simple de la directive sur le devoir de diligence, jug\u00e9e n\u00e9faste pour la comp\u00e9titivit\u00e9 des entreprises europ\u00e9ennes.\n<\/p>\n<p>\n Le Parlement europ\u00e9en doit voter ces changements, et chacun des pays de l&rsquo;UE les approuver formellement, pour qu&rsquo;ils entrent en vigueur, ce qui devrait d\u00e9sormais \u00eatre une formalit\u00e9.\n<\/p>\n<p>\n (Mrinmay Dey \u00e0 Bangalore et Kate Abnett \u00e0 Bruxelles; version fran\u00e7aise Jean Terzian)<\/p>\n","protected":false},"excerpt":{"rendered":"Les drapeaux de l&rsquo;Union europ\u00e9enne flottent devant le si\u00e8ge de la Commission europ\u00e9enne \u00e0 Bruxelles Les n\u00e9gociateurs des&hellip;\n","protected":false},"author":2,"featured_media":587950,"comment_status":"","ping_status":"","sticky":false,"template":"","format":"standard","meta":{"footnotes":""},"categories":[1586],"tags":[400,11,398,408,405,1777,674,1779,1011,27,403,402,399,404,12,25,401,406,1778,364,407],"class_list":{"0":"post-587949","1":"post","2":"type-post","3":"status-publish","4":"format-standard","5":"has-post-thumbnail","7":"category-europe","8":"tag-action-cac-40","9":"tag-actualites","10":"tag-bourse-de-paris","11":"tag-boursorama","12":"tag-cotations","13":"tag-eu","14":"tag-europe","15":"tag-european-union","16":"tag-fr","17":"tag-france","18":"tag-indices-devises","19":"tag-investir","20":"tag-investissement","21":"tag-marche-boursier","22":"tag-news","23":"tag-republique-francaise","24":"tag-sicav","25":"tag-trackers","26":"tag-ue","27":"tag-union-europeenne","28":"tag-warrants"},"share_on_mastodon":{"url":"https:\/\/pubeurope.com\/@fr\/115688221739295291","error":""},"_links":{"self":[{"href":"https:\/\/www.europesays.com\/fr\/wp-json\/wp\/v2\/posts\/587949","targetHints":{"allow":["GET"]}}],"collection":[{"href":"https:\/\/www.europesays.com\/fr\/wp-json\/wp\/v2\/posts"}],"about":[{"href":"https:\/\/www.europesays.com\/fr\/wp-json\/wp\/v2\/types\/post"}],"author":[{"embeddable":true,"href":"https:\/\/www.europesays.com\/fr\/wp-json\/wp\/v2\/users\/2"}],"replies":[{"embeddable":true,"href":"https:\/\/www.europesays.com\/fr\/wp-json\/wp\/v2\/comments?post=587949"}],"version-history":[{"count":0,"href":"https:\/\/www.europesays.com\/fr\/wp-json\/wp\/v2\/posts\/587949\/revisions"}],"wp:featuredmedia":[{"embeddable":true,"href":"https:\/\/www.europesays.com\/fr\/wp-json\/wp\/v2\/media\/587950"}],"wp:attachment":[{"href":"https:\/\/www.europesays.com\/fr\/wp-json\/wp\/v2\/media?parent=587949"}],"wp:term":[{"taxonomy":"category","embeddable":true,"href":"https:\/\/www.europesays.com\/fr\/wp-json\/wp\/v2\/categories?post=587949"},{"taxonomy":"post_tag","embeddable":true,"href":"https:\/\/www.europesays.com\/fr\/wp-json\/wp\/v2\/tags?post=587949"}],"curies":[{"name":"wp","href":"https:\/\/api.w.org\/{rel}","templated":true}]}}