{"id":587955,"date":"2025-12-09T06:37:20","date_gmt":"2025-12-09T06:37:20","guid":{"rendered":"https:\/\/www.europesays.com\/fr\/587955\/"},"modified":"2025-12-09T06:37:20","modified_gmt":"2025-12-09T06:37:20","slug":"vice-champion-de-france-amateurs-en-2024-professionnel-en-2025-chez-arkea-bb-hotels-baptiste-poulard-retrouve-une-place-chez-les-pros","status":"publish","type":"post","link":"https:\/\/www.europesays.com\/fr\/587955\/","title":{"rendered":"Vice-champion de France amateurs en 2024, professionnel en 2025 chez Ark\u00e9a-B&#038;B Hotels, Baptiste Poulard retrouve une place chez les pros"},"content":{"rendered":"<p><a href=\"https:\/\/www.letelegramme.fr\/sports\/cyclisme\/vice-champion-de-france-amateurs-en-2024-professionnel-en-2025-chez-arkea-bb-hotels-baptiste-poulard-na-toujours-pas-dequipe-pour-2026-6927995.php\" target=\"_blank\" rel=\"noopener\">Baptiste Poulard<\/a> sera toujours pro en 2026. Vice-champion de France amateurs en 2024 sous les couleurs du VCP Loud\u00e9ac, vainqueur du Tour du Pi\u00e9mont Pyr\u00e9n\u00e9en, deuxi\u00e8me du Kreiz Breizh Elites et de l\u2019Estivale Bretonne cette saison-l\u00e0, celui qui est pass\u00e9 professionnel en 2025 au sein de la r\u00e9serve d\u2019Ark\u00e9a-B &amp; B Hotels, vient de s\u2019engager pour trois ans au sein de l\u2019\u00e9quipe contintentale tha\u00eflandaise Roojai Insurance.<\/p>\n","protected":false},"excerpt":{"rendered":"Baptiste Poulard sera toujours pro en 2026. Vice-champion de France amateurs en 2024 sous les couleurs du VCP&hellip;\n","protected":false},"author":2,"featured_media":587956,"comment_status":"","ping_status":"","sticky":false,"template":"","format":"standard","meta":{"footnotes":""},"categories":[4],"tags":[11,34378,207,3166,1011,27,60890,12,25,60],"class_list":{"0":"post-587955","1":"post","2":"type-post","3":"status-publish","4":"format-standard","5":"has-post-thumbnail","7":"category-france","8":"tag-actualites","9":"tag-arkea-bb-hotels","10":"tag-cyclisme","11":"tag-en-continu-sports","12":"tag-fr","13":"tag-france","14":"tag-mercato-velo","15":"tag-news","16":"tag-republique-francaise","17":"tag-sports"},"share_on_mastodon":{"url":"https:\/\/pubeurope.com\/@fr\/115688232953531221","error":""},"_links":{"self":[{"href":"https:\/\/www.europesays.com\/fr\/wp-json\/wp\/v2\/posts\/587955","targetHints":{"allow":["GET"]}}],"collection":[{"href":"https:\/\/www.europesays.com\/fr\/wp-json\/wp\/v2\/posts"}],"about":[{"href":"https:\/\/www.europesays.com\/fr\/wp-json\/wp\/v2\/types\/post"}],"author":[{"embeddable":true,"href":"https:\/\/www.europesays.com\/fr\/wp-json\/wp\/v2\/users\/2"}],"replies":[{"embeddable":true,"href":"https:\/\/www.europesays.com\/fr\/wp-json\/wp\/v2\/comments?post=587955"}],"version-history":[{"count":0,"href":"https:\/\/www.europesays.com\/fr\/wp-json\/wp\/v2\/posts\/587955\/revisions"}],"wp:featuredmedia":[{"embeddable":true,"href":"https:\/\/www.europesays.com\/fr\/wp-json\/wp\/v2\/media\/587956"}],"wp:attachment":[{"href":"https:\/\/www.europesays.com\/fr\/wp-json\/wp\/v2\/media?parent=587955"}],"wp:term":[{"taxonomy":"category","embeddable":true,"href":"https:\/\/www.europesays.com\/fr\/wp-json\/wp\/v2\/categories?post=587955"},{"taxonomy":"post_tag","embeddable":true,"href":"https:\/\/www.europesays.com\/fr\/wp-json\/wp\/v2\/tags?post=587955"}],"curies":[{"name":"wp","href":"https:\/\/api.w.org\/{rel}","templated":true}]}}