{"id":587957,"date":"2025-12-09T06:39:12","date_gmt":"2025-12-09T06:39:12","guid":{"rendered":"https:\/\/www.europesays.com\/fr\/587957\/"},"modified":"2025-12-09T06:39:12","modified_gmt":"2025-12-09T06:39:12","slug":"premiere-plongee-dans-le-grand-bain-de-la-ligue-des-champions-au-tvb-pour-nik-mujanovic","status":"publish","type":"post","link":"https:\/\/www.europesays.com\/fr\/587957\/","title":{"rendered":"Premi\u00e8re plong\u00e9e dans le grand bain de la Ligue des champions au TVB pour Nik Mujanovic"},"content":{"rendered":"<p>De notre envoy\u00e9 sp\u00e9cial \u00e0 Ankara<\/p>\n<p>Ce mercredi 10\u00a0d\u00e9cembre, Nik Mujanovic va d\u00e9couvrir la Ligue des champions. Le pointu de 21\u00a0ans, qui avait d\u00e9j\u00e0 \u00e9volu\u00e9 en Challenge Cup et en Coupe CEV avec Kamnik et Monza, va disputer la reine des comp\u00e9titions face aux Turcs du Ziraat Bankasi Ankara.\u00a0Avec l\u2019\u00e9quipe italienne, il avait d\u00e9j\u00e0 foul\u00e9 le sol turc en coupe d\u2019Europe, en 2024, avec une victoire 3-2 \u00e0 Galatasaray, du c\u00f4t\u00e9 d\u2019Istanbul. Mais son statut est d\u00e9sormais bien diff\u00e9rent. Deuxi\u00e8me meilleur scoreur de MSL (23 points par match environ), le Slov\u00e8ne va tenter de confirmer avec le TVB dans la capitale anatolienne.<\/p>\n<p class=\"interview\">Nik, vous avez d\u00e9j\u00e0 jou\u00e9 douze matchs depuis votre arriv\u00e9e au TVB. Comment vous sentez-vous apr\u00e8s ces premiers mois au club\u00a0?<\/p>\n<p>\u00ab\u00a0Jusqu\u2019\u00e0 pr\u00e9sent, tout se passe bien. Je pense que l\u2019alchimie au sein de l\u2019\u00e9quipe a \u00e9t\u00e9 tr\u00e8s bonne pendant la majeure partie de la saison. Il y a eu des hauts et des bas, mais je pense que nous avons une base vraiment solide. De mon c\u00f4t\u00e9, je pense que je peux toujours faire mieux. Je m\u2019efforce d\u2019\u00eatre parfait, \u00e9videmment je ne le serai jamais, mais je veux m\u2019en rapprocher le plus possible. J\u2019ai encore beaucoup de choses \u00e0 am\u00e9liorer. Je suis content des r\u00e9sultats que j\u2019ai obtenus jusqu\u2019\u00e0 pr\u00e9sent, mais je pense que je peux \u00eatre bien meilleur&#8230;. <\/p>\n<p>    Cet article a \u00e9t\u00e9 tronqu\u00e9. Abonnez-vous pour lire l&rsquo;article complet sur notre site.<\/p>\n<p>\u00a0\u00bb<\/p>\n<p style=\"margin: 0 !important; padding: 0 !important; font-size: 12px !important;\">Cet article a \u00e9t\u00e9 tronqu\u00e9. Abonnez-vous pour lire l&rsquo;article complet.<\/p>\n<p>    <a href=\"https:\/\/www.lanouvellerepublique.fr\/abonnements\" style=\"display: inline-block; margin-top: 5px !important; padding: 6px 12px !important; background: #cb1c27; color: white; text-decoration: none; border-radius: 4px; font-size: 12px !important;\" target=\"_blank\" rel=\"noopener\"><br \/>\n      S&rsquo;abonner<br \/>\n    <\/a><\/p>\n","protected":false},"excerpt":{"rendered":"De notre envoy\u00e9 sp\u00e9cial \u00e0 Ankara Ce mercredi 10\u00a0d\u00e9cembre, Nik Mujanovic va d\u00e9couvrir la Ligue des champions. Le&hellip;\n","protected":false},"author":2,"featured_media":587958,"comment_status":"","ping_status":"","sticky":false,"template":"","format":"standard","meta":{"footnotes":""},"categories":[1417],"tags":[1392,39145,1011,27,1387,60,1390,1471,2767,1470,1469],"class_list":{"0":"post-587957","1":"post","2":"type-post","3":"status-publish","4":"format-standard","5":"has-post-thumbnail","7":"category-volley","8":"tag-a-la-une-local","9":"tag-coupe-deurope-volley","10":"tag-fr","11":"tag-france","12":"tag-indre-et-loire","13":"tag-sports","14":"tag-tours","15":"tag-tours-volley-ball","16":"tag-tvb-37","17":"tag-volley","18":"tag-volleyball"},"share_on_mastodon":{"url":"https:\/\/pubeurope.com\/@fr\/115688240860267146","error":""},"_links":{"self":[{"href":"https:\/\/www.europesays.com\/fr\/wp-json\/wp\/v2\/posts\/587957","targetHints":{"allow":["GET"]}}],"collection":[{"href":"https:\/\/www.europesays.com\/fr\/wp-json\/wp\/v2\/posts"}],"about":[{"href":"https:\/\/www.europesays.com\/fr\/wp-json\/wp\/v2\/types\/post"}],"author":[{"embeddable":true,"href":"https:\/\/www.europesays.com\/fr\/wp-json\/wp\/v2\/users\/2"}],"replies":[{"embeddable":true,"href":"https:\/\/www.europesays.com\/fr\/wp-json\/wp\/v2\/comments?post=587957"}],"version-history":[{"count":0,"href":"https:\/\/www.europesays.com\/fr\/wp-json\/wp\/v2\/posts\/587957\/revisions"}],"wp:featuredmedia":[{"embeddable":true,"href":"https:\/\/www.europesays.com\/fr\/wp-json\/wp\/v2\/media\/587958"}],"wp:attachment":[{"href":"https:\/\/www.europesays.com\/fr\/wp-json\/wp\/v2\/media?parent=587957"}],"wp:term":[{"taxonomy":"category","embeddable":true,"href":"https:\/\/www.europesays.com\/fr\/wp-json\/wp\/v2\/categories?post=587957"},{"taxonomy":"post_tag","embeddable":true,"href":"https:\/\/www.europesays.com\/fr\/wp-json\/wp\/v2\/tags?post=587957"}],"curies":[{"name":"wp","href":"https:\/\/api.w.org\/{rel}","templated":true}]}}