{"id":587970,"date":"2025-12-09T06:50:14","date_gmt":"2025-12-09T06:50:14","guid":{"rendered":"https:\/\/www.europesays.com\/fr\/587970\/"},"modified":"2025-12-09T06:50:14","modified_gmt":"2025-12-09T06:50:14","slug":"les-20-ans-de-lamour-est-dans-le-pre-dans-la-drome","status":"publish","type":"post","link":"https:\/\/www.europesays.com\/fr\/587970\/","title":{"rendered":"les 20 ans de L\u2019Amour est dans le pr\u00e9 dans la Dr\u00f4me"},"content":{"rendered":"<p>Deux soir\u00e9es pour deux d\u00e9cennies de rencontres amoureuses. C\u2019est au camping Huttopia de Dieulefit, dans la Dr\u00f4me proven\u00e7ale, qu\u2019ont \u00e9t\u00e9 tourn\u00e9es les deux \u00e9missions sp\u00e9ciales de L\u2019Amour est dans le pr\u00e9, diffus\u00e9es sur M6 les 8 et 15\u00a0d\u00e9cembre. C\u2019est Karine Le Marchand, en \u201cMadame la maire\u201d du \u201cvillage ADP\u201d qui a accueilli les agriculteurs et les agricultrices les plus embl\u00e9matiques de l\u2019\u00e9mission, leurs conjoints et conjointes, mais aussi leurs enfants. L\u2019occasion pour certains couples, d\u00e9j\u00e0 mari\u00e9s, de renouveler leurs v\u0153ux et de se dire \u00ab\u00a0oui\u00a0\u00bb une nouvelle fois. Entre \u00e9motion, rires et r\u00e9v\u00e9lations, revivez ces moments hors du temps\u2026<\/p>\n","protected":false},"excerpt":{"rendered":"Deux soir\u00e9es pour deux d\u00e9cennies de rencontres amoureuses. C\u2019est au camping Huttopia de Dieulefit, dans la Dr\u00f4me proven\u00e7ale,&hellip;\n","protected":false},"author":2,"featured_media":587971,"comment_status":"","ping_status":"","sticky":false,"template":"","format":"standard","meta":{"footnotes":""},"categories":[1356],"tags":[327,7476,1687,50125,58,2730,58124,6436,2737,2735,59,107,1011,27,329,5325,2798,973,273,12272,104,252,2205,1364],"class_list":{"0":"post-587970","1":"post","2":"type-post","3":"status-publish","4":"format-standard","5":"has-post-thumbnail","7":"category-television","8":"tag-agriculture","9":"tag-anniversaires","10":"tag-culture-loisirs","11":"tag-dieulefit","12":"tag-divertissement","13":"tag-drome","14":"tag-drome-provencale","15":"tag-edition-montelimar-drome-provencale","16":"tag-edition-romans-nord-drome","17":"tag-edition-valence-rhone-crussol-vallee-de-la-drome","18":"tag-entertainment","19":"tag-fil-info","20":"tag-fr","21":"tag-france","22":"tag-france-monde","23":"tag-galerie-media","24":"tag-galerie-photo","25":"tag-people","26":"tag-selection-de-la-redaction","27":"tag-selection-de-la-redaction-26","28":"tag-societe","29":"tag-television","30":"tag-television-medias","31":"tag-tv"},"share_on_mastodon":{"url":"https:\/\/pubeurope.com\/@fr\/115688284153654938","error":""},"_links":{"self":[{"href":"https:\/\/www.europesays.com\/fr\/wp-json\/wp\/v2\/posts\/587970","targetHints":{"allow":["GET"]}}],"collection":[{"href":"https:\/\/www.europesays.com\/fr\/wp-json\/wp\/v2\/posts"}],"about":[{"href":"https:\/\/www.europesays.com\/fr\/wp-json\/wp\/v2\/types\/post"}],"author":[{"embeddable":true,"href":"https:\/\/www.europesays.com\/fr\/wp-json\/wp\/v2\/users\/2"}],"replies":[{"embeddable":true,"href":"https:\/\/www.europesays.com\/fr\/wp-json\/wp\/v2\/comments?post=587970"}],"version-history":[{"count":0,"href":"https:\/\/www.europesays.com\/fr\/wp-json\/wp\/v2\/posts\/587970\/revisions"}],"wp:featuredmedia":[{"embeddable":true,"href":"https:\/\/www.europesays.com\/fr\/wp-json\/wp\/v2\/media\/587971"}],"wp:attachment":[{"href":"https:\/\/www.europesays.com\/fr\/wp-json\/wp\/v2\/media?parent=587970"}],"wp:term":[{"taxonomy":"category","embeddable":true,"href":"https:\/\/www.europesays.com\/fr\/wp-json\/wp\/v2\/categories?post=587970"},{"taxonomy":"post_tag","embeddable":true,"href":"https:\/\/www.europesays.com\/fr\/wp-json\/wp\/v2\/tags?post=587970"}],"curies":[{"name":"wp","href":"https:\/\/api.w.org\/{rel}","templated":true}]}}