{"id":588007,"date":"2025-12-09T07:10:30","date_gmt":"2025-12-09T07:10:30","guid":{"rendered":"https:\/\/www.europesays.com\/fr\/588007\/"},"modified":"2025-12-09T07:10:30","modified_gmt":"2025-12-09T07:10:30","slug":"accident-a-tancarville-entre-deux-automobilistes-deux-hommes-sont-blesses","status":"publish","type":"post","link":"https:\/\/www.europesays.com\/fr\/588007\/","title":{"rendered":"Accident \u00e0 Tancarville entre deux automobilistes : deux hommes sont bless\u00e9s"},"content":{"rendered":"<p>                    Par<br \/>\n        <strong><br \/>\n            <a href=\"https:\/\/actu.fr\/auteur\/louise-boutard\" title=\"Consulter tous les articles de Louise Boutard\" target=\"_blank\" rel=\"noopener\">Louise Boutard<\/a><br \/>\n                    <\/strong><\/p>\n<p>        Publi\u00e9 le<\/p>\n<p>            8 d\u00e9c. 2025 \u00e0 14h46<br \/>\n        ; mis \u00e0 jour le 8 d\u00e9c. 2025 \u00e0 14h51    <\/p>\n<p>Un <strong>accident<\/strong> s\u2019est d\u00e9roul\u00e9 \u00e0 <a href=\"https:\/\/actu.fr\/normandie\/tancarville_76684\" target=\"_blank\" rel=\"noopener\">Tancarville<\/a>, lundi 8\u00a0d\u00e9cembre 2025 dans la matin\u00e9e, tout pr\u00e8s du pont du m\u00eame nom. <strong>Deux voitures<\/strong> sont impliqu\u00e9es, et <strong>deux hommes ont \u00e9t\u00e9 bless\u00e9s.<\/strong><\/p>\n<p>Un homme h\u00e9liport\u00e9 \u00e0 Rouen<\/p>\n<p class=\" wall-content\">Les <strong>deux hommes bless\u00e9s<\/strong> ont \u00e9t\u00e9 pris en charge par les sapeurs-pompiers. L\u2019une des victimes, un homme de 37\u00a0ans, a \u00e9t\u00e9 consid\u00e9r\u00e9e \u00ab\u2009bless\u00e9 grave\u2009\u00bb. Il a d\u00fb \u00eatre <strong>d\u00e9sincarc\u00e9r\u00e9<\/strong> de sa voiture par les secours.<\/p>\n<p class=\" wall-content\">L\u2019<strong>h\u00e9licopt\u00e8re de la s\u00e9curit\u00e9 civile<\/strong> a permis de le transporter directement vers le CHU (centre hospitalier universitaire) \u00e0 Rouen.<\/p>\n<p class=\" wall-content\">L\u2019autre homme impliqu\u00e9, \u00e2g\u00e9 de 25\u00a0ans, a \u00e9t\u00e9 bless\u00e9 plus l\u00e9g\u00e8rement. Il a \u00e9t\u00e9 transport\u00e9 au <strong>CHI (centre hospitalier intercommunal) le plus proche, \u00e0 Lillebonne.<\/strong><\/p>\n<p class=\" wall-content\">La <strong>circulation a \u00e9t\u00e9 perturb\u00e9e<\/strong> en fin de matin\u00e9e sur la route d\u00e9partementale 982 et la route du\u00a0Havre de Tancarville-Bas, le temps de la s\u00e9curisation des lieux, avec une circulation sur une seule voie.<\/p>\n<p>Vid\u00e9os : en ce moment sur Actu<\/p>\n<p class=\" wall-content\">Au total, 18 sapeurs-pompiers sont intervenus sur place avec sept de leurs engins.<\/p>\n<p>Suivez l\u2019actualit\u00e9 du\u00a0Havre sur <a href=\"https:\/\/www.whatsapp.com\/channel\/0029VaFqJYE8aKvLBwVrEe0o\" target=\"_blank\" rel=\"noopener\">notre cha\u00eene WhatsApp<\/a> et sur <a href=\"https:\/\/www.tiktok.com\/@76actu.fr?lang=fr\" target=\"_blank\" rel=\"noopener\">notre compte TikTok<\/a><\/p>\n<p class=\" wall-content\">Personnalisez votre actualit\u00e9 en ajoutant vos villes et m\u00e9dias en favori avec <a href=\"https:\/\/moncompte.actu.fr\" title=\"D\u00e9couvez Mon Actu\" rel=\"nofollow noopener\" data-trk=\"{&quot;cta&quot;:{&quot;action&quot;:&quot;https:\\\/\\\/moncompte.actu.fr&quot;,&quot;category&quot;:&quot;mon compte&quot;,&quot;from&quot;:&quot;article footer&quot;,&quot;name&quot;:&quot;Mon actu&quot;,&quot;type&quot;:&quot;cta&quot;}}\" target=\"_blank\">Mon Actu<\/a>.<\/p>\n<p>                    <script async src=\"\/\/www.tiktok.com\/embed.js\"><\/script><\/p>\n","protected":false},"excerpt":{"rendered":"Par Louise Boutard Publi\u00e9 le 8 d\u00e9c. 2025 \u00e0 14h46 ; mis \u00e0 jour le 8 d\u00e9c. 2025&hellip;\n","protected":false},"author":2,"featured_media":588008,"comment_status":"","ping_status":"","sticky":false,"template":"","format":"standard","meta":{"footnotes":""},"categories":[9587],"tags":[119,1111,11,1777,674,118,1011,27,12,5161,1311,35019,25,9590],"class_list":{"0":"post-588007","1":"post","2":"type-post","3":"status-publish","4":"format-standard","5":"has-post-thumbnail","7":"category-rouen","8":"tag-accident","9":"tag-actu","10":"tag-actualites","11":"tag-eu","12":"tag-europe","13":"tag-faits-divers","14":"tag-fr","15":"tag-france","16":"tag-news","17":"tag-normandie","18":"tag-pompiers","19":"tag-pont-de-tancarville","20":"tag-republique-francaise","21":"tag-rouen"},"share_on_mastodon":{"url":"https:\/\/pubeurope.com\/@fr\/115688362864043948","error":""},"_links":{"self":[{"href":"https:\/\/www.europesays.com\/fr\/wp-json\/wp\/v2\/posts\/588007","targetHints":{"allow":["GET"]}}],"collection":[{"href":"https:\/\/www.europesays.com\/fr\/wp-json\/wp\/v2\/posts"}],"about":[{"href":"https:\/\/www.europesays.com\/fr\/wp-json\/wp\/v2\/types\/post"}],"author":[{"embeddable":true,"href":"https:\/\/www.europesays.com\/fr\/wp-json\/wp\/v2\/users\/2"}],"replies":[{"embeddable":true,"href":"https:\/\/www.europesays.com\/fr\/wp-json\/wp\/v2\/comments?post=588007"}],"version-history":[{"count":0,"href":"https:\/\/www.europesays.com\/fr\/wp-json\/wp\/v2\/posts\/588007\/revisions"}],"wp:featuredmedia":[{"embeddable":true,"href":"https:\/\/www.europesays.com\/fr\/wp-json\/wp\/v2\/media\/588008"}],"wp:attachment":[{"href":"https:\/\/www.europesays.com\/fr\/wp-json\/wp\/v2\/media?parent=588007"}],"wp:term":[{"taxonomy":"category","embeddable":true,"href":"https:\/\/www.europesays.com\/fr\/wp-json\/wp\/v2\/categories?post=588007"},{"taxonomy":"post_tag","embeddable":true,"href":"https:\/\/www.europesays.com\/fr\/wp-json\/wp\/v2\/tags?post=588007"}],"curies":[{"name":"wp","href":"https:\/\/api.w.org\/{rel}","templated":true}]}}