{"id":588009,"date":"2025-12-09T07:11:13","date_gmt":"2025-12-09T07:11:13","guid":{"rendered":"https:\/\/www.europesays.com\/fr\/588009\/"},"modified":"2025-12-09T07:11:13","modified_gmt":"2025-12-09T07:11:13","slug":"la-frequentation-de-cette-epicerie-solidaire-itinerante-explose","status":"publish","type":"post","link":"https:\/\/www.europesays.com\/fr\/588009\/","title":{"rendered":"la fr\u00e9quentation de cette \u00e9picerie solidaire itin\u00e9rante explose"},"content":{"rendered":"<p>\u00ab\u00a0Qu\u2019il pleuve ou qu\u2019il neige, on est l\u00e0. On sait qu\u2019on est tr\u00e8s attendus.\u00a0\u00bb Depuis 2019, l\u2019\u00e9picerie solidaire itin\u00e9rante la Mobile d\u2019Episol, parcourt l\u2019agglom\u00e9ration pour offrir aux habitants des produits de qualit\u00e9, \u00e0 des prix adapt\u00e9s \u00e0 leurs revenus.<\/p>\n<p>Cette d\u00e9clinaison ambulante du <a href=\"https:\/\/www.ledauphine.com\/social\/2022\/03\/16\/isere-grenoble-episol-un-modele-d-epicerie-solidaire-pas-comme-les-autres\" target=\"_blank\" rel=\"noopener\"> magasin Episol<\/a> , l\u2019\u00e9picerie solidaire grenobloise qui a 10 ans, part chaque semaine \u00e0 la rencontre de son public \u00e0 Grenoble (quartiers de la Ville neuve,&#8230;<\/p>\n","protected":false},"excerpt":{"rendered":"\u00ab\u00a0Qu\u2019il pleuve ou qu\u2019il neige, on est l\u00e0. On sait qu\u2019on est tr\u00e8s attendus.\u00a0\u00bb Depuis 2019, l\u2019\u00e9picerie solidaire&hellip;\n","protected":false},"author":2,"featured_media":588010,"comment_status":"","ping_status":"","sticky":false,"template":"","format":"standard","meta":{"footnotes":""},"categories":[9566],"tags":[1111,11,2430,130,33,112,1777,674,1011,27,2731,108,12,25,9448,11264,104,1631],"class_list":{"0":"post-588009","1":"post","2":"type-post","3":"status-publish","4":"format-standard","5":"has-post-thumbnail","7":"category-grenoble","8":"tag-actu","9":"tag-actualites","10":"tag-auvergne-rhone-alpes","11":"tag-consommation","12":"tag-economie","13":"tag-edition-grenoble-agglomeration","14":"tag-eu","15":"tag-europe","16":"tag-fr","17":"tag-france","18":"tag-grenoble","19":"tag-isere","20":"tag-news","21":"tag-republique-francaise","22":"tag-saint-martin-dheres","23":"tag-saint-martin-dheres-bassin","24":"tag-societe","25":"tag-vie-associative"},"share_on_mastodon":{"url":"https:\/\/pubeurope.com\/@fr\/115688366669022566","error":""},"_links":{"self":[{"href":"https:\/\/www.europesays.com\/fr\/wp-json\/wp\/v2\/posts\/588009","targetHints":{"allow":["GET"]}}],"collection":[{"href":"https:\/\/www.europesays.com\/fr\/wp-json\/wp\/v2\/posts"}],"about":[{"href":"https:\/\/www.europesays.com\/fr\/wp-json\/wp\/v2\/types\/post"}],"author":[{"embeddable":true,"href":"https:\/\/www.europesays.com\/fr\/wp-json\/wp\/v2\/users\/2"}],"replies":[{"embeddable":true,"href":"https:\/\/www.europesays.com\/fr\/wp-json\/wp\/v2\/comments?post=588009"}],"version-history":[{"count":0,"href":"https:\/\/www.europesays.com\/fr\/wp-json\/wp\/v2\/posts\/588009\/revisions"}],"wp:featuredmedia":[{"embeddable":true,"href":"https:\/\/www.europesays.com\/fr\/wp-json\/wp\/v2\/media\/588010"}],"wp:attachment":[{"href":"https:\/\/www.europesays.com\/fr\/wp-json\/wp\/v2\/media?parent=588009"}],"wp:term":[{"taxonomy":"category","embeddable":true,"href":"https:\/\/www.europesays.com\/fr\/wp-json\/wp\/v2\/categories?post=588009"},{"taxonomy":"post_tag","embeddable":true,"href":"https:\/\/www.europesays.com\/fr\/wp-json\/wp\/v2\/tags?post=588009"}],"curies":[{"name":"wp","href":"https:\/\/api.w.org\/{rel}","templated":true}]}}