{"id":588023,"date":"2025-12-09T07:19:17","date_gmt":"2025-12-09T07:19:17","guid":{"rendered":"https:\/\/www.europesays.com\/fr\/588023\/"},"modified":"2025-12-09T07:19:17","modified_gmt":"2025-12-09T07:19:17","slug":"quelle-utilite-pour-le-plan-intelligence-artificielle-a-10-millions-deuros-presente-par-eric-ciotti-pour-nice","status":"publish","type":"post","link":"https:\/\/www.europesays.com\/fr\/588023\/","title":{"rendered":"quelle utilit\u00e9 pour le \u00ab\u00a0plan intelligence artificielle\u00a0\u00bb \u00e0 10 millions d&rsquo;euros pr\u00e9sent\u00e9 par \u00c9ric Ciotti pour Nice ?"},"content":{"rendered":"<p><strong><a href=\"https:\/\/nicepresse.com\/municipales\/\" data-wpel-link=\"internal\" target=\"_blank\" rel=\"noopener\">Municipales 2026<\/a>. \u00ab\u00a0Retomb\u00e9es \u00e9conomiques, s\u00e9curit\u00e9 et circulation mieux g\u00e9r\u00e9es\u2026\u00bb \u00c9ric Ciotti s\u2019aventure sur un terrain o\u00f9 on ne l\u2019attendait pas forc\u00e9ment dans cette campagne, proposant 10 mesures pour faire de Nice la \u00ab\u00a0capitale europ\u00e9enne de l\u2019IA\u00a0\u00bb. Des mesures originales, porteuses de d\u00e9bat et pas tr\u00e8s ch\u00e8res. Reste \u00e0\u00a0voir quel serait l\u2019engouement suscit\u00e9 aupr\u00e8s du secteur priv\u00e9, la vraie cl\u00e9 du succ\u00e8s pour ce\u00a0plan.<\/strong><\/p>\n<p>\u00ab\u00a0Nice a\u00a0pris un retard consid\u00e9rable face aux progr\u00e8s de l\u2019intelligence artificielle\u00a0\u00bb. \u00c9ric Ciotti l\u2019a martel\u00e9 au cours d\u2019une conf\u00e9rence de presse, lundi 8\u00a0d\u00e9cembre. La ville ne peut plus attendre si elle entend prendre le train en marche.\u00a0<\/p>\n<p>Le candidat \u00e0\u00a0la mairie a\u00a0pr\u00e9sent\u00e9 ses \u00ab\u00a0dix mesures pour l\u2019IA\u00a0\u00bb, livr\u00e9es par une experte qui le rejoint, le docteur Juliette Raffort (voir encadr\u00e9). \u00ab\u00a0Nous assistons au plus grand bouleversement depuis la r\u00e9volution industrielle\u00a0\u00bb poursuit le d\u00e9put\u00e9, qui ne veut pas voir la cit\u00e9 le manquer.<\/p>\n<p>Le plan, incitatif, ambitionne d\u2019ouvrir un \u00ab\u00a0Forum sur 1000 m\u00e8tres carr\u00e9s en centre-ville\u00a0\u00bb qui ferait \u00e0\u00a0la fois office de campus, et de si\u00e8ge pour un coll\u00e8ge d\u2019experts, inspir\u00e9 d\u2019un mod\u00e8le canadien. Il faudrait \u00e9galement aller plus loin dans l\u2019usage de ces technologies coupl\u00e9es \u00e0\u00a0la vid\u00e9osurveillance. Ce que la municipalit\u00e9 en place assure d\u00e9j\u00e0 faire, tr\u00e8s-tr\u00e8s encadr\u00e9e par l\u2019autorit\u00e9 de r\u00e9gulation, la Cnil. Mais Eric Ciotti y\u00a0voit des marges de progression\u00a0: \u00ab\u00a0je veux diviser par deux le nombre d\u2019agents pr\u00e9sents derri\u00e8re les \u00e9crans du Centre de supervision, pour les voir patrouiller sur le terrain\u00a0\u00bb.<\/p>\n<blockquote class=\"twitter-tweet\">\n<p lang=\"fr\" dir=\"ltr\">Juliette Raffort est jeune, talentueuse et pr\u00e9curseure dans le domaine de l\u2019IA. \u00c0\u00a0son image, tout comme la pr\u00e9f\u00e8te Souliman ou Jean-Pierre Riv\u00e8re, notre liste rassemblera les meilleurs profils\u00a0! <a href=\"https:\/\/t.co\/zpBuhzVSxK\" data-wpel-link=\"external\" target=\"_blank\" rel=\"external noopener noreferrer\" class=\"wpel-icon-right\">pic.twitter.com\/zpBuhzVSxK<\/a><\/p>\n<p>\u2014 Eric Ciotti (@eciotti) <a href=\"https:\/\/twitter.com\/eciotti\/status\/1998044413927542804?ref_src=twsrc%5Etfw\" target=\"_blank\" rel=\"noopener external noreferrer\" data-wpel-link=\"external\" class=\"wpel-icon-right\">December 8,\u00a02025<\/a><\/p><\/blockquote>\n<p>Un point tr\u00e8s novateur, la commune installerait des \u00ab\u00a0bornes interactives dans des lieux strat\u00e9giques\u00a0\u00bb pour mieux guider les habitants vers les diff\u00e9rents sites m\u00e9dicaux, en fonction de leurs sympt\u00f4mes et pathologies. Par ailleurs, des formations et des aides financi\u00e8res seraient allou\u00e9es aux \u00e9tudiants et aux seniors pour faciliter leur acc\u00e8s aux tout derniers outils.<\/p>\n<p>La premi\u00e8re ann\u00e9e, l\u2019ensemble est \u00e9valu\u00e9 par le candidat \u00e0\u00a010,2 millions d\u2019euros d\u2019investissements et de fonctionnement. Avec lesquels il faudrait consid\u00e9rer les retomb\u00e9es et subventions \u00e0\u00a0obtenir, qui rendraient le package \u00ab\u00a0autosuffisant\u00a0\u00bb.<\/p>\n<p>\u00ab\u00a0LA capitale\u00a0\u00bb peut-\u00eatre pas, mais devenir un p\u00f4le europ\u00e9en n\u2019a rien d\u2019une chim\u00e8re<\/p>\n<p>Certes, m\u00eame si le sujet est au coeur des \u00e9volutions de la soci\u00e9t\u00e9, il ne repr\u00e9sente pas l\u2019une des pr\u00e9occupations ni\u00e7oises de cette \u00e9lection.<\/p>\n<p><a href=\"https:\/\/nicepresse.com\/eric-ciotti-a-nice-presse-mon-plan-contre-linsecurite\/\" data-wpel-link=\"internal\" target=\"_blank\" rel=\"noopener\">Eric Ciotti a\u00a0d\u00e9j\u00e0 pr\u00e9sent\u00e9 son arsenal contre la d\u00e9linquance dans Nice-Presse<\/a> en septembre, et r\u00e9v\u00e9lera les points cl\u00e9s de son programme \u00ab\u00a0en janvier\u00a0\u00bb. Mais son travail sur l\u2019IA aura le m\u00e9rite d\u2019abonder la campagne d\u2019id\u00e9es neuves et de d\u00e9bats int\u00e9ressants (<a href=\"https:\/\/nicepresse.com\/municipales-2026-a-nice-le-match-estrosi-ciotti-ecrase-la-campagne-pour-lheure-avec-peu-de-debat-de-fond-et-dans-un-climat-fortement-critique\/\" data-wpel-link=\"internal\" target=\"_blank\" rel=\"noopener\">enfin\u00a0?<\/a>).<\/p>\n<p><a href=\"https:\/\/www.nice.fr\/noel-a-nice\/\" data-wpel-link=\"external\" target=\"_blank\" rel=\"external noopener noreferrer\"><img loading=\"lazy\" decoding=\"async\" width=\"300\" height=\"300\" src=\"https:\/\/www.europesays.com\/fr\/wp-content\/uploads\/2025\/11\/NoelNice_Coeur-Article-NicePresse-300x300-2.png\" alt=\"\" class=\"wp-image-260426\"\/><\/a><\/p>\n<p>M\u00eame si Nice ne part pas de rien en mati\u00e8re d\u2019intelligence artificielle, avec notamment le tr\u00e8s r\u00e9put\u00e9 institut 3IA C\u00f4te d\u2019Azur port\u00e9 par l\u2019Universit\u00e9 C\u00f4te d\u2019Azur et l\u2019\u00e9cosyst\u00e8me, tout proche, de Sophia Antipolis, l\u2019objectif de devenir \u00ab\u00a0LA capitale europ\u00e9enne\u00a0\u00bb en la mati\u00e8re, devant Paris, Londres (1300 startups, un quart des investissements priv\u00e9s en IA en Europe) Berlin, etc rel\u00e8ve sans doute davantage d\u2019un slogan.  Cela \u00e9tant, devenir un p\u00f4le comp\u00e9titif n\u2019a rien d\u2019une chim\u00e8re, bien qu\u2019il faille susciter une mobilisation XXL des investisseurs du secteur priv\u00e9 et de l\u2019\u00c9tat.<\/p>\n<p class=\"has-very-light-gray-background-color has-background\">Apr\u00e8s les ralliements de l\u2019ancien pr\u00e9sident de l\u2019OGC Nice <a href=\"https:\/\/nicepresse.com\/jean-pierre-rivere-a-nice-presse-dimanche-pourquoi-jai-rejoint-eric-ciotti\/\" data-wpel-link=\"internal\" target=\"_blank\" rel=\"noopener\">Jean-Pierre Riv\u00e8re<\/a> et de la pr\u00e9f\u00e8te <a href=\"https:\/\/nicepresse.com\/municipales-delinquance-elle-incarne-la-lutte-contre-linsecurite-au-coeur-de-la-campagne-deric-ciotti-francoise-souliman-se-livre-a-nice-presse\/\" data-wpel-link=\"internal\" target=\"_blank\" rel=\"noopener\">Fran\u00e7oise Souliman<\/a>, Eric Ciotti poursuit dans son esprit \u00ab\u00a0Macron 2017\u00a0\u00bb en composant une \u00e9quipe d\u2019experts de la soci\u00e9t\u00e9 civile plut\u00f4t que de poids lourds politiques. En cas de victoire, elle est promise \u00e0\u00a0une d\u00e9l\u00e9gation municipale d\u00e9di\u00e9e et \u00e0\u00a0une vice-pr\u00e9sidence m\u00e9tropolitaine\u00a0: c\u2019est le docteur <strong>Juliette Raffort <\/strong>qui incarne le plan. M\u00e9decin biologiste au CHU, elle est titulaire d\u2019une chaire en IA et dirige une \u00e9quipe de recherche CNRS-UniCA.<\/p>\n<p>\t<script async src=\"https:\/\/platform.twitter.com\/widgets.js\" charset=\"utf-8\"><\/script><\/p>\n","protected":false},"excerpt":{"rendered":"Municipales 2026. \u00ab\u00a0Retomb\u00e9es \u00e9conomiques, s\u00e9curit\u00e9 et circulation mieux g\u00e9r\u00e9es\u2026\u00bb \u00c9ric Ciotti s\u2019aventure sur un terrain o\u00f9 on ne&hellip;\n","protected":false},"author":2,"featured_media":588024,"comment_status":"","ping_status":"","sticky":false,"template":"","format":"standard","meta":{"footnotes":""},"categories":[2819],"tags":[1111,11,1777,674,1011,27,12,2401,882,25],"class_list":{"0":"post-588023","1":"post","2":"type-post","3":"status-publish","4":"format-standard","5":"has-post-thumbnail","7":"category-nice","8":"tag-actu","9":"tag-actualites","10":"tag-eu","11":"tag-europe","12":"tag-fr","13":"tag-france","14":"tag-news","15":"tag-nice","16":"tag-provence-alpes-cote-dazur","17":"tag-republique-francaise"},"share_on_mastodon":{"url":"https:\/\/pubeurope.com\/@fr\/115688398829466566","error":""},"_links":{"self":[{"href":"https:\/\/www.europesays.com\/fr\/wp-json\/wp\/v2\/posts\/588023","targetHints":{"allow":["GET"]}}],"collection":[{"href":"https:\/\/www.europesays.com\/fr\/wp-json\/wp\/v2\/posts"}],"about":[{"href":"https:\/\/www.europesays.com\/fr\/wp-json\/wp\/v2\/types\/post"}],"author":[{"embeddable":true,"href":"https:\/\/www.europesays.com\/fr\/wp-json\/wp\/v2\/users\/2"}],"replies":[{"embeddable":true,"href":"https:\/\/www.europesays.com\/fr\/wp-json\/wp\/v2\/comments?post=588023"}],"version-history":[{"count":0,"href":"https:\/\/www.europesays.com\/fr\/wp-json\/wp\/v2\/posts\/588023\/revisions"}],"wp:featuredmedia":[{"embeddable":true,"href":"https:\/\/www.europesays.com\/fr\/wp-json\/wp\/v2\/media\/588024"}],"wp:attachment":[{"href":"https:\/\/www.europesays.com\/fr\/wp-json\/wp\/v2\/media?parent=588023"}],"wp:term":[{"taxonomy":"category","embeddable":true,"href":"https:\/\/www.europesays.com\/fr\/wp-json\/wp\/v2\/categories?post=588023"},{"taxonomy":"post_tag","embeddable":true,"href":"https:\/\/www.europesays.com\/fr\/wp-json\/wp\/v2\/tags?post=588023"}],"curies":[{"name":"wp","href":"https:\/\/api.w.org\/{rel}","templated":true}]}}