{"id":588025,"date":"2025-12-09T07:20:13","date_gmt":"2025-12-09T07:20:13","guid":{"rendered":"https:\/\/www.europesays.com\/fr\/588025\/"},"modified":"2025-12-09T07:20:13","modified_gmt":"2025-12-09T07:20:13","slug":"rochetrejoux-objectif-atteint-pour-les-benevoles-dappel-detresse","status":"publish","type":"post","link":"https:\/\/www.europesays.com\/fr\/588025\/","title":{"rendered":"Rochetrejoux. Objectif atteint pour les b\u00e9n\u00e9voles d\u2019Appel D\u00e9tresse"},"content":{"rendered":"<p>Dimanche, les b\u00e9n\u00e9voles d\u2019Appel D\u00e9tresse ont organis\u00e9 leur vente artisanale de No\u00ebl au foyer rural. Leur objectif \u00e9tait de fournir 130\u00a0000\u00a0repas dans une cantine de Madagascar pour une ann\u00e9e.<\/p>\n<p><strong>\u00ab\u00a0Il nous fallait 5\u00a0000\u00a0\u20ac pour pouvoir financer les 130\u00a0000\u00a0repas. Il nous manquait environ 1\u00a0000\u00a0\u20ac. Avec la vente d\u2019aujourd\u2019hui, notre objectif est atteint\u00a0\u00bb<\/strong>, se r\u00e9jouit la tr\u00e9sori\u00e8re R\u00e9gine Vachon.<\/p>\n<p>Les b\u00e9n\u00e9voles tiennent \u00e0 remercier la mobilisation de tous.<strong> \u00a0Nous avons vu beaucoup de monde. La salle n\u2019a pas d\u00e9sempli le matin. Merci pour ce soutien\u00a0<\/strong>, confient les b\u00e9n\u00e9voles.<\/p>\n<p>\u00a0<\/p>\n","protected":false},"excerpt":{"rendered":"Dimanche, les b\u00e9n\u00e9voles d\u2019Appel D\u00e9tresse ont organis\u00e9 leur vente artisanale de No\u00ebl au foyer rural. Leur objectif \u00e9tait&hellip;\n","protected":false},"author":2,"featured_media":588026,"comment_status":"","ping_status":"","sticky":false,"template":"","format":"standard","meta":{"footnotes":""},"categories":[2818],"tags":[1111,11,7431,14647,15089,17432,1777,674,1011,27,766,12,22569,2636,25,6689,70121,9693],"class_list":{"0":"post-588025","1":"post","2":"type-post","3":"status-publish","4":"format-standard","5":"has-post-thumbnail","7":"category-nantes","8":"tag-actu","9":"tag-actualites","10":"tag-appel","11":"tag-atteint","12":"tag-benevoles","13":"tag-detresse","14":"tag-eu","15":"tag-europe","16":"tag-fr","17":"tag-france","18":"tag-nantes","19":"tag-news","20":"tag-objectif","21":"tag-pays-de-la-loire","22":"tag-republique-francaise","23":"tag-roche","24":"tag-rochetrejoux","25":"tag-yon"},"share_on_mastodon":{"url":"https:\/\/pubeurope.com\/@fr\/115688402127123106","error":""},"_links":{"self":[{"href":"https:\/\/www.europesays.com\/fr\/wp-json\/wp\/v2\/posts\/588025","targetHints":{"allow":["GET"]}}],"collection":[{"href":"https:\/\/www.europesays.com\/fr\/wp-json\/wp\/v2\/posts"}],"about":[{"href":"https:\/\/www.europesays.com\/fr\/wp-json\/wp\/v2\/types\/post"}],"author":[{"embeddable":true,"href":"https:\/\/www.europesays.com\/fr\/wp-json\/wp\/v2\/users\/2"}],"replies":[{"embeddable":true,"href":"https:\/\/www.europesays.com\/fr\/wp-json\/wp\/v2\/comments?post=588025"}],"version-history":[{"count":0,"href":"https:\/\/www.europesays.com\/fr\/wp-json\/wp\/v2\/posts\/588025\/revisions"}],"wp:featuredmedia":[{"embeddable":true,"href":"https:\/\/www.europesays.com\/fr\/wp-json\/wp\/v2\/media\/588026"}],"wp:attachment":[{"href":"https:\/\/www.europesays.com\/fr\/wp-json\/wp\/v2\/media?parent=588025"}],"wp:term":[{"taxonomy":"category","embeddable":true,"href":"https:\/\/www.europesays.com\/fr\/wp-json\/wp\/v2\/categories?post=588025"},{"taxonomy":"post_tag","embeddable":true,"href":"https:\/\/www.europesays.com\/fr\/wp-json\/wp\/v2\/tags?post=588025"}],"curies":[{"name":"wp","href":"https:\/\/api.w.org\/{rel}","templated":true}]}}