{"id":588027,"date":"2025-12-09T07:21:15","date_gmt":"2025-12-09T07:21:15","guid":{"rendered":"https:\/\/www.europesays.com\/fr\/588027\/"},"modified":"2025-12-09T07:21:15","modified_gmt":"2025-12-09T07:21:15","slug":"video-le-debrief-de-nantes-rc-lens-avec-lens-foot-cest-dispo-sur-lensois-com","status":"publish","type":"post","link":"https:\/\/www.europesays.com\/fr\/588027\/","title":{"rendered":"[Vid\u00e9o] Le d\u00e9brief de Nantes-RC Lens avec Lens Foot, c&rsquo;est dispo sur Lensois.com !"},"content":{"rendered":"<p>C\u2019est ce lundi que l\u2019\u00e9quipe de Lens Foot se r\u00e9unissait pour \u00e9voquer l\u2019actualit\u00e9 r\u00e9cente du RC Lens. <strong>Pour rappel, Lens Foot est \u00e0 suivre g\u00e9n\u00e9ralement tous les lundis soir en live \u00e0 20h apr\u00e8s les matches de Ligue 1 et sur les pages Facebook et Youtube Lens Foot<\/strong>.<\/p>\n<p>Vous pouvez visionner le replay de ce nouvel \u00e9pisode d\u00e8s maintenant sur\u00a0Lensois.com. L\u2019\u00e9mission est disponible directement ci-dessous. Vous pouvez aussi retrouver d\u00e9sormais des extraits des \u00e9missions dans le lecteur vid\u00e9o qui vous accompagne dans votre navigation sur le site. On vous laisse d\u00e9couvrir les analyses de la team d\u2019experts qui entoure pour cette semaine <strong>Cyril Jamet<\/strong> avec<strong> Norman Noisette <\/strong>et notre consoeur de La Voix du Nord<strong> Sandrine Arrestier <\/strong>! Au programme, un retour sur la victoire 1-2 du <strong>RC Lens<\/strong> \u00e0 Nantes. Bon visionnage !<\/p><\/p>\n","protected":false},"excerpt":{"rendered":"C\u2019est ce lundi que l\u2019\u00e9quipe de Lens Foot se r\u00e9unissait pour \u00e9voquer l\u2019actualit\u00e9 r\u00e9cente du RC Lens. Pour&hellip;\n","protected":false},"author":2,"featured_media":588028,"comment_status":"","ping_status":"","sticky":false,"template":"","format":"standard","meta":{"footnotes":""},"categories":[2818],"tags":[1111,11,1777,674,1011,27,766,12,2636,25],"class_list":{"0":"post-588027","1":"post","2":"type-post","3":"status-publish","4":"format-standard","5":"has-post-thumbnail","7":"category-nantes","8":"tag-actu","9":"tag-actualites","10":"tag-eu","11":"tag-europe","12":"tag-fr","13":"tag-france","14":"tag-nantes","15":"tag-news","16":"tag-pays-de-la-loire","17":"tag-republique-francaise"},"share_on_mastodon":{"url":"https:\/\/pubeurope.com\/@fr\/115688405961950329","error":""},"_links":{"self":[{"href":"https:\/\/www.europesays.com\/fr\/wp-json\/wp\/v2\/posts\/588027","targetHints":{"allow":["GET"]}}],"collection":[{"href":"https:\/\/www.europesays.com\/fr\/wp-json\/wp\/v2\/posts"}],"about":[{"href":"https:\/\/www.europesays.com\/fr\/wp-json\/wp\/v2\/types\/post"}],"author":[{"embeddable":true,"href":"https:\/\/www.europesays.com\/fr\/wp-json\/wp\/v2\/users\/2"}],"replies":[{"embeddable":true,"href":"https:\/\/www.europesays.com\/fr\/wp-json\/wp\/v2\/comments?post=588027"}],"version-history":[{"count":0,"href":"https:\/\/www.europesays.com\/fr\/wp-json\/wp\/v2\/posts\/588027\/revisions"}],"wp:featuredmedia":[{"embeddable":true,"href":"https:\/\/www.europesays.com\/fr\/wp-json\/wp\/v2\/media\/588028"}],"wp:attachment":[{"href":"https:\/\/www.europesays.com\/fr\/wp-json\/wp\/v2\/media?parent=588027"}],"wp:term":[{"taxonomy":"category","embeddable":true,"href":"https:\/\/www.europesays.com\/fr\/wp-json\/wp\/v2\/categories?post=588027"},{"taxonomy":"post_tag","embeddable":true,"href":"https:\/\/www.europesays.com\/fr\/wp-json\/wp\/v2\/tags?post=588027"}],"curies":[{"name":"wp","href":"https:\/\/api.w.org\/{rel}","templated":true}]}}