{"id":588035,"date":"2025-12-09T07:25:12","date_gmt":"2025-12-09T07:25:12","guid":{"rendered":"https:\/\/www.europesays.com\/fr\/588035\/"},"modified":"2025-12-09T07:25:12","modified_gmt":"2025-12-09T07:25:12","slug":"trois-femmes-touchees-par-le-gaz-toxique","status":"publish","type":"post","link":"https:\/\/www.europesays.com\/fr\/588035\/","title":{"rendered":"trois femmes touch\u00e9es par le gaz toxique"},"content":{"rendered":"<p>                    Par<br \/>\n        <strong><br \/>\n            <a href=\"https:\/\/actu.fr\/auteur\/mareva-laville-actu-fr\" title=\"Consulter tous les articles de Mar\u00e9va Laville\" target=\"_blank\" rel=\"noopener\">Mar\u00e9va Laville<\/a><br \/>\n                    <\/strong><\/p>\n<p>        Publi\u00e9 le<\/p>\n<p>            9 d\u00e9c. 2025 \u00e0 7h40        <\/p>\n<p>Le d\u00e9tecteur de fum\u00e9e s\u2019est d\u00e9clench\u00e9 dans une r\u00e9sidence de <strong><a href=\"https:\/\/actu.fr\/occitanie\/blagnac_31069\" target=\"_blank\" rel=\"noopener\">Blagnac<\/a><\/strong>, pr\u00e8s de <a href=\"http:\/\/www.actu.fr\/toulouse\" target=\"_blank\" rel=\"noopener\">Toulouse<\/a>, dans la nuit de lundi 8\u00a0d\u00e9cembre 2025. Non pas pour de la fum\u00e9e, mais pour <a href=\"https:\/\/actu.fr\/occitanie\/sainte-foy-de-peyrolieres_31481\/pres-de-toulouse-une-ecole-maternelle-ferme-a-cause-d-une-odeur-suspecte-les-pompiers-interviennent_63533166.html\" target=\"_blank\" rel=\"noopener\">la pr\u00e9sence de <\/a><strong><a href=\"https:\/\/actu.fr\/occitanie\/sainte-foy-de-peyrolieres_31481\/pres-de-toulouse-une-ecole-maternelle-ferme-a-cause-d-une-odeur-suspecte-les-pompiers-interviennent_63533166.html\" target=\"_blank\" rel=\"noopener\">monoxyde de carbone<\/a>, un gaz toxique.<\/strong> Certains logements d\u2019un petit immeuble situ\u00e9 dans le centre de la commune \u00e9taient contamin\u00e9s.<\/p>\n<p>    <a href=\"https:\/\/www.google.com\/maps\/embed?pb=!1m18!1m12!1m3!1d5774.901474272856!2d1.3880034768175946!3d43.638789753361806!2m3!1f0!2f0!3f0!3m2!1i1024!2i768!4f13.1!3m3!1m2!1s0x12aea53a00c10847%3A0x18b5678572354700!2s15%20Vieux%20Chemin%20de%20Grenade%2C%2031700%20Blagnac!5e0!3m2!1sfr!2sfr!4v1765261939615!5m2!1sfr!2sfr\" title=\"Ouvrie le lien\" target=\"_blank\" rel=\"noopener\">Cliquez ici pour visualiser le contenu<\/a><\/p>\n<p>Trois femmes touch\u00e9es<\/p>\n<p class=\" wall-content\">\u00c0 l\u2019arriv\u00e9e des pompiers, trois<strong> femmes \u00e2g\u00e9es de 21, 25 et 48\u00a0ans<\/strong> \u00e9taient <strong>intoxiqu\u00e9es<\/strong>. \u00ab\u2009Elles pr\u00e9sentaient des c\u00e9phal\u00e9es [maux de t\u00eate, NDLR]\u2009\u00bb, pr\u00e9cise le Sdis 31. Ces trois victimes logeaient dans la m\u00eame copropri\u00e9t\u00e9.<\/p>\n<p class=\" wall-content\">Apr\u00e8s un bilan des secours, les trois femmes ont \u00e9t\u00e9<strong> laiss\u00e9es sur place,<\/strong> \u00ab\u2009sans n\u00e9cessit\u00e9 de transport vers une structure hospitali\u00e8re\u2009\u00bb, mentionnent les pompiers, intervenus au nombre de neuf, peu avant minuit.<\/p>\n<p class=\" wall-content\">Personnalisez votre actualit\u00e9 en ajoutant vos villes et m\u00e9dias en favori avec <a href=\"https:\/\/moncompte.actu.fr\" title=\"D\u00e9couvez Mon Actu\" rel=\"nofollow noopener\" data-trk=\"{&quot;cta&quot;:{&quot;action&quot;:&quot;https:\\\/\\\/moncompte.actu.fr&quot;,&quot;category&quot;:&quot;mon compte&quot;,&quot;from&quot;:&quot;article footer&quot;,&quot;name&quot;:&quot;Mon actu&quot;,&quot;type&quot;:&quot;cta&quot;}}\" target=\"_blank\">Mon Actu<\/a>.<\/p>\n","protected":false},"excerpt":{"rendered":"Par Mar\u00e9va Laville Publi\u00e9 le 9 d\u00e9c. 2025 \u00e0 7h40 Le d\u00e9tecteur de fum\u00e9e s\u2019est d\u00e9clench\u00e9 dans une&hellip;\n","protected":false},"author":2,"featured_media":588036,"comment_status":"","ping_status":"","sticky":false,"template":"","format":"standard","meta":{"footnotes":""},"categories":[2816],"tags":[1111,11,1777,674,118,1011,27,843,12,2680,1311,25,2312],"class_list":{"0":"post-588035","1":"post","2":"type-post","3":"status-publish","4":"format-standard","5":"has-post-thumbnail","7":"category-toulouse","8":"tag-actu","9":"tag-actualites","10":"tag-eu","11":"tag-europe","12":"tag-faits-divers","13":"tag-fr","14":"tag-france","15":"tag-gaz","16":"tag-news","17":"tag-occitanie","18":"tag-pompiers","19":"tag-republique-francaise","20":"tag-toulouse"},"share_on_mastodon":{"url":"https:\/\/pubeurope.com\/@fr\/115688421932940417","error":""},"_links":{"self":[{"href":"https:\/\/www.europesays.com\/fr\/wp-json\/wp\/v2\/posts\/588035","targetHints":{"allow":["GET"]}}],"collection":[{"href":"https:\/\/www.europesays.com\/fr\/wp-json\/wp\/v2\/posts"}],"about":[{"href":"https:\/\/www.europesays.com\/fr\/wp-json\/wp\/v2\/types\/post"}],"author":[{"embeddable":true,"href":"https:\/\/www.europesays.com\/fr\/wp-json\/wp\/v2\/users\/2"}],"replies":[{"embeddable":true,"href":"https:\/\/www.europesays.com\/fr\/wp-json\/wp\/v2\/comments?post=588035"}],"version-history":[{"count":0,"href":"https:\/\/www.europesays.com\/fr\/wp-json\/wp\/v2\/posts\/588035\/revisions"}],"wp:featuredmedia":[{"embeddable":true,"href":"https:\/\/www.europesays.com\/fr\/wp-json\/wp\/v2\/media\/588036"}],"wp:attachment":[{"href":"https:\/\/www.europesays.com\/fr\/wp-json\/wp\/v2\/media?parent=588035"}],"wp:term":[{"taxonomy":"category","embeddable":true,"href":"https:\/\/www.europesays.com\/fr\/wp-json\/wp\/v2\/categories?post=588035"},{"taxonomy":"post_tag","embeddable":true,"href":"https:\/\/www.europesays.com\/fr\/wp-json\/wp\/v2\/tags?post=588035"}],"curies":[{"name":"wp","href":"https:\/\/api.w.org\/{rel}","templated":true}]}}