{"id":588037,"date":"2025-12-09T07:26:45","date_gmt":"2025-12-09T07:26:45","guid":{"rendered":"https:\/\/www.europesays.com\/fr\/588037\/"},"modified":"2025-12-09T07:26:45","modified_gmt":"2025-12-09T07:26:45","slug":"miss-france-2026-lola-lachere-miss-nord","status":"publish","type":"post","link":"https:\/\/www.europesays.com\/fr\/588037\/","title":{"rendered":"Miss France 2026. Lola Lacher\u00e9, Miss Nord"},"content":{"rendered":"<p>                    Par<br \/>\n        <strong><br \/>\n            <a href=\"https:\/\/actu.fr\/auteur\/amandine-vachez\" title=\"Consulter tous les articles de Amandine Vachez\" target=\"_blank\" rel=\"noopener\">Amandine Vachez<\/a><br \/>\n                    <\/strong><\/p>\n<p>        Publi\u00e9 le<\/p>\n<p>            6 d\u00e9c. 2025 \u00e0 23h31        <\/p>\n<p>Elle \u00e9tait l\u2019une des favorites. D\u2019ailleurs, l<a href=\"https:\/\/actu.fr\/loisirs-culture\/election-de-miss-france-2026-nord-pas-de-calais-tahiti-qui-va-gagner-voici-les-pronostics-de-l-ia_63510056.html\" target=\"_blank\" rel=\"noopener\">\u2018IA donnait Miss Nord \u2013 Pas-de-Calais gagnante<\/a> du concours <b>Miss France 2026<\/b>, devant Miss Tahiti et Miss Guadeloupe, pour <a href=\"https:\/\/actu.fr\/societe\/miss-france-2025-angelique-angarni-filopon-miss-martinique-remporte-le-titre_62003409.html\" target=\"_blank\" rel=\"noopener\">succ\u00e9der \u00e0 Ang\u00e9lique Angarni-Filopon<\/a><a href=\"https:\/\/actu.fr\/societe\/miss-france-2025-angelique-angarni-filopon-miss-martinique-remporte-le-titre_62003409.html\" target=\"_blank\" rel=\"noopener\">. Mais le soir du <b>samedi 6 d\u00e9cembre 2025<\/b>, elle n\u2019a m\u00eame pas eu l\u2019occasion de parler au micro dans l\u2019\u00e9mission diffus\u00e9e en direct sur TF1. Le verdict est tomb\u00e9 peu apr\u00e8s 23 heures : <b>Lola Lacher\u00e9, notre Miss Nord \u2013 Pas-de-Calais<\/b>, vivant \u00e0 <a href=\"https:\/\/actu.fr\/lille\/\" target=\"_blank\" rel=\"noopener\">Lille<\/a> et originaire de la <a href=\"https:\/\/actu.fr\/pas-de-calais\/\" target=\"_blank\" rel=\"noopener\">Cote d\u2019Opale<\/a>, n\u2019a <b>pas pass\u00e9 la s\u00e9lection des 12 derni\u00e8res miss.<\/b> Ce qu\u2019il faut retenir de son passage dans l\u2019\u00e9mission.<\/p>\n<p>\u00ab\u00a0Tous derri\u00e8re toi\u00a0\u00bb<\/p>\n<p class=\" wall-content\">Avait-elle vraiment ses chances ? <a href=\"https:\/\/actu.fr\/hauts-de-france\/lille_59350\/donnee-gagnante-par-lia-miss-nord-pas-de-calais-a-t-elle-vraiment-une-chance-de-remporter-miss-france_63529544.html\" target=\"_blank\" rel=\"noopener\">On y croyait, \u00e0 Lille et sur le reste du territoire, \u00e0 quelques heures du concours<\/a>. D\u2019autant que le Nord \u2013 Pas-de-Calais et Miss France, c\u2019est une grande histoire d\u2019amour. Et que nos miss sont soutenues par un comit\u00e9 local tr\u00e8s dynamique.<\/p>\n<p class=\" wall-content\"><a href=\"https:\/\/www.instagram.com\/p\/DPT-hjnDAHZ\/embed\" title=\"Ouvrir le lien sur Instagram\" target=\"_blank\" rel=\"noopener\">Visualiser le contenu sur Instagram<\/a><\/p>\n<p class=\" wall-content\">\u00c0 quelques heures du concours, les soutiens \u00e0 Lola Lacher\u00e9 se sont multipli\u00e9s sur les r\u00e9seaux sociaux. On pouvait lire via des posts repartag\u00e9s en story Instagram par la Miss \u00ab\u00a0brille comme tu sais si bien le faire\u00a0\u00bb, \u00ab\u00a0tous derri\u00e8re toi\u00a0\u00bb ou encore un message plus personnel de <a href=\"https:\/\/actu.fr\/hauts-de-france\/lille_59350\/qui-est-sabah-aib-elue-miss-nord-pas-de-calais-2024_61765530.html\" target=\"_blank\" rel=\"noopener\">Sabah Aib, qui a laiss\u00e9 la couronne du Nord \u2013 Pas-de-Calais<\/a> \u00e0 celle qui l\u2019a succ\u00e9d\u00e9e. \u00ab\u00a0Remettre mon titre entre tes mains a \u00e9t\u00e9 un vrai bonheur. Quoi qu\u2019il arrive ce soir, sache que nous sommes tous tellement fiers de toi.\u00a0\u00bb<\/p>\n<p class=\" wall-content\"><a href=\"https:\/\/www.instagram.com\/p\/DR7hFDWDTLU\/embed\" title=\"Ouvrir le lien sur Instagram\" target=\"_blank\" rel=\"noopener\">Visualiser le contenu sur Instagram<\/a><\/p>\n<p>Tableau d\u2019ouverture, costume de marin, h\u00f4tesse de l\u2019air<br \/>\n    <img   decoding=\"async\" loading=\"lazy\" class=\"size-large\" src=\"https:\/\/www.europesays.com\/fr\/wp-content\/uploads\/2025\/12\/519511da7ad86759511da7ad859951v-1-960x640.jpg\" alt=\"lola lacher\u00e9 miss nord pas de calais election france\" width=\"960\" height=\"640\"\/><br \/>\n    Lola Lacher\u00e9, 20 ans, \u00e9tudiante \u00e0 Lille (Nord), avait \u00e0 coeur de repr\u00e9senter les valeurs de la r\u00e9gion au concours Miss France. \u00a9Hervine Mahaud\/Archives : Lille actu<\/p>\n<p class=\" wall-content\">Lola Lacher\u00e9, qui <a href=\"https:\/\/actu.fr\/hauts-de-france\/rang-du-fliers_62688\/lola-lachere-elue-miss-nord-pas-de-calais-representer-la-convivialite-de-notre-region-avec-fierte_63228755.html\" target=\"_blank\" rel=\"noopener\">nous avait parl\u00e9 de ses passions et ambitions<\/a> apr\u00e8s son \u00e9lection en tant que Miss Nord \u2013 Pas-de-Calais, avait \u00e0 coeur de \u00ab\u00a0repr\u00e9senter la convivialit\u00e9 de notre r\u00e9gion avec fiert\u00e9\u00a0\u00bb. L\u2019\u00e9tudiante, qui est pass\u00e9e dans les 10 premiers portraits, a donn\u00e9 son maximum, pour sa prestation sur la sc\u00e8ne du z\u00e9nith d\u2019Amiens. D\u2019abord dans un <b>tableau sur le th\u00e8me de l\u2019Asie<\/b>, o\u00f9 elle a re\u00e7u un bel accueil du public.\u00a0<\/p>\n<p class=\" wall-content\">On l\u2019a vue plus tard dans le <b>tableau d\u00e9di\u00e9 aux costumes r\u00e9gionaux<\/b>. Le sien, r\u00e9alis\u00e9 par Ludovic Hourdain, rendait cette ann\u00e9e hommage aux <b>marins de Boulogne-sur-Mer.<\/b><\/p>\n<p class=\" wall-content\"><a href=\"https:\/\/www.instagram.com\/p\/DR7-mFIjGYY\/embed\" title=\"Ouvrir le lien sur Instagram\" target=\"_blank\" rel=\"noopener\">Visualiser le contenu sur Instagram<\/a><\/p>\n<p class=\" wall-content\">Si certains ont rivalis\u00e9 d\u2019originalit\u00e9 sur X (tant\u00f4t compar\u00e9 \u00e0 Charlie de O\u00f9 est Charlie ?, tant\u00f4t aux Bratisla Boys ou encore \u00e0 Nicolas Sarkozy en r\u00e9f\u00e9rence \u00e0 son s\u00e9jour en prison\u2026), le costume a aussi plu \u00e0 un bon nombre d\u2019internautes. Et surtout, Lola Lacher\u00e9 a su le pr\u00e9senter avec aisance sur sc\u00e8ne.<\/p>\n<p>Votre r\u00e9gion, votre actu !<\/p>\n<p>Recevez chaque jour les infos qui comptent pour vous.<\/p>\n<p>\t<a href=\"https:\/\/actu.fr\/newsletter\" class=\"ac-btn ac-btn--corner ac-btn--medium ac-btn--blue800\" target=\"_blank\" rel=\"noopener\">S&rsquo;incrire<\/a><\/p>\n<p class=\" wall-content\">\n<p class=\" wall-content\">\n<p class=\" wall-content\">\n<p class=\" wall-content\"><b>H\u00f4tesse de l\u2019air<\/b> <a href=\"https:\/\/actu.fr\/societe\/en-images-qui-sont-les-30-candidates-a-l-election-de-miss-france-2026-voici-les-portraits-officiels_63419986.html\" target=\"_blank\" rel=\"noopener\">aux c\u00f4t\u00e9s des 29 autres candidates<\/a> et de la Miss France sortante, elle a ensuite \u00e9t\u00e9 dans l\u2019attente de savoir si elle passait la premi\u00e8re s\u00e9lection. Mais les sept anciennes Miss France qui ont annonc\u00e9 quelles candidates \u00e9taient retenues pour la suite n\u2019ont pas cit\u00e9 son nom. Notre miss ne sera pas couronn\u00e9e ce samedi soir.\u00a0<\/p>\n<p class=\" wall-content\">\n<p class=\" wall-content\">\n<p class=\" wall-content\">\n<p class=\" wall-content\">\u00ab\u00a0L\u2019arnaque du si\u00e8cle\u00a0\u00bb, \u00ab\u00a0choqu\u00e9\u00a0\u00bb, \u00ab\u00a0dinguerie\u00a0\u00bb\u2026 Les r\u00e9actions se multiplient sur les r\u00e9seaux sociaux, entre \u00e9tonnement et surprise, depuis la s\u00e9lection des finalistes. Il ne reste plus \u00e0 ses soutiens qui n\u2019ont pas \u00e9teint leur t\u00e9l\u00e9 qu\u2019\u00e0 choisir laquelle sera finalement leur favorite <a href=\"https:\/\/actu.fr\/loisirs-culture\/miss-france-2026-nouvelles-regles-jury-marrainage-tout-ce-qu-il-faut-savoir-avant-l-election-de-samedi_63521560.html\" target=\"_blank\" rel=\"noopener\">parmi les 12 derni\u00e8res<\/a>.<\/p>\n<p class=\" wall-content\">Personnalisez votre actualit\u00e9 en ajoutant vos villes et m\u00e9dias en favori avec <a href=\"https:\/\/moncompte.actu.fr\" title=\"D\u00e9couvez Mon Actu\" rel=\"nofollow noopener\" data-trk=\"{&quot;cta&quot;:{&quot;action&quot;:&quot;https:\\\/\\\/moncompte.actu.fr&quot;,&quot;category&quot;:&quot;mon compte&quot;,&quot;from&quot;:&quot;article footer&quot;,&quot;name&quot;:&quot;Mon actu&quot;,&quot;type&quot;:&quot;cta&quot;}}\" target=\"_blank\">Mon Actu<\/a>.<\/p>\n<p>                    <script async src=\"\/\/www.instagram.com\/embed.js\"><\/script><\/p>\n","protected":false},"excerpt":{"rendered":"Par Amandine Vachez Publi\u00e9 le 6 d\u00e9c. 2025 \u00e0 23h31 Elle \u00e9tait l\u2019une des favorites. D\u2019ailleurs, l\u2018IA donnait&hellip;\n","protected":false},"author":2,"featured_media":588038,"comment_status":"","ping_status":"","sticky":false,"template":"","format":"standard","meta":{"footnotes":""},"categories":[2815],"tags":[1111,11,1777,674,1011,27,811,1307,3034,12,25,104,252],"class_list":{"0":"post-588037","1":"post","2":"type-post","3":"status-publish","4":"format-standard","5":"has-post-thumbnail","7":"category-lille","8":"tag-actu","9":"tag-actualites","10":"tag-eu","11":"tag-europe","12":"tag-fr","13":"tag-france","14":"tag-hauts-de-france","15":"tag-lille","16":"tag-miss-france","17":"tag-news","18":"tag-republique-francaise","19":"tag-societe","20":"tag-television"},"share_on_mastodon":{"url":"https:\/\/pubeurope.com\/@fr\/115688426349681059","error":""},"_links":{"self":[{"href":"https:\/\/www.europesays.com\/fr\/wp-json\/wp\/v2\/posts\/588037","targetHints":{"allow":["GET"]}}],"collection":[{"href":"https:\/\/www.europesays.com\/fr\/wp-json\/wp\/v2\/posts"}],"about":[{"href":"https:\/\/www.europesays.com\/fr\/wp-json\/wp\/v2\/types\/post"}],"author":[{"embeddable":true,"href":"https:\/\/www.europesays.com\/fr\/wp-json\/wp\/v2\/users\/2"}],"replies":[{"embeddable":true,"href":"https:\/\/www.europesays.com\/fr\/wp-json\/wp\/v2\/comments?post=588037"}],"version-history":[{"count":0,"href":"https:\/\/www.europesays.com\/fr\/wp-json\/wp\/v2\/posts\/588037\/revisions"}],"wp:featuredmedia":[{"embeddable":true,"href":"https:\/\/www.europesays.com\/fr\/wp-json\/wp\/v2\/media\/588038"}],"wp:attachment":[{"href":"https:\/\/www.europesays.com\/fr\/wp-json\/wp\/v2\/media?parent=588037"}],"wp:term":[{"taxonomy":"category","embeddable":true,"href":"https:\/\/www.europesays.com\/fr\/wp-json\/wp\/v2\/categories?post=588037"},{"taxonomy":"post_tag","embeddable":true,"href":"https:\/\/www.europesays.com\/fr\/wp-json\/wp\/v2\/tags?post=588037"}],"curies":[{"name":"wp","href":"https:\/\/api.w.org\/{rel}","templated":true}]}}