{"id":588047,"date":"2025-12-09T07:34:14","date_gmt":"2025-12-09T07:34:14","guid":{"rendered":"https:\/\/www.europesays.com\/fr\/588047\/"},"modified":"2025-12-09T07:34:14","modified_gmt":"2025-12-09T07:34:14","slug":"plus-dun-lecteur-du-progres-sur-deux-decu-par-ledition","status":"publish","type":"post","link":"https:\/\/www.europesays.com\/fr\/588047\/","title":{"rendered":"plus d\u2019un lecteur du Progr\u00e8s sur deux d\u00e9\u00e7u par l&rsquo;\u00e9dition"},"content":{"rendered":"<p>La magie n\u2019a pas totalement op\u00e9r\u00e9 cette ann\u00e9e. Selon <a href=\"https:\/\/www.leprogres.fr\/culture-loisirs\/2025\/12\/08\/qu-avez-vous-pense-de-cette-fete-des-lumieres-2025\" target=\"_blank\" rel=\"noopener\">un vote<\/a>(1) organis\u00e9 par Le Progr\u00e8s, 56% des participants se disent d\u00e9\u00e7us par la F\u00eate des Lumi\u00e8res 2025. Seuls 22% affirment en avoir \u00ab\u202fpris plein les yeux\u202f\u00bb, quand une part \u00e9quivalente salue une belle \u00e9dition malgr\u00e9 \u00ab\u202fdes probl\u00e8mes de file d\u2019attente et d\u2019organisation\u202f\u00bb.<\/p>\n<p>Symbole fort de la tradition lyonnaise, la F\u00eate des Lumi\u00e8res reste pourtant un rendez-vous incontournable. Mais cette \u00e9dition 2025 semble avoir pein\u00e9 \u00e0 raviver la magie d\u2019antan.\u00a0Chaque ann\u00e9e, elle attire plusieurs millions de visiteurs venus admirer les cr\u00e9ations d\u2019artistes lumi\u00e8re, de la Presqu\u2019\u00eele au parc de la T\u00eate-d\u2019Or.<\/p>\n<p class=\"note\">(1) Donn\u00e9es de ce lundi 8 d\u00e9cembre \u00e0 23h15.<\/p>\n","protected":false},"excerpt":{"rendered":"La magie n\u2019a pas totalement op\u00e9r\u00e9 cette ann\u00e9e. Selon un vote(1) organis\u00e9 par Le Progr\u00e8s, 56% des participants&hellip;\n","protected":false},"author":2,"featured_media":588048,"comment_status":"","ping_status":"","sticky":false,"template":"","format":"standard","meta":{"footnotes":""},"categories":[1889],"tags":[1111,11,2430,1687,3152,2757,3153,3154,1777,674,48836,3326,107,1011,27,2428,12,25,2429,3151,5995],"class_list":{"0":"post-588047","1":"post","2":"type-post","3":"status-publish","4":"format-standard","5":"has-post-thumbnail","7":"category-lyon","8":"tag-actu","9":"tag-actualites","10":"tag-auvergne-rhone-alpes","11":"tag-culture-loisirs","12":"tag-edition-est-lyonnais","13":"tag-edition-lyon-villeurbanne","14":"tag-edition-ouest-lyonnais","15":"tag-edition-sud-lyonnais","16":"tag-eu","17":"tag-europe","18":"tag-fete-des-lumieres","19":"tag-fete-locale","20":"tag-fil-info","21":"tag-fr","22":"tag-france","23":"tag-lyon","24":"tag-news","25":"tag-republique-francaise","26":"tag-rhone","27":"tag-selection-de-la-redaction-69","28":"tag-vote"},"share_on_mastodon":{"url":"https:\/\/pubeurope.com\/@fr\/115688457072199509","error":""},"_links":{"self":[{"href":"https:\/\/www.europesays.com\/fr\/wp-json\/wp\/v2\/posts\/588047","targetHints":{"allow":["GET"]}}],"collection":[{"href":"https:\/\/www.europesays.com\/fr\/wp-json\/wp\/v2\/posts"}],"about":[{"href":"https:\/\/www.europesays.com\/fr\/wp-json\/wp\/v2\/types\/post"}],"author":[{"embeddable":true,"href":"https:\/\/www.europesays.com\/fr\/wp-json\/wp\/v2\/users\/2"}],"replies":[{"embeddable":true,"href":"https:\/\/www.europesays.com\/fr\/wp-json\/wp\/v2\/comments?post=588047"}],"version-history":[{"count":0,"href":"https:\/\/www.europesays.com\/fr\/wp-json\/wp\/v2\/posts\/588047\/revisions"}],"wp:featuredmedia":[{"embeddable":true,"href":"https:\/\/www.europesays.com\/fr\/wp-json\/wp\/v2\/media\/588048"}],"wp:attachment":[{"href":"https:\/\/www.europesays.com\/fr\/wp-json\/wp\/v2\/media?parent=588047"}],"wp:term":[{"taxonomy":"category","embeddable":true,"href":"https:\/\/www.europesays.com\/fr\/wp-json\/wp\/v2\/categories?post=588047"},{"taxonomy":"post_tag","embeddable":true,"href":"https:\/\/www.europesays.com\/fr\/wp-json\/wp\/v2\/tags?post=588047"}],"curies":[{"name":"wp","href":"https:\/\/api.w.org\/{rel}","templated":true}]}}