{"id":588049,"date":"2025-12-09T07:36:19","date_gmt":"2025-12-09T07:36:19","guid":{"rendered":"https:\/\/www.europesays.com\/fr\/588049\/"},"modified":"2025-12-09T07:36:19","modified_gmt":"2025-12-09T07:36:19","slug":"une-maison-france-services-ouvre-a-versailles","status":"publish","type":"post","link":"https:\/\/www.europesays.com\/fr\/588049\/","title":{"rendered":"Une Maison France Services ouvre \u00e0 Versailles"},"content":{"rendered":"<p><img loading=\"lazy\" decoding=\"async\" alt=\"\u00a9 Ville de Versailles - La Maison de quartier Bernard de Jussieu de Versailles accueille d\u00e9sormais une Maison France Services.\" data-zoom-src=\"https:\/\/www.europesays.com\/fr\/wp-content\/uploads\/2025\/12\/initial-csm-maison-quartier-bdj-versailles-ddf9814dee.jpg\" data-zoomable=\"\" height=\"702\" src=\"https:\/\/www.europesays.com\/fr\/wp-content\/uploads\/2025\/12\/initial-csm-maison-quartier-bdj-versailles-ddf9814dee.jpg\" width=\"1248\"\/>  <\/p>\n<p class=\"article-desc\">\u00a9 Ville de Versailles &#8211; La Maison de quartier Bernard de Jussieu de Versailles accueille d\u00e9sormais une Maison France Services. <\/p>\n<p>La <a href=\"https:\/\/mesinfos.fr\/95100-argenteuil\/argenteuil-une-journee-portes-ouvertes-france-services-224159.html\" rel=\"noopener\" target=\"_blank\">Maison France Services<\/a> de Versailles ouvre ce lundi au sein de la <strong>Maison de quartier Bernard de Jussieu,<\/strong> situ\u00e9e au\u00a06, rue Bernard de Jussieu.\u00a0 <\/p>\n<p>Maison France Services : d\u00e9marches administratives facilit\u00e9es et accompagnement personnalis\u00e9 <\/p>\n<p>Cette nouvelle structure permet aux habitants d\u2019acc\u00e9der au m\u00eame endroit aux principaux <strong>services publics <\/strong>et \u00e0 un <strong>accompagnement personnalis\u00e9<\/strong> simplifiant leurs <strong>d\u00e9marches administratives<\/strong>. <\/p>\n<p>Ce <strong>guichet unique <\/strong>a \u00e9galement vocation \u00e0 favoriser l\u2019<a href=\"https:\/\/mesinfos.fr\/93140-bondy\/bondy-uptek-un-programme-inedit-pour-l-inclusion-numerique-lance-222894.html\" rel=\"noopener\" target=\"_blank\">inclusion num\u00e9rique<\/a> et \u00e0 renforcer le <strong>lien social<\/strong> en offrant un <strong>acc\u00e8s direct et humain<\/strong> aux services publics. <\/p>\n<p> Des services complets et gratuits et l\u2019aide de conseillers form\u00e9s <\/p>\n<p>Cette structure propose un ensemble de <a href=\"https:\/\/mesinfos.fr\/ile-de-france\/france-services-bien-mais-peut-mieux-faire-pour-la-cour-des-comptes-205960.html\" rel=\"noopener\" target=\"_blank\">services complets et enti\u00e8rement gratuits<\/a>, repr\u00e9sentant une dizaine de <strong>partenaires nationaux<\/strong>, comme la CPAM, la CAF, la CNAV, la DDFIP mais aussi France Travail, La Poste et le minist\u00e8re de l\u2019Int\u00e9rieur. <\/p>\n<p>Trois <strong>postes informatiques<\/strong> en libre acc\u00e8s et un copieur-scanner sont mis \u00e0 disposition des usagers pour faciliter leurs d\u00e9marches num\u00e9riques. Quant \u00e0 leur accompagnement, il est assur\u00e9 par des <strong>conseillers form\u00e9s<\/strong>, pr\u00e9sents pour r\u00e9pondre \u00e0 leurs questions et les orienter.\u00a0 <\/p>\n<p><strong>Maison France Services<\/strong> <\/p>\n<p>Maison de quartier Bernard de Jussieu, 6, rue Bernard de Jussieu, 78000 Versailles <\/p>\n<p>En libre-acc\u00e8s : les lundi, mercredi et jeudi de 9h \u00e0 12h et de 14h \u00e0 17h ;\u00a0 <\/p>\n<p>Sur rendez-vous : le mardi de 14h \u00e0 18h et le vendredi de 9h \u00e0 13h.<\/p>\n","protected":false},"excerpt":{"rendered":"\u00a9 Ville de Versailles &#8211; La Maison de quartier Bernard de Jussieu de Versailles accueille d\u00e9sormais une Maison&hellip;\n","protected":false},"author":2,"featured_media":588050,"comment_status":"","ping_status":"","sticky":false,"template":"","format":"standard","meta":{"footnotes":""},"categories":[1592],"tags":[1111,11,1777,674,1011,27,662,12,626,25,1858],"class_list":{"0":"post-588049","1":"post","2":"type-post","3":"status-publish","4":"format-standard","5":"has-post-thumbnail","7":"category-ile-de-france","8":"tag-actu","9":"tag-actualites","10":"tag-eu","11":"tag-europe","12":"tag-fr","13":"tag-france","14":"tag-ile-de-france","15":"tag-news","16":"tag-paris","17":"tag-republique-francaise","18":"tag-services"},"share_on_mastodon":{"url":"https:\/\/pubeurope.com\/@fr\/115688465992911900","error":""},"_links":{"self":[{"href":"https:\/\/www.europesays.com\/fr\/wp-json\/wp\/v2\/posts\/588049","targetHints":{"allow":["GET"]}}],"collection":[{"href":"https:\/\/www.europesays.com\/fr\/wp-json\/wp\/v2\/posts"}],"about":[{"href":"https:\/\/www.europesays.com\/fr\/wp-json\/wp\/v2\/types\/post"}],"author":[{"embeddable":true,"href":"https:\/\/www.europesays.com\/fr\/wp-json\/wp\/v2\/users\/2"}],"replies":[{"embeddable":true,"href":"https:\/\/www.europesays.com\/fr\/wp-json\/wp\/v2\/comments?post=588049"}],"version-history":[{"count":0,"href":"https:\/\/www.europesays.com\/fr\/wp-json\/wp\/v2\/posts\/588049\/revisions"}],"wp:featuredmedia":[{"embeddable":true,"href":"https:\/\/www.europesays.com\/fr\/wp-json\/wp\/v2\/media\/588050"}],"wp:attachment":[{"href":"https:\/\/www.europesays.com\/fr\/wp-json\/wp\/v2\/media?parent=588049"}],"wp:term":[{"taxonomy":"category","embeddable":true,"href":"https:\/\/www.europesays.com\/fr\/wp-json\/wp\/v2\/categories?post=588049"},{"taxonomy":"post_tag","embeddable":true,"href":"https:\/\/www.europesays.com\/fr\/wp-json\/wp\/v2\/tags?post=588049"}],"curies":[{"name":"wp","href":"https:\/\/api.w.org\/{rel}","templated":true}]}}