{"id":588059,"date":"2025-12-09T07:41:12","date_gmt":"2025-12-09T07:41:12","guid":{"rendered":"https:\/\/www.europesays.com\/fr\/588059\/"},"modified":"2025-12-09T07:41:12","modified_gmt":"2025-12-09T07:41:12","slug":"des-enfants-ukrainiens-enleves-par-la-russie-envoyes-de-force-en-coree-du-nord","status":"publish","type":"post","link":"https:\/\/www.europesays.com\/fr\/588059\/","title":{"rendered":"Des enfants ukrainiens enlev\u00e9s par la Russie envoy\u00e9s de force en Cor\u00e9e du Nord"},"content":{"rendered":"<p>L&rsquo;enl\u00e8vement d&rsquo;enfants ukrainiens par la Russie est depuis de nombreux mois document\u00e9 et \u00e9tabli. Certains sont plac\u00e9s \u00e0 l&rsquo;adoption en Russie, mais ce n&rsquo;est apparemment pas le cas de tous les mineurs arrach\u00e9s \u00e0 leur pays. La Russie aurait envoy\u00e9 de force <a href=\"https:\/\/www.slate.fr\/monde\/enfants-ukrainiens-cibles-armee-russe-guerre-en-ukraine-crimes\" target=\"_blank\" rel=\"noopener\">deux enfants ukrainiens<\/a> en Cor\u00e9e du Nord dans un camp pour enfants \u00e0 Songdowon, au centre-est du pays. C&rsquo;est ce qu&rsquo;a <a href=\"https:\/\/kyivindependent.com\/several-russia-abducted-ukrainian-children-forcibly-transferred-to-north-korea-expert-tells-us-senate-committee\/\" target=\"_blank\" rel=\"noopener\">affirm\u00e9<\/a> Kateryna Rashevska, juriste au Centre r\u00e9gional ukrainien pour les droits de l&rsquo;homme, devant une sous-commission du Congr\u00e8s am\u00e9ricain mercredi 3 d\u00e9cembre 2025.<\/p>\n<p>L&rsquo;identit\u00e9 des deux enfants envoy\u00e9s en <a href=\"https:\/\/www.slate.fr\/dossier\/417\/coree-du-nord\" class=\"tag-link\" target=\"_blank\" rel=\"noopener\">Cor\u00e9e du Nord<\/a> a \u00e9t\u00e9 r\u00e9v\u00e9l\u00e9e: il s&rsquo;agit de Misha, 12 ans, originaire de la ville de Donetsk dans le Donbass, et de Liza, 16 ans, originaire de Simferopol, en Crim\u00e9e. Les deux villes sont actuellement occup\u00e9es par <a href=\"https:\/\/www.slate.fr\/monde\/chasse-homme-traque-deserteurs-armee-russe-guerre-ukraine-kremlin-front\" target=\"_blank\" rel=\"noopener\">les forces russes<\/a>. Les enfants auraient \u00e9t\u00e9 envoy\u00e9s dans un camp \u00e0 Songdowon, \u00e0 plus de 9.000 kilom\u00e8tres de chez eux. Ce t\u00e9moignage a men\u00e9 \u00e0 l&rsquo;ouverture d&rsquo;une audition \u00e0 la Commission s\u00e9natoriale des cr\u00e9dits budg\u00e9taires, consacr\u00e9e \u00e0 enqu\u00eater sur le programme d&rsquo;enl\u00e8vements massifs d&rsquo;enfants ukrainiens men\u00e9s par la Russie, <a href=\"https:\/\/www.forbes.com\/sites\/davidkirichenko\/2025\/12\/04\/russia-sent-abducted-ukrainian-children-to-north-korea\/\" target=\"_blank\" rel=\"noopener\">rapporte Forbes<\/a>.<\/p>\n<p>        <img decoding=\"async\" alt=\"Abonnez-vous gratuitement \u00e0 la newsletter de Slate !\" loading=\"lazy\" class=\"ms-4 ms-md-0\" width=\"82\" height=\"82\" src=\"https:\/\/www.slate.fr\/assets\/newsletter-dd7c4ea7fb4ce45aacc56875521d4bde7ec4ba23f0a0ae088566df808b3a80c3.svg\"\/><br \/>\n        Abonnez-vous gratuitement \u00e0 la newsletter de Slate !Les articles sont s\u00e9lectionn\u00e9s pour vous, en fonction de vos centres d\u2019int\u00e9r\u00eat, tous les jours dans votre bo\u00eete mail.<\/p>\n<p>19.546 enfants ukrainiens enlev\u00e9s depuis 2022<\/p>\n<p>Depuis le d\u00e9but de l&rsquo;<a href=\"https:\/\/www.slate.fr\/monde\/la-russie-frapperait-ses-propres-infrastructures-prise-dans-le-chaos-de-sa-defense-aerienne\" target=\"_blank\" rel=\"noopener\">invasion russe en Ukraine<\/a> en f\u00e9vrier 2022, la Russie <a href=\"https:\/\/www.slate.fr\/monde\/enlevements-massifs-enfants-ukrainiens-russie-crime-guerre\" target=\"_blank\" rel=\"noopener\">enl\u00e8ve<\/a> des enfants ukrainiens dans les territoires occup\u00e9s et les place dans des centres destin\u00e9s \u00e0 effacer leur identit\u00e9 ukrainienne. Certains <a href=\"https:\/\/www.slate.fr\/monde\/russie-enfants-ukrainiens-orphelins-adoption-guerre\" target=\"_blank\" rel=\"noopener\">sont adopt\u00e9s<\/a> par des familles russes, d&rsquo;autres sont d\u00e9tenus dans des camps de militarisation et de r\u00e9\u00e9ducation. La base de donn\u00e9es nationale ukrainienne sur les enfants de guerre recense au moins 19.546 enfants enlev\u00e9s, mais des experts ind\u00e9pendants estiment que le nombre r\u00e9el pourrait \u00eatre bien plus \u00e9lev\u00e9.<\/p>\n<p>L&rsquo;ampleur du syst\u00e8me d&rsquo;enl\u00e8vement <a href=\"https:\/\/ysph.yale.edu\/news-article\/ukraines-stolen-children-inside-russias-network-of-re-education-and-militarization\/\" target=\"_blank\" rel=\"noopener\">a \u00e9t\u00e9 cartographi\u00e9e<\/a> avec pr\u00e9cision par le Laboratoire de recherche humanitaire de Yale, aux \u00c9tats-Unis. Au moins 210 centres accueillant des enfants ukrainiens ont \u00e9t\u00e9 identifi\u00e9s en <a href=\"https:\/\/www.slate.fr\/monde\/blogueurs-pro-guerre-russie-ennemi-kremlin-terroriste-censure-ukraine-morts-pertes\" target=\"_blank\" rel=\"noopener\">Russie<\/a> ou en territoire ukrainien occup\u00e9. L&rsquo;enl\u00e8vement et la russification d&rsquo;enfants ukrainiens <a href=\"https:\/\/www.amnesty.fr\/conflits-armes-et-populations\/actualites\/guerre-en-ukraine-transferts-forces-et-deportations-de-civils-ukrainiens-vers-la-russie\" target=\"_blank\" rel=\"noopener\">sont consid\u00e9r\u00e9s<\/a> comme un crime de guerre par le droit international.<\/p>\n<p>Le s\u00e9nateur r\u00e9publicain de l&rsquo;Iowa Chuck Grassley <a href=\"https:\/\/www.grassley.senate.gov\/news\/news-releases\/grassley-klobuchar-lead-bipartisan-resolution-calling-for-return-of-kidnapped-ukrainian-children-prior-to-any-final-peace-agreement\" target=\"_blank\" rel=\"noopener\">estime<\/a> qu&rsquo;un accord de paix <a href=\"https:\/\/www.slate.fr\/dossier\/72629\/guerre-en-ukraine\" class=\"tag-link\" target=\"_blank\" rel=\"noopener\">Ukraine-Russie<\/a> ne peut pas \u00eatre envisag\u00e9 tant que la Russie ne restitue pas tous les enfants ukrainiens qu&rsquo;elle a kidnapp\u00e9s.<\/p>\n<p>Avis partag\u00e9 par Kristina Hook, qui enseigne un cours de r\u00e9solution des conflits et de pr\u00e9vention des atrocit\u00e9s dans une universit\u00e9 en G\u00e9orgie, aux \u00c9tats-Unis. Elle a produit <a href=\"https:\/\/www.atlanticcouncil.org\/blogs\/ukrainealert\/returning-ukraines-abducted-children-should-be-central-to-any-peace-plan\/\" target=\"_blank\" rel=\"noopener\">un rapport<\/a> pour le groupe de r\u00e9flexion Atlantic Council, sp\u00e9cialis\u00e9 dans les relations internationales, dans lequel elle indique: \u00abCes enl\u00e8vements ne constituent pas un probl\u00e8me humanitaire secondaire, mais un enjeu strat\u00e9gique majeur qui doit \u00eatre pris en compte dans tout \u00e9ventuel accord de paix.\u00bb<\/p>\n<p>\u00abLa finalit\u00e9 id\u00e9ologique de ce programme est de modifier l&rsquo;avenir d\u00e9mographique de l&rsquo;Ukraine et d&rsquo;effacer son identit\u00e9 nationale, bien au-del\u00e0 du champ de bataille\u00bb, poursuit Kristina Hook. \u00abL&rsquo;objectif est un g\u00e9nocide du peuple ukrainien par le biais des enfants ukrainiens\u00bb, <a href=\"https:\/\/www.aljazeera.com\/news\/2025\/6\/10\/russia-ukraine-children-war\" target=\"_blank\" rel=\"noopener\">d\u00e9clare<\/a> quant \u00e0 elle Daria Herasymchuk, conseill\u00e8re du pr\u00e9sident ukrainien charg\u00e9e des droits des <a href=\"https:\/\/www.slate.fr\/dossier\/4877\/enfants\" class=\"tag-link\" target=\"_blank\" rel=\"noopener\">enfants<\/a> ukrainiens. Elle ajoute: \u00abTout le monde comprend que si l&rsquo;on enl\u00e8ve les enfants \u00e0 une nation, la nation n&rsquo;existe plus\u00bb. Pour l&rsquo;instant, seuls 1.859 enfants ukrainiens ont \u00e9t\u00e9 rendus \u00e0 leurs familles.<\/p>\n","protected":false},"excerpt":{"rendered":"L&rsquo;enl\u00e8vement d&rsquo;enfants ukrainiens par la Russie est depuis de nombreux mois document\u00e9 et \u00e9tabli. Certains sont plac\u00e9s \u00e0&hellip;\n","protected":false},"author":2,"featured_media":588060,"comment_status":"","ping_status":"","sticky":false,"template":"","format":"standard","meta":{"footnotes":""},"categories":[1591],"tags":[11,1887,12,1885,1886,132],"class_list":{"0":"post-588059","1":"post","2":"type-post","3":"status-publish","4":"format-standard","5":"has-post-thumbnail","7":"category-russie","8":"tag-actualites","9":"tag-federation-de-russie","10":"tag-news","11":"tag-russia","12":"tag-russian-federation","13":"tag-russie"},"share_on_mastodon":{"url":"https:\/\/pubeurope.com\/@fr\/115688485246962812","error":""},"_links":{"self":[{"href":"https:\/\/www.europesays.com\/fr\/wp-json\/wp\/v2\/posts\/588059","targetHints":{"allow":["GET"]}}],"collection":[{"href":"https:\/\/www.europesays.com\/fr\/wp-json\/wp\/v2\/posts"}],"about":[{"href":"https:\/\/www.europesays.com\/fr\/wp-json\/wp\/v2\/types\/post"}],"author":[{"embeddable":true,"href":"https:\/\/www.europesays.com\/fr\/wp-json\/wp\/v2\/users\/2"}],"replies":[{"embeddable":true,"href":"https:\/\/www.europesays.com\/fr\/wp-json\/wp\/v2\/comments?post=588059"}],"version-history":[{"count":0,"href":"https:\/\/www.europesays.com\/fr\/wp-json\/wp\/v2\/posts\/588059\/revisions"}],"wp:featuredmedia":[{"embeddable":true,"href":"https:\/\/www.europesays.com\/fr\/wp-json\/wp\/v2\/media\/588060"}],"wp:attachment":[{"href":"https:\/\/www.europesays.com\/fr\/wp-json\/wp\/v2\/media?parent=588059"}],"wp:term":[{"taxonomy":"category","embeddable":true,"href":"https:\/\/www.europesays.com\/fr\/wp-json\/wp\/v2\/categories?post=588059"},{"taxonomy":"post_tag","embeddable":true,"href":"https:\/\/www.europesays.com\/fr\/wp-json\/wp\/v2\/tags?post=588059"}],"curies":[{"name":"wp","href":"https:\/\/api.w.org\/{rel}","templated":true}]}}