{"id":588074,"date":"2025-12-09T07:50:20","date_gmt":"2025-12-09T07:50:20","guid":{"rendered":"https:\/\/www.europesays.com\/fr\/588074\/"},"modified":"2025-12-09T07:50:20","modified_gmt":"2025-12-09T07:50:20","slug":"sur-le-budget-de-la-secu-ces-chiffres-qui-illustrent-limmense-difficulte-de-sebastien-lecornu","status":"publish","type":"post","link":"https:\/\/www.europesays.com\/fr\/588074\/","title":{"rendered":"Sur le budget de la S\u00e9cu, ces chiffres qui illustrent l\u2019immense difficult\u00e9 de S\u00e9bastien Lecornu"},"content":{"rendered":"<p>        <img decoding=\"async\" loading=\"lazy\" src=\"https:\/\/www.europesays.com\/fr\/wp-content\/uploads\/2025\/12\/1a694e4_upload-1-kwluavs6dykd-afp-20251205-878e9r7-v1-midres-francepoliticsparliamentbudget.jpg\"  width=\"728\" height=\"410\" alt=\"S\u00e9bastien Lecornu photographi\u00e9 \u00e0 l\u2019Assembl\u00e9e nationale le 5\u00a0d\u00e9cembre (Photo by Ian LANGSDON \/ AFP)\"\/>  <\/p>\n<p>IAN LANGSDON \/ AFP<\/p>\n<p>S\u00e9bastien Lecornu photographi\u00e9 \u00e0 l\u2019Assembl\u00e9e nationale le 5\u00a0d\u00e9cembre (Photo by Ian LANGSDON \/ AFP)<\/p>\n<p>      <strong>EN BREF<\/strong> <strong>\u2022 <\/strong>L\u2019Assembl\u00e9e nationale vote ce mardi l\u2019int\u00e9gralit\u00e9 du PLFSS, le budget de la S\u00e9curit\u00e9 sociale.<br \/><strong>\u2022 <\/strong>S\u00e9bastien Lecornu se d\u00e9m\u00e8ne pour obtenir l\u2019adh\u00e9sion d\u2019une majorit\u00e9 car il joue une partie de son avenir.<br \/><strong>\u2022 <\/strong>Le scrutin se jouera \u00e0 quelques voix et le gouvernement compte sur quelques d\u00e9fections dans le camp des opposants.                         <\/p>\n<p class=\"asset asset-text\">L\u2019heure des comptes. De ceux qui comptent. Ce mardi 9\u00a0novembre en fin d\u2019apr\u00e8s-midi ou en d\u00e9but de soir\u00e9e, S\u00e9bastien Lecornu saura si son projet de loi de financement de la S\u00e9curit\u00e9 sociale (PLFSS) r\u00e9ussit, ou non, \u00e0 r\u00e9unir une majorit\u00e9 de d\u00e9put\u00e9s, apr\u00e8s avoir fait l\u2019objet de nombreuses modifications durant l\u2019examen. En cas d\u2019\u00e9chec, l\u2019avenir risque de s\u2019assombrir pour le Premier ministre, alors que bruisse d\u00e9j\u00e0 <a href=\"https:\/\/www.huffingtonpost.fr\/politique\/article\/ce-que-changerait-ou-non-la-demission-de-lecornu-en-cas-de-rejet-du-budget-de-la-secu_257959.html\" target=\"_blank\" rel=\"noopener\">la rumeur d\u2019une d\u00e9mission<\/a>, puisque la mission confi\u00e9e par Emmanuel Macron (doter la France d\u2019un budget) s\u2019en trouverait consid\u00e9rablement compromise.<\/p>\n<p class=\"asset asset-text\">\u00c0 l\u2019inverse, un vote positif sur un texte aussi explosif, et apr\u00e8s un examen \u00e9lectrique, constituerait une incontestable r\u00e9ussite pour le Normand, qui triompherait l\u00e0 o\u00f9 Michel Barnier et Fran\u00e7ois Bayrou ont tr\u00e9buch\u00e9 avant lui. M\u00eame si le vote du PLFSS ne constituerait qu\u2019une \u00e9tape en vue de l\u2019adoption (encore plus incertaine) du Projet de loi de finances, S\u00e9bastien Lecornu aura fait preuve d\u2019une rare capacit\u00e9 \u00e0 d\u00e9miner les difficult\u00e9s dans une Assembl\u00e9e fractur\u00e9e en trois blocs quasi \u00e9tanches. Et, qui plus est, sans recours au 49-3.<\/p>\n<p class=\"asset asset-text\">Certes, cette victoire aura \u00e9t\u00e9 remport\u00e9e au prix de concessions douloureuses pour son camp et les partis qui composent le \u00ab\u00a0socle commun\u00a0\u00bb, allant des R\u00e9publicains \u00e0 Renaissance, en passant par Horizons et le MoDem. Parmi les couleuvres \u00e0 avaler, la suspension de la r\u00e9forme des retraites ou encore <a href=\"https:\/\/www.huffingtonpost.fr\/politique\/video\/a-l-assemblee-nationale-le-budget-de-la-securite-sociale-a-vecu-ses-heures-les-plus-electriques_257893.html\" target=\"_blank\" rel=\"noopener\">une hausse de la CSG sur les revenus du patrimoine<\/a>. Deux v\u00e9ritables \u00ab\u00a0irritants\u00a0\u00bb qui laissent planer le doute sur la capacit\u00e9 des groupes de droite, Horizons et LR, \u00e0 soutenir ce budget de la S\u00e9cu et donc, \u00e0 maintenir le peu de stabilit\u00e9 \u00e0 l\u2019\u0153uvre depuis la nomination de l\u2019Eurois \u00e0 Matignon.<\/p>\n<p class=\"asset asset-text\">Car d\u2019un point de vue arithm\u00e9tique, le succ\u00e8s, ou l\u2019\u00e9chec, de S\u00e9bastien Lecornu ne tient qu\u2019\u00e0 un fil, comme le montrent les graphiques ci-dessous <strong>(faites d\u00e9filez les diff\u00e9rents sc\u00e9narios en appuyant sur les fl\u00e8ches).<\/strong><\/p>\n<p> La lecture de ce contenu est susceptible d\u2019entra\u00eener un d\u00e9p\u00f4t de cookies de la part de l\u2019op\u00e9rateur tiers qui l\u2019h\u00e9berge. Compte-tenu des choix que vous avez exprim\u00e9s en mati\u00e8re de d\u00e9p\u00f4t de cookies, nous avons bloqu\u00e9 l\u2019affichage de ce contenu. Si vous souhaitez y acc\u00e9der, vous devez accepter la cat\u00e9gorie de cookies \u201cContenus tiers\u201d en cliquant sur le bouton ci-dessous. <\/p>\n<p> Lire la Vid\u00e9o        <\/p>\n<p class=\"asset asset-text\">Sur le papier, il faudrait une addition des votes positifs venant du \u00ab\u00a0socle commun\u00a0\u00bb et du Parti socialiste renforc\u00e9 par l\u2019abstention du groupe \u00e9cologiste pour s\u00e9curiser le passage du PLFSS. Un sc\u00e9nario <a href=\"https:\/\/www.huffingtonpost.fr\/politique\/article\/malgre-cette-victoire-sur-la-secu-la-partie-est-encore-loin-d-etre-gagnee-pour-sebastien-lecornu_257896.html\" target=\"_blank\" rel=\"noopener\">assez irr\u00e9aliste<\/a>, puisque plusieurs \u00e9lus \u00e9cologistes ont d\u00e9j\u00e0 annonc\u00e9 leur volont\u00e9 de s\u2019opposer au budget de la S\u00e9cu, tandis que les troupes LR et Horizons oscillent entre abstention et rejet.<\/p>\n<p class=\"asset asset-text\">Quant aux neuf d\u00e9put\u00e9s si\u00e9geant parmi les non-inscrits, l\u2019incertitude demeure, m\u00eame si, au regard de leurs prises de position respectives, on peut anticiper un rapport de force opposant chez eux cinq rejets face \u00e0 quatre votes positifs. De quoi enterrer tout espoir pour S\u00e9bastien Lecornu\u00a0? \u00c0 voir. Car le gouvernement mise sur des d\u00e9fections chez les \u00e9lus peu enclins \u00e0 revivre une instabilit\u00e9 pouvant d\u00e9boucher sur une dissolution possiblement fatale \u00e0 leurs mandats de d\u00e9put\u00e9s. Ainsi, le Premier ministre esp\u00e8re arracher quelques votes positifs chez Horizons et LR comme chez les \u00c9cologistes.<\/p>\n<p class=\"asset asset-text\">Ou, au moins, s\u2019assurer des abstentions sabotant le camp des \u00ab\u00a0contre\u00a0\u00bb, au nom de la \u00ab\u00a0responsabilit\u00e9\u00a0\u00bb qui incombe aux parlementaires d\u2019assurer le fonctionnement de la S\u00e9curit\u00e9 sociale. Un d\u00e9fi de taille alors que les partis oppos\u00e9s au texte, RN et LFI en t\u00eate, <a href=\"https:\/\/www.huffingtonpost.fr\/politique\/article\/le-rn-s-explique-sur-l-absence-qui-a-profite-au-gouvernement-sur-le-budget-de-la-secu-et-promet-de-ne-pas-recidiver_257955.html\" target=\"_blank\" rel=\"noopener\">entendent bien se mobiliser<\/a> et peser de tout leur poids pour bloquer le PLFSS. D\u2019autant qu\u2019avec le syst\u00e8me de d\u00e9l\u00e9gations de vote, m\u00eame les absents pourront voter. Seront-ils assez pour faire tr\u00e9bucher le budget de la S\u00e9cu et donc, le Premier ministre\u00a0? R\u00e9ponse entre 17\u00a0et 20\u00a0heures.<\/p>\n","protected":false},"excerpt":{"rendered":"IAN LANGSDON \/ AFP S\u00e9bastien Lecornu photographi\u00e9 \u00e0 l\u2019Assembl\u00e9e nationale le 5\u00a0d\u00e9cembre (Photo by Ian LANGSDON \/ AFP)&hellip;\n","protected":false},"author":2,"featured_media":588075,"comment_status":"","ping_status":"","sticky":false,"template":"","format":"standard","meta":{"footnotes":""},"categories":[2],"tags":[11,416,1011,27,12,316,25,11067,731],"class_list":{"0":"post-588074","1":"post","2":"type-post","3":"status-publish","4":"format-standard","5":"has-post-thumbnail","7":"category-actualites","8":"tag-actualites","9":"tag-assemblee-nationale","10":"tag-fr","11":"tag-france","12":"tag-news","13":"tag-politique","14":"tag-republique-francaise","15":"tag-sebastien-lecornu","16":"tag-securite-sociale"},"share_on_mastodon":{"url":"https:\/\/pubeurope.com\/@fr\/115688520855831597","error":""},"_links":{"self":[{"href":"https:\/\/www.europesays.com\/fr\/wp-json\/wp\/v2\/posts\/588074","targetHints":{"allow":["GET"]}}],"collection":[{"href":"https:\/\/www.europesays.com\/fr\/wp-json\/wp\/v2\/posts"}],"about":[{"href":"https:\/\/www.europesays.com\/fr\/wp-json\/wp\/v2\/types\/post"}],"author":[{"embeddable":true,"href":"https:\/\/www.europesays.com\/fr\/wp-json\/wp\/v2\/users\/2"}],"replies":[{"embeddable":true,"href":"https:\/\/www.europesays.com\/fr\/wp-json\/wp\/v2\/comments?post=588074"}],"version-history":[{"count":0,"href":"https:\/\/www.europesays.com\/fr\/wp-json\/wp\/v2\/posts\/588074\/revisions"}],"wp:featuredmedia":[{"embeddable":true,"href":"https:\/\/www.europesays.com\/fr\/wp-json\/wp\/v2\/media\/588075"}],"wp:attachment":[{"href":"https:\/\/www.europesays.com\/fr\/wp-json\/wp\/v2\/media?parent=588074"}],"wp:term":[{"taxonomy":"category","embeddable":true,"href":"https:\/\/www.europesays.com\/fr\/wp-json\/wp\/v2\/categories?post=588074"},{"taxonomy":"post_tag","embeddable":true,"href":"https:\/\/www.europesays.com\/fr\/wp-json\/wp\/v2\/tags?post=588074"}],"curies":[{"name":"wp","href":"https:\/\/api.w.org\/{rel}","templated":true}]}}