{"id":588078,"date":"2025-12-09T07:52:14","date_gmt":"2025-12-09T07:52:14","guid":{"rendered":"https:\/\/www.europesays.com\/fr\/588078\/"},"modified":"2025-12-09T07:52:14","modified_gmt":"2025-12-09T07:52:14","slug":"genesis-scottish-open-un-parcours-entierement-repense-pour-2026","status":"publish","type":"post","link":"https:\/\/www.europesays.com\/fr\/588078\/","title":{"rendered":"Genesis Scottish Open : un parcours enti\u00e8rement repens\u00e9 pour 2026"},"content":{"rendered":"<p>\t\t\t\t\t\t<img width=\"770\" height=\"556\" src=\"https:\/\/www.europesays.com\/fr\/wp-content\/uploads\/2025\/12\/afp__20250713__2224923814__v4__highres__genesisscottishopen2025dayfour-770x556.jpg\" class=\"img-responsive wp-post-image\" alt=\"\" decoding=\"async\" fetchpriority=\"high\"  \/>\t\t\t\t\t<\/p>\n<p>\t\t\t\t\t\t Partager cet article <\/p>\n<p class=\"screen-reader-text juiz_sps_maybe_hidden_text\">Partager la publication \u00ab\u00a0Genesis Scottish Open : un parcours enti\u00e8rement repens\u00e9 pour 2026\u00a0\u00bb<\/p>\n<p><strong>Le Renaissance Club s\u2019appr\u00eate \u00e0 subir un profond remaniement pour offrir un finish plus spectaculaire d\u00e8s l\u2019\u00e9dition 2026 du Genesis Scottish Open, co-sanctionn\u00e9 par le DP World Tour et le PGA Tour.<\/strong><\/p>\n<p>Les organisateurs du tournoi ont confirm\u00e9 une \u00e9volution majeure du parcours du <strong>Renaissance Club,<\/strong> \u00e0 East Lothian, en vue de l\u2019\u00e9dition 2026. L\u2019objectif est clair : proposer un crescendo d\u2019intensit\u00e9 pour les joueurs comme pour les spectateurs, sur site et \u00e0 la t\u00e9l\u00e9vision.<\/p>\n<p>Au c\u0153ur de ce remaniement, le c\u00e9l\u00e8bre par 3 du 6, jusqu\u2019ici surnomm\u00e9 \u00ab Stadium Hole \u00bb, enti\u00e8rement entour\u00e9 de gradins l\u2019an dernier, devient le nouveau trou 15, rebaptis\u00e9 \u00ab The Thistle \u00bb (le chardon en Fran\u00e7ais). Cette d\u00e9cision s\u2019inscrit dans une volont\u00e9 de repositionner un moment cl\u00e9 du tournoi dans la partie finale du parcours. Le trou offrira une capacit\u00e9 accrue avec plus de 3\u202f000 si\u00e8ges, 600 places haut de gamme et de nouveaux espaces d\u2019hospitalit\u00e9.<\/p>\n<p>Une inversion des trous<\/p>\n<p>Pour permettre ce d\u00e9placement strat\u00e9gique, le <strong>Renaissance Club<\/strong> va proc\u00e9der \u00e0 une inversion de ses deux neuf trous \u202f: les sept premiers trous de chaque boucle \u00e9changeront leur place, tandis que les deux derniers resteront inchang\u00e9s. Ce choix cr\u00e9e un finish enti\u00e8rement revisit\u00e9\u202f: par 4 drivable en 14 (vid\u00e9o ci-dessous), par 3 court en 15, par 4 exigeant en 16. Un encha\u00eenement con\u00e7u pour g\u00e9n\u00e9rer du suspense jusqu\u2019au bout, tout en permettant \u00e0 davantage de fans de se rassembler autour des zones les plus spectaculaires.<\/p>\n<blockquote data-service=\"instagram\" data-category=\"marketing\" data-placeholder-image=\"https:\/\/www.golfplanete.com\/wp-content\/plugins\/complianz-gdpr-premium\/assets\/images\/placeholders\/instagram-minimal.jpg\" class=\"cmplz-placeholder-element instagram-media\" style=\"background: #FFF; border: 0; border-radius: 3px; box-shadow: 0 0 1px 0 rgba(0,0,0,0.5),0 1px 10px 0 rgba(0,0,0,0.15); margin: 1px; max-width: 540px; min-width: 326px; padding: 0; width: calc(100% - 2px);\" data-instgrm-permalink=\"https:\/\/www.instagram.com\/reel\/DQWmZWhCCnZ\/?utm_source=ig_embed&amp;utm_campaign=loading\" data-instgrm-version=\"14\"><p>&#13;<br \/>\n&#13;\n<\/p><\/blockquote>\n<p><strong>Rory Colville<\/strong>, directeur du tournoi, d\u00e9taille cette vision\u202f: \u00ab\u202fNous sommes vraiment enthousiastes \u00e0 propos des changements que nous op\u00e9rons pour 2026, car ils offriront encore plus de dramaturgie aux fans sur place et aux t\u00e9l\u00e9spectateurs. Inverser l\u2019aller et le retour nous donne un finish plus excitant.\u202f\u00bb Il rappelle \u00e9galement que le futur \u00ab\u202fThistle\u202f\u00bb est devenu ces derni\u00e8res ann\u00e9es \u00ab<strong>\u202fle spot incontournable pour les spectateurs<\/strong>\u202f\u00bb gr\u00e2ce \u00e0 son ambiance d\u2019ar\u00e8ne.<\/p>\n<p>La proximit\u00e9 du nouveau 15 avec l\u2019entr\u00e9e et la fan zone doit enfin am\u00e9liorer le flux et l\u2019exp\u00e9rience globale du public, pour un tournoi dot\u00e9 de 9\u202fmillions de dollars et devenu l\u2019un des rendez-vous majeurs de la saison estivale.<\/p>\n<p>\u00a0<\/p>\n<p>\u00a0<\/p>\n<p>\u00a0<\/p>\n<p>\u00a9Christian Petersen \/ GETTY IMAGES EUROPE \/ Getty Images via AFP<\/p>\n<p>\t\t\t<script async src=\"\/\/www.instagram.com\/embed.js\"><\/script><\/p>\n","protected":false},"excerpt":{"rendered":"Partager cet article Partager la publication \u00ab\u00a0Genesis Scottish Open : un parcours enti\u00e8rement repens\u00e9 pour 2026\u00a0\u00bb Le Renaissance&hellip;\n","protected":false},"author":2,"featured_media":588079,"comment_status":"","ping_status":"","sticky":false,"template":"","format":"standard","meta":{"footnotes":""},"categories":[1418],"tags":[1011,27,1472,60],"class_list":{"0":"post-588078","1":"post","2":"type-post","3":"status-publish","4":"format-standard","5":"has-post-thumbnail","7":"category-golf","8":"tag-fr","9":"tag-france","10":"tag-golf","11":"tag-sports"},"share_on_mastodon":{"url":"https:\/\/pubeurope.com\/@fr\/115688528570653851","error":""},"_links":{"self":[{"href":"https:\/\/www.europesays.com\/fr\/wp-json\/wp\/v2\/posts\/588078","targetHints":{"allow":["GET"]}}],"collection":[{"href":"https:\/\/www.europesays.com\/fr\/wp-json\/wp\/v2\/posts"}],"about":[{"href":"https:\/\/www.europesays.com\/fr\/wp-json\/wp\/v2\/types\/post"}],"author":[{"embeddable":true,"href":"https:\/\/www.europesays.com\/fr\/wp-json\/wp\/v2\/users\/2"}],"replies":[{"embeddable":true,"href":"https:\/\/www.europesays.com\/fr\/wp-json\/wp\/v2\/comments?post=588078"}],"version-history":[{"count":0,"href":"https:\/\/www.europesays.com\/fr\/wp-json\/wp\/v2\/posts\/588078\/revisions"}],"wp:featuredmedia":[{"embeddable":true,"href":"https:\/\/www.europesays.com\/fr\/wp-json\/wp\/v2\/media\/588079"}],"wp:attachment":[{"href":"https:\/\/www.europesays.com\/fr\/wp-json\/wp\/v2\/media?parent=588078"}],"wp:term":[{"taxonomy":"category","embeddable":true,"href":"https:\/\/www.europesays.com\/fr\/wp-json\/wp\/v2\/categories?post=588078"},{"taxonomy":"post_tag","embeddable":true,"href":"https:\/\/www.europesays.com\/fr\/wp-json\/wp\/v2\/tags?post=588078"}],"curies":[{"name":"wp","href":"https:\/\/api.w.org\/{rel}","templated":true}]}}