{"id":588080,"date":"2025-12-09T07:54:18","date_gmt":"2025-12-09T07:54:18","guid":{"rendered":"https:\/\/www.europesays.com\/fr\/588080\/"},"modified":"2025-12-09T07:54:18","modified_gmt":"2025-12-09T07:54:18","slug":"elite-1-feminine-une-star-du-rugby-feminin-anglais-rejoint-le-staff-des-deesses-catalanes-rugby-a-xiii","status":"publish","type":"post","link":"https:\/\/www.europesays.com\/fr\/588080\/","title":{"rendered":"Elite 1 F\u00e9minine &#8211; Une star du rugby f\u00e9minin anglais rejoint le staff des D\u00e9esses Catalanes &#8211; Rugby \u00e0 XIII"},"content":{"rendered":"<p style=\"text-align: justify;\"><strong>Les D\u00e9esses Catalanes frappent encore un grand coup en recrutant Lindsay Anfield, ancienne s\u00e9lectionneuse de l\u2019Angleterre, pour renforcer le staff.<\/strong><\/p>\n<p style=\"text-align: justify;\">Les D\u00e9esses Catalanes ont frapp\u00e9 un tr\u00e8s grand coup en officialisant l\u2019arriv\u00e9e de Lindsay Anfield, l\u2019une des figures majeures du rugby \u00e0 XIII f\u00e9minin anglais. Ce recrutement marque une nouvelle \u00e9tape dans la structuration et l\u2019ambition grandissante de l\u2019\u00e9quipe f\u00e9minine des Dragons Catalans. \u00c0 l\u2019international, le nom de Lindsay Anfield est synonyme de r\u00e9ussite. Ancienne s\u00e9lectionneuse de l\u2019\u00e9quipe d\u2019Angleterre f\u00e9minine, elle a \u00e9galement b\u00e2ti l\u2019un des projets les plus solides du rugby f\u00e9minin en Super League en dirigeant le club de York.<\/p>\n<p style=\"text-align: justify;\">Sous son impulsion, York a connu des ann\u00e9es exceptionnelles :<\/p>\n<ul style=\"text-align: justify;\">\n<li style=\"text-align: justify;\">Deux finales de Super League disput\u00e9es<\/li>\n<li style=\"text-align: justify;\">Deux League Leaders\u2019 Shield<\/li>\n<li style=\"text-align: justify;\">Titre de Coach de l\u2019ann\u00e9e en 2023<\/li>\n<\/ul>\n<p style=\"text-align: justify;\">Son exp\u00e9rience du tr\u00e8s haut niveau, sa capacit\u00e9 \u00e0 d\u00e9velopper les talents et son leadership ont largement contribu\u00e9 \u00e0 faire d\u2019elle une r\u00e9f\u00e9rence du XIII f\u00e9minin. Anfield rejoint le staff men\u00e9 par Guy Campourcy, Victoria Bobo et J\u00e9r\u00e9mie Bonafos. Sa mission : accompagner la mont\u00e9e en puissance des Catalanes, un projet qui avance \u00e0 grands pas depuis plusieurs saisons et qui vise \u00e0 inscrire durablement le club parmi les meilleures \u00e9quipes f\u00e9minines d\u2019Europe.<\/p>\n<p style=\"text-align: justify;\">La coach anglaise a d\u2019ailleurs pris ses fonctions imm\u00e9diatement en dirigeant un premier stage ce week-end. C\u2019\u00e9tait donc l\u2019occasion de d\u00e9couvrir le groupe, d\u2019imposer son style et de poser les premi\u00e8res bases de son travail. Apr\u00e8s les recrutements de <a href=\"https:\/\/treizemondial.fr\/les-deesses-catalanes-recrutent-felila-kia\/\" target=\"_blank\" rel=\"noopener\">Felila Kia<\/a>, <a href=\"https:\/\/treizemondial.fr\/les-deesses-catalanes-frappent-un-nouveau-grand-coup\/\" target=\"_blank\" rel=\"noopener\">Jayde Herdegen<\/a> et <a href=\"https:\/\/treizemondial.fr\/tyra-wetere-rejoint-les-deesses-catalanes\/\" target=\"_blank\" rel=\"noopener\">Tyra Wetere<\/a>, cela confirme le projet d\u2019int\u00e9grer la Super League ou de participer \u00e0 la Challenge Cup et avec de solides ambitions.<\/p>\n<p style=\"text-align: justify;\">Avec cet ajout aussi reconnu et exp\u00e9riment\u00e9, l\u2019avenir s\u2019annonce prometteur pour le groupe catalan, qui ne cesse de franchir des \u00e9tapes saison apr\u00e8s saison.<\/p>\n<blockquote class=\"instagram-media\" data-instgrm-captioned=\"\" data-instgrm-permalink=\"https:\/\/www.instagram.com\/p\/DR_8r10DZhl\/?utm_source=ig_embed&amp;utm_campaign=loading\" data-instgrm-version=\"14\" style=\" background:#FFF; border:0; border-radius:3px; box-shadow:0 0 1px 0 rgba(0,0,0,0.5),0 1px 10px 0 rgba(0,0,0,0.15); margin: 1px; max-width:500px; min-width:326px; padding:0; width:99.375%; width:-webkit-calc(100% - 2px); width:calc(100% - 2px);\">\n<\/blockquote>\n<p>        <script async src=\"\/\/www.instagram.com\/embed.js\"><\/script><\/p>\n","protected":false},"excerpt":{"rendered":"Les D\u00e9esses Catalanes frappent encore un grand coup en recrutant Lindsay Anfield, ancienne s\u00e9lectionneuse de l\u2019Angleterre, pour renforcer&hellip;\n","protected":false},"author":2,"featured_media":588081,"comment_status":"","ping_status":"","sticky":false,"template":"","format":"standard","meta":{"footnotes":""},"categories":[1416],"tags":[70129,70130,1011,27,70131,479,2228,1468,2229,60],"class_list":{"0":"post-588080","1":"post","2":"type-post","3":"status-publish","4":"format-standard","5":"has-post-thumbnail","7":"category-rugby","8":"tag-deesses-catalanes","9":"tag-elite-feminine","10":"tag-fr","11":"tag-france","12":"tag-lindsay-anfield","13":"tag-rugby","14":"tag-rugby-a-xiii","15":"tag-rugby-football","16":"tag-rugby-league","17":"tag-sports"},"share_on_mastodon":{"url":"https:\/\/pubeurope.com\/@fr\/115688535732936668","error":""},"_links":{"self":[{"href":"https:\/\/www.europesays.com\/fr\/wp-json\/wp\/v2\/posts\/588080","targetHints":{"allow":["GET"]}}],"collection":[{"href":"https:\/\/www.europesays.com\/fr\/wp-json\/wp\/v2\/posts"}],"about":[{"href":"https:\/\/www.europesays.com\/fr\/wp-json\/wp\/v2\/types\/post"}],"author":[{"embeddable":true,"href":"https:\/\/www.europesays.com\/fr\/wp-json\/wp\/v2\/users\/2"}],"replies":[{"embeddable":true,"href":"https:\/\/www.europesays.com\/fr\/wp-json\/wp\/v2\/comments?post=588080"}],"version-history":[{"count":0,"href":"https:\/\/www.europesays.com\/fr\/wp-json\/wp\/v2\/posts\/588080\/revisions"}],"wp:featuredmedia":[{"embeddable":true,"href":"https:\/\/www.europesays.com\/fr\/wp-json\/wp\/v2\/media\/588081"}],"wp:attachment":[{"href":"https:\/\/www.europesays.com\/fr\/wp-json\/wp\/v2\/media?parent=588080"}],"wp:term":[{"taxonomy":"category","embeddable":true,"href":"https:\/\/www.europesays.com\/fr\/wp-json\/wp\/v2\/categories?post=588080"},{"taxonomy":"post_tag","embeddable":true,"href":"https:\/\/www.europesays.com\/fr\/wp-json\/wp\/v2\/tags?post=588080"}],"curies":[{"name":"wp","href":"https:\/\/api.w.org\/{rel}","templated":true}]}}