{"id":588082,"date":"2025-12-09T07:55:18","date_gmt":"2025-12-09T07:55:18","guid":{"rendered":"https:\/\/www.europesays.com\/fr\/588082\/"},"modified":"2025-12-09T07:55:18","modified_gmt":"2025-12-09T07:55:18","slug":"wta-errani-rejoint-le-staff-de-paolini-pour-2026-sports","status":"publish","type":"post","link":"https:\/\/www.europesays.com\/fr\/588082\/","title":{"rendered":"WTA : Errani rejoint le staff de Paolini pour 2026 : Sports"},"content":{"rendered":"<p class=\"date\">\n                                                            Thibaut Simon, Media365, publi\u00e9 le lundi 08 d\u00e9cembre 2025 \u00e0 15h32\n                                                    <\/p>\n<p>Partenaires en double, Sara Errani va rejoindre le staff de Jasmine Paolini la saison prochaine comme l&rsquo;a annonc\u00e9 la num\u00e9ro 8 mondiale.<\/p>\n<p>C&rsquo;est une paire qui a domin\u00e9 le circuit mondial en 2025. Sara Errani (38 ans, 4e mondiale en double) et Jasmine Paolini (29 ans, 3e mondiale en double, 8e en simple) ont notamment remport\u00e9 Roland-Garros cette saison, un an quasiment apr\u00e8s l&rsquo;or olympique remport\u00e9 sur la terre battue parisienne. Demi-finaliste \u00e9galement \u00e0 l&rsquo;US Open, Errani s&rsquo;est adjug\u00e9e en compagnie d&rsquo;Andrea Vavassori le tournoi de double mixte nouvelle version \u00e0 New-York, au milieu des Swiatek, Ruud, Djokovic, Pegula ou encore Alcaraz. Moins en r\u00e9ussite lors du Masters WTA \u00e0 Riyadh &#8211; la paire de double a \u00e9t\u00e9 sortie d\u00e8s les poules tout comme Paolini en simple avec trois d\u00e9faites &#8211; les deux joueuses vont se retrouver la saison prochaine avec une nouvelle entente. En effet, Paolini annonce que sa compatriote de double fera partie de son staff pour 2026. Une association presque logique au vu des r\u00e9sultats obtenus par les deux joueuses l&rsquo;an pass\u00e9.<\/p>\n<p>Errani pour accompagner Paolini<\/p>\n<p>Titr\u00e9e en Billie Jean King face aux Etats-Unis avec l&rsquo;Italie &#8211; pour la deuxi\u00e8me ann\u00e9e cons\u00e9cutive &#8211; Jasmine Paolini a r\u00e9alis\u00e9 une grande saison, confirmant son statut depuis maintenant deux ans. Finaliste malheureuse \u00e0 Cincinnati, l&rsquo;Italienne a remport\u00e9 le WTA 1000 de Rome devant son public. Demi-finaliste \u00e0 Madrid, \u00e0 Stuttgart, Paolini a eu moins de chance en Grand Chelem ne faisant pas mieux qu&rsquo;un huiti\u00e8me de finale \u00e0 Roland-Garros. Pour tenter de retrouver les sommets &#8211; elle a \u00e9t\u00e9 num\u00e9ro 4 mondiale en 2024 avec deux finales de GC \u00e0 son actif : Roland-Garros et Wimbledon &#8211; Paolini sera donc accompagn\u00e9e de Sara Errani. \u00ab Il y aura deux personnes \u00e0 mes c\u00f4t\u00e9s: Danilo Pizzorno sera mon entra\u00eeneur et Sara sera en charge des questions tactiques, car dans ce domaine, elle est \u00e0 un autre niveau\u00bb, a-t-elle expliqu\u00e9. En mars dernier, Paolini s&rsquo;\u00e9tait s\u00e9par\u00e9e de Renzo Furlan, son entra\u00eeneur pendant dix ans. Avec Errani, elle tentera d&rsquo;\u00eatre performante en simple tout en continuant de remporter des titres en double.<\/p>\n","protected":false},"excerpt":{"rendered":"Thibaut Simon, Media365, publi\u00e9 le lundi 08 d\u00e9cembre 2025 \u00e0 15h32 Partenaires en double, Sara Errani va rejoindre&hellip;\n","protected":false},"author":2,"featured_media":588083,"comment_status":"","ping_status":"","sticky":false,"template":"","format":"standard","meta":{"footnotes":""},"categories":[1415],"tags":[1011,27,60,1467],"class_list":{"0":"post-588082","1":"post","2":"type-post","3":"status-publish","4":"format-standard","5":"has-post-thumbnail","7":"category-tennis","8":"tag-fr","9":"tag-france","10":"tag-sports","11":"tag-tennis"},"share_on_mastodon":{"url":"https:\/\/pubeurope.com\/@fr\/115688539603517398","error":""},"_links":{"self":[{"href":"https:\/\/www.europesays.com\/fr\/wp-json\/wp\/v2\/posts\/588082","targetHints":{"allow":["GET"]}}],"collection":[{"href":"https:\/\/www.europesays.com\/fr\/wp-json\/wp\/v2\/posts"}],"about":[{"href":"https:\/\/www.europesays.com\/fr\/wp-json\/wp\/v2\/types\/post"}],"author":[{"embeddable":true,"href":"https:\/\/www.europesays.com\/fr\/wp-json\/wp\/v2\/users\/2"}],"replies":[{"embeddable":true,"href":"https:\/\/www.europesays.com\/fr\/wp-json\/wp\/v2\/comments?post=588082"}],"version-history":[{"count":0,"href":"https:\/\/www.europesays.com\/fr\/wp-json\/wp\/v2\/posts\/588082\/revisions"}],"wp:featuredmedia":[{"embeddable":true,"href":"https:\/\/www.europesays.com\/fr\/wp-json\/wp\/v2\/media\/588083"}],"wp:attachment":[{"href":"https:\/\/www.europesays.com\/fr\/wp-json\/wp\/v2\/media?parent=588082"}],"wp:term":[{"taxonomy":"category","embeddable":true,"href":"https:\/\/www.europesays.com\/fr\/wp-json\/wp\/v2\/categories?post=588082"},{"taxonomy":"post_tag","embeddable":true,"href":"https:\/\/www.europesays.com\/fr\/wp-json\/wp\/v2\/tags?post=588082"}],"curies":[{"name":"wp","href":"https:\/\/api.w.org\/{rel}","templated":true}]}}