{"id":588084,"date":"2025-12-09T07:59:20","date_gmt":"2025-12-09T07:59:20","guid":{"rendered":"https:\/\/www.europesays.com\/fr\/588084\/"},"modified":"2025-12-09T07:59:20","modified_gmt":"2025-12-09T07:59:20","slug":"le-cyclisme-francais-a-laube-dun-nouvel-espoir-en-2026-avec-seixas-et-magnier","status":"publish","type":"post","link":"https:\/\/www.europesays.com\/fr\/588084\/","title":{"rendered":"Le cyclisme fran\u00e7ais \u00e0 l&rsquo;aube d&rsquo;un nouvel espoir en 2026 avec Seixas et Magnier"},"content":{"rendered":"<p>Le cyclisme fran\u00e7ais \u00e0 l&rsquo;aube d&rsquo;un nouvel espoir en 2026 avec Seixas et Magnier <\/p>\n<p>top of page<\/p>\n<p><img loading=\"lazy\" decoding=\"async\" src=\"https:\/\/www.europesays.com\/fr\/wp-content\/uploads\/2025\/06\/7b1592_d99c3ee1973449a0999888a41cfcdc85~mv2.png\" alt=\"\" style=\"width:100%;height:100%;object-fit:cover;object-position:50% 50%\" width=\"1920\" height=\"1920\"\/><\/p>\n<p>bottom of page<\/p>\n","protected":false},"excerpt":{"rendered":"Le cyclisme fran\u00e7ais \u00e0 l&rsquo;aube d&rsquo;un nouvel espoir en 2026 avec Seixas et Magnier top of page bottom&hellip;\n","protected":false},"author":2,"featured_media":588085,"comment_status":"","ping_status":"","sticky":false,"template":"","format":"standard","meta":{"footnotes":""},"categories":[1411],"tags":[1154,207,1011,27,60],"class_list":{"0":"post-588084","1":"post","2":"type-post","3":"status-publish","4":"format-standard","5":"has-post-thumbnail","7":"category-cyclisme","8":"tag-cycling","9":"tag-cyclisme","10":"tag-fr","11":"tag-france","12":"tag-sports"},"share_on_mastodon":{"url":"https:\/\/pubeurope.com\/@fr\/115688556557303319","error":""},"_links":{"self":[{"href":"https:\/\/www.europesays.com\/fr\/wp-json\/wp\/v2\/posts\/588084","targetHints":{"allow":["GET"]}}],"collection":[{"href":"https:\/\/www.europesays.com\/fr\/wp-json\/wp\/v2\/posts"}],"about":[{"href":"https:\/\/www.europesays.com\/fr\/wp-json\/wp\/v2\/types\/post"}],"author":[{"embeddable":true,"href":"https:\/\/www.europesays.com\/fr\/wp-json\/wp\/v2\/users\/2"}],"replies":[{"embeddable":true,"href":"https:\/\/www.europesays.com\/fr\/wp-json\/wp\/v2\/comments?post=588084"}],"version-history":[{"count":0,"href":"https:\/\/www.europesays.com\/fr\/wp-json\/wp\/v2\/posts\/588084\/revisions"}],"wp:featuredmedia":[{"embeddable":true,"href":"https:\/\/www.europesays.com\/fr\/wp-json\/wp\/v2\/media\/588085"}],"wp:attachment":[{"href":"https:\/\/www.europesays.com\/fr\/wp-json\/wp\/v2\/media?parent=588084"}],"wp:term":[{"taxonomy":"category","embeddable":true,"href":"https:\/\/www.europesays.com\/fr\/wp-json\/wp\/v2\/categories?post=588084"},{"taxonomy":"post_tag","embeddable":true,"href":"https:\/\/www.europesays.com\/fr\/wp-json\/wp\/v2\/tags?post=588084"}],"curies":[{"name":"wp","href":"https:\/\/api.w.org\/{rel}","templated":true}]}}