{"id":588088,"date":"2025-12-09T08:01:14","date_gmt":"2025-12-09T08:01:14","guid":{"rendered":"https:\/\/www.europesays.com\/fr\/588088\/"},"modified":"2025-12-09T08:01:14","modified_gmt":"2025-12-09T08:01:14","slug":"lamour-est-dans-le-pre-spoilers-tu-vas-maider-ce-role-c-tele-star","status":"publish","type":"post","link":"https:\/\/www.europesays.com\/fr\/588088\/","title":{"rendered":"L\u2019amour est dans le pr\u00e9 (spoilers) : &quot;Tu vas m\u2019aider\u2026&quot;, ce r\u00f4le c &#8230; &#8211; T\u00e9l\u00e9 Star"},"content":{"rendered":"<ol>\n<li><a href=\"https:\/\/news.google.com\/rss\/articles\/CBMi9wFBVV95cUxOd0xKa2JCcDMwWXdmOF85R1A4Nnk1QWd0QmZ0TUNCdl9FWEhrSHJnVHJjM1VlVkplc3lOR0dOQnVLX2FYZUNFM0VlTGY5WlkzRzVqY0xPb2E1bVY0YTNsQXBWMUJGTWZrQTU0bGQ0WGxtUHZ6b3VsWlY0amEwXzNnR0p2S1Q3U1AwQUhUajhHMWhyZEhVa0l0a05FSDU1emNZeFNXZTZKZ1lfVUZ6aE5ScFJQRmtsMkZoTlVsQlg0RmFyQ2xyZGNLZzY2Rnhtc2pUbGxUN25rMVpvRlBGMUFiUWNORzlKU2Zacy1FbGpPV0RxdFZZcTBV?oc=5\" target=\"_blank\" rel=\"noopener\">L\u2019amour est dans le pr\u00e9 (spoilers) : \u00ab\u00a0Tu vas m\u2019aider\u2026\u00a0\u00bb, ce r\u00f4le c &#8230;<\/a>&nbsp;&nbsp;T\u00e9l\u00e9 Star<\/li>\n<li><a href=\"https:\/\/news.google.com\/rss\/articles\/CBMi0AFBVV95cUxOTzJmNjMtcWY3aF9Lc3NjYXQwZlBIdlBaNEg1LTJ5V0NWb1JWWk5hUzNJR0hqSy0zaXdTVUc0aEJGUGxwMEpRSzc2eEMyRllSeE8yRWpZRnlqM05aLWhaRDNoZXhQcWZwd3h2QklPcmp5RlNGckR5RWxsZWdSdVlHVC1DYWVrWlQ3eVNOOU5wRDlXQW9oLWw3VXdsNUdSeDJVVVhOdDctTm5FUkItVVpwUU5ubmV4SWtraUpFOU11WUxmS2l1dVVUQVJoS2FPMkNw?oc=5\" target=\"_blank\" rel=\"noopener\">Patrice et Justine (L\u2019amour est dans le pr\u00e9) toujours en couple : on a de leurs nouvelles<\/a>&nbsp;&nbsp;Gala<\/li>\n<li><a href=\"https:\/\/news.google.com\/rss\/articles\/CBMi5AFBVV95cUxPcEF6ZHF0WXEtY290Q1czWTR2M19halRnQ1Q4R2RMNFRjaU15cWhrQjkyWEtCMVl3WmpGSU5SUzF6cVl0QlYxcnVsWEhNN0NFNGNVWkVzSWdCUEJCQ1l5REx0bFdPS3NWdm0zX0FjVGQzU0UzQWRjaHpXMFRVWkd2TkpQdXdhNGxrSnBlQXh1NVZFNlJQMjdvajBJaDdEY2ZoVXh1YVdBSXNDdFQ4NFVkZHU2ZzdiNGNFOTI0T0NqMUVQbGR0UlJwZnRVc3Bab0FlU0xrZUNKaXBTR1N1LWZTWmp1Q3U?oc=5\" target=\"_blank\" rel=\"noopener\">\u00ab\u00a0Tu es tomb\u00e9 amoureux d&rsquo;un homme&#8230;\u00a0\u00bb : Un agriculteur culte fait son coming-out dans \u00ab\u00a0L&rsquo;amour est dans le pr\u00e9, les 20 ans\u00a0\u00bb sur M6<\/a>&nbsp;&nbsp;puremedias<\/li>\n<li><a href=\"https:\/\/news.google.com\/rss\/articles\/CBMi1AFBVV95cUxNeGtPWmtLN3k0VUxwaV8wTGpBajRPQnJkNGYwRmN0UFY5TUo0ZTE3RGRRR3JjZWZpbnJ3TE9ENzdIRTBYaGw0MEQ4TnZXRDEyb2hjQmowamZtTGZzdXk0OVJhQWM5YXUtQkVTb2FHeUl1ZW9ZbldaVnpDZm5nSUxmdVlyb3dPWUJnS19iUXVNWGhOVXZmUHdWb3hUTnhSWERuN2hwRXc2VnhDUDhnNl8zSzJEbXNUQ2JUc3hUQ0YwSE5WdGczd0xnZHEybzZUNVZxVGtRTw?oc=5\" target=\"_blank\" rel=\"noopener\">En images. \u00c9motion, (re)mariages et r\u00e9v\u00e9lations : les 20 ans de L\u2019Amour est dans le pr\u00e9 dans la Dr\u00f4me<\/a>&nbsp;&nbsp;Le Dauphin\u00e9 Lib\u00e9r\u00e9<\/li>\n<li><a href=\"https:\/\/news.google.com\/rss\/articles\/CBMizwJBVV95cUxOS2theFFBeDc3ckV0eUVzTjZHc0VHTEpFUEJxSVZqNmFmVHVRMi12VGV6ZzNKMkg4SlItWWZ2YTNwYlVMcC1oNzhZTDNUbEtqeVAyejE5aEItUEkybHRXWXpRQ1FvS0VkRk1ZeUQ3UWszS25LZk8xRzd5bUstOUFJM05iV1BSbkJMa2k3Z180bkRVMmxaTnowRk44MlBMSUNTN3FXYXNQTWJGUERmcEsxa1VranpnU3JXR1JkdzA0cHptNEJTTmV4bHF0cXJ4VFFLYzBFdzFYcE1oSHBxTmtOWDFMZkRoLU10VW1oS2dMa1gzV1pRaTREQjh3TUI2cVdDSmdPdkRQdDBFNldEb3VjcXpkQzVRSTZPRHl5LTlJOGVUdDU2NVRCZWVqdURzaHBqSkJHLXpIakNiVlpRLThOUFZzN0dRT0R0aGFVQnVKRQ?oc=5\" target=\"_blank\" rel=\"noopener\">VID\u00c9O. L&rsquo;amour est dans le pr\u00e9 : \u00ab On a beaucoup donn\u00e9 aux autres \u00bb, conc\u00e8dent Pierre et Fr\u00e9d\u00e9rique, couple embl\u00e9matique<\/a>&nbsp;&nbsp;Programme TV Ouest-France<\/li>\n<\/ol>\n","protected":false},"excerpt":{"rendered":"L\u2019amour est dans le pr\u00e9 (spoilers) : \u00ab\u00a0Tu vas m\u2019aider\u2026\u00a0\u00bb, ce r\u00f4le c &#8230;&nbsp;&nbsp;T\u00e9l\u00e9 Star Patrice et Justine&hellip;\n","protected":false},"author":2,"featured_media":588089,"comment_status":"","ping_status":"","sticky":false,"template":"","format":"standard","meta":{"footnotes":""},"categories":[1359],"tags":[548,58,59,1011,27,5413,9307,973],"class_list":{"0":"post-588088","1":"post","2":"type-post","3":"status-publish","4":"format-standard","5":"has-post-thumbnail","7":"category-people","8":"tag-article-simple","9":"tag-divertissement","10":"tag-entertainment","11":"tag-fr","12":"tag-france","13":"tag-karine-le-marchand","14":"tag-lamour-est-dans-le-pre","15":"tag-people"},"share_on_mastodon":{"url":"https:\/\/pubeurope.com\/@fr\/115688563657421268","error":""},"_links":{"self":[{"href":"https:\/\/www.europesays.com\/fr\/wp-json\/wp\/v2\/posts\/588088","targetHints":{"allow":["GET"]}}],"collection":[{"href":"https:\/\/www.europesays.com\/fr\/wp-json\/wp\/v2\/posts"}],"about":[{"href":"https:\/\/www.europesays.com\/fr\/wp-json\/wp\/v2\/types\/post"}],"author":[{"embeddable":true,"href":"https:\/\/www.europesays.com\/fr\/wp-json\/wp\/v2\/users\/2"}],"replies":[{"embeddable":true,"href":"https:\/\/www.europesays.com\/fr\/wp-json\/wp\/v2\/comments?post=588088"}],"version-history":[{"count":0,"href":"https:\/\/www.europesays.com\/fr\/wp-json\/wp\/v2\/posts\/588088\/revisions"}],"wp:featuredmedia":[{"embeddable":true,"href":"https:\/\/www.europesays.com\/fr\/wp-json\/wp\/v2\/media\/588089"}],"wp:attachment":[{"href":"https:\/\/www.europesays.com\/fr\/wp-json\/wp\/v2\/media?parent=588088"}],"wp:term":[{"taxonomy":"category","embeddable":true,"href":"https:\/\/www.europesays.com\/fr\/wp-json\/wp\/v2\/categories?post=588088"},{"taxonomy":"post_tag","embeddable":true,"href":"https:\/\/www.europesays.com\/fr\/wp-json\/wp\/v2\/tags?post=588088"}],"curies":[{"name":"wp","href":"https:\/\/api.w.org\/{rel}","templated":true}]}}