{"id":588092,"date":"2025-12-09T08:04:17","date_gmt":"2025-12-09T08:04:17","guid":{"rendered":"https:\/\/www.europesays.com\/fr\/588092\/"},"modified":"2025-12-09T08:04:17","modified_gmt":"2025-12-09T08:04:17","slug":"cest-plutot-une-mauvaise-nouvelle-mathieu-ceschin-fait-une-revelation-inquietante-sur-sa-maladie","status":"publish","type":"post","link":"https:\/\/www.europesays.com\/fr\/588092\/","title":{"rendered":"\u201cC\u2019est plut\u00f4t une mauvaise nouvelle\u201d, Mathieu Ceschin fait une r\u00e9v\u00e9lation inqui\u00e9tante sur sa maladie"},"content":{"rendered":"<p>Depuis sa participation \u00e0 L\u00a0\u00bbamour est dans le pr\u00e9, <a href=\"https:\/\/www.melty.fr\/people\/lamour-est-dans-le-pre-mathieu-ceschin-bientot-papa-il-devoile-les-premieres-images-de-son-fils-2142555.html\" rel=\"nofollow noopener\" target=\"_blank\"><br \/>\nMathieu Ceschin est devenu papa d&rsquo;un petit Ezio, n\u00e9 d&rsquo;une m\u00e8re<br \/>\nporteuse.<\/a> Invit\u00e9 des Maternelles XXL en novembre dernier, il a<br \/>\nr\u00e9v\u00e9l\u00e9 qu&rsquo;il allait prochainement la revoir en se rendant en<br \/>\nColombie. \u00ab\u00a0Normalement on y va, parce qu&rsquo;on a eu un probl\u00e8me de<br \/>\npasseport. On y va cet hiver, probablement au printemps\u00a0\u00bb,<br \/>\na-t-il confi\u00e9.<\/p>\n<p>Le jeune papa compte bien raconter son histoire \u00e0 son fils<\/p>\n<p>Lors de son passage dans l&rsquo;\u00e9mission de France 2, Mathieu Ceschin<br \/>\na \u00e9galement expliqu\u00e9 qu&rsquo;il comptait tout dire \u00e0 son fils sur son<br \/>\nhistoire. Mais pour le moment, c&rsquo;est encore un peu trop t\u00f4t.<br \/>\n\u00ab\u00a0Il a 18 mois aujourd&rsquo;hui, c&rsquo;est peut-\u00eatre un peu t\u00f4t\u00a0\u00bb,<br \/>\nlui a dit la journaliste. Ce \u00e0 quoi, il a r\u00e9pondu :<br \/>\n<strong>\u00ab\u00a0C&rsquo;est peut-\u00eatre un peu t\u00f4t, par contre je lui en<br \/>\nparle. Je lui en parle r\u00e9guli\u00e8rement et j&rsquo;ai \u00e9crit les deux livres<br \/>\naux \u00e9ditions Le Duc, pour lui, en premier.\u00a0\u00bb<\/strong><\/p>\n<p>Depuis qu&rsquo;il est devenu papa, Mathieu Ceschin nage dans le<br \/>\nbonheur et l&rsquo;id\u00e9e d&rsquo;avoir un deuxi\u00e8me enfant lui traverse l&rsquo;esprit.<br \/>\nInvit\u00e9 de Radio Scoop, il a r\u00e9v\u00e9l\u00e9 : \u00ab\u00a0Comme j&rsquo;ai ma copine qui<br \/>\nvient d&rsquo;accoucher, l&rsquo;autre jour je lui ai dit\u00a0&lsquo;olalala<br \/>\nj&rsquo;aimerais bien&rsquo; parce que mon fils a 18 mois maintenant.<br \/>\n<strong>Si j&rsquo;avais un mari qui en voulait un, oui ou why<br \/>\nnot.<\/strong>\u00ab\u00a0<\/p>\n<p>Mathieu Ceschin de nouveau en couple ?<\/p>\n<p>Justement, il a retrouv\u00e9 l&rsquo;amour depuis sa rupture avec<br \/>\nAlexandre. \u00ab\u00a0<strong>J&rsquo;ai rencontr\u00e9 un gar\u00e7on mais il habite<br \/>\nassez loin de chez moi.<\/strong> Il est aussi papa. \u00c0 l&rsquo;inverse de<br \/>\nmoi, il est tr\u00e8s s\u00e9dentaire. J&rsquo;esp\u00e8re que ce ne sera pas un frein<br \/>\nparce que c&rsquo;est un gar\u00e7on tr\u00e8s bien. Moi, je suis un grand globe<br \/>\ntrotteur et j&rsquo;ai ce besoin de mouvement tout le temps.\u00a0C&rsquo;est<br \/>\ntr\u00e8s frais, \u00e7a a deux mois. Je ne pr\u00e9dis pas ce que \u00e7a va<br \/>\n\u00eatre\u00a0\u00bb, a-t-il r\u00e9v\u00e9l\u00e9 \u00e0 nos confr\u00e8res de <a href=\"https:\/\/www.programme-tv.net\/news\/people\/392264-mathieu-ceschin-l-amour-est-dans-le-pre-n-est-plus-celibataire-j-ai-rencontre-un-garcon\/\" target=\"_blank\" rel=\"nofollow noopener\">T\u00e9l\u00e9-Loisirs.<\/a><\/p>\n<p>Dans un second temps, il a ajout\u00e9 : <strong>\u00ab\u00a0C&rsquo;est tr\u00e8s<br \/>\nagr\u00e9able d&rsquo;avoir rencontr\u00e9 ce gar\u00e7on. J&rsquo;esp\u00e8re que sa s\u00e9dentarit\u00e9<br \/>\nne sera pas la limite de notre relation\u00a0\u00bb.<\/strong> Il a<br \/>\nensuite conclu en racontant leur rencontre sur les r\u00e9seaux sociaux<br \/>\n: \u00ab\u00a0Il m&rsquo;envoie une photo de lui. On s&rsquo;est mis \u00e0 parler et de<br \/>\nfil en aiguille, \u00e7a ne s&rsquo;est jamais arr\u00eat\u00e9.\u00a0\u00bb<\/p>\n<blockquote class=\"instagram-media\" style=\"background: #ffffff;border: 0;margin: 1px;width: 100%;padding: 0;max-width: 500px;\" data-instgrm-permalink=\"https:\/\/www.instagram.com\/mathieu.ceschin\/?utm_source=ig_embed\" data-instgrm-version=\"14\"\/><p>\n\u00ab\u00a0Il y a des nouvelles qui vous<br \/>\ncoupent le souffle\u00a0\u00bb<\/p>\n<p>Plus r\u00e9cemment sur Instagram, c&rsquo;est un sujet bien plus grave que<br \/>\nle jeune papa a abord\u00e9 : sa maladie de Cadasil a repris, huit ans<br \/>\napr\u00e8s son diagnostic. \u00ab\u00a0<strong>Il y a des nouvelles qui vous<br \/>\ncoupent le souffle.<\/strong> Des mots que vous esp\u00e9riez ne plus<br \/>\njamais entendre. Au mois d\u2019octobre, je suis all\u00e9 faire mon IRM pour<br \/>\nle suivi de ma maladie et on s\u2019est aper\u00e7us qu\u2019elle avait red\u00e9marr\u00e9.<br \/>\nDonc <a href=\"https:\/\/www.melty.fr\/people\/mathieu-ceschin-adp-jai-envie-de-hurler-il-annonce-une-mauvaise-nouvelle-1698624.html\" rel=\"nofollow noopener\" target=\"_blank\"><br \/>\nc\u2019est plut\u00f4t une mauvaise nouvelle<\/a>\u00ab\u00a0, a-t-il \u00e9crit avant<br \/>\nd&rsquo;avouer : <strong>\u00ab\u00a0Je ne voulais pas le dire, et puis je me<br \/>\nsuis dit qu\u2019il fallait que je le fasse. D\u2019abord pour moi, parce que<br \/>\n\u00e7a fait du bien de le dire. Et puis je pense \u00e9videmment \u00e0 mon fils,<br \/>\ndans ces moments-l\u00e0.\u00a0\u00bb<\/strong><\/p>\n<p>Il a fini par conclure : \u00ab\u00a0<strong>Je vais essayer de faire<br \/>\nen sorte que la maladie redevienne absente.<\/strong> Je prends les<br \/>\nchoses avec le sourire et la volont\u00e9 d\u2019y arriver (&#8230;) Je suis un<br \/>\npapa, un homme, un r\u00eaveur\u2026 et je choisis encore et encore la<br \/>\nlumi\u00e8re, m\u00eame quand elle vacille.\u00a0\u00c0 tous ceux qui traversent<br \/>\nquelque chose : aimez vous\u00a0\u00bb.\u00a0<\/p>\n<p><script async src=\"\/\/www.instagram.com\/embed.js\"><\/script><\/p>\n","protected":false},"excerpt":{"rendered":"Depuis sa participation \u00e0 L\u00a0\u00bbamour est dans le pr\u00e9, Mathieu Ceschin est devenu papa d&rsquo;un petit Ezio, n\u00e9&hellip;\n","protected":false},"author":2,"featured_media":588093,"comment_status":"","ping_status":"","sticky":false,"template":"","format":"standard","meta":{"footnotes":""},"categories":[1356],"tags":[58,59,1011,27,9307,252,1364],"class_list":{"0":"post-588092","1":"post","2":"type-post","3":"status-publish","4":"format-standard","5":"has-post-thumbnail","7":"category-television","8":"tag-divertissement","9":"tag-entertainment","10":"tag-fr","11":"tag-france","12":"tag-lamour-est-dans-le-pre","13":"tag-television","14":"tag-tv"},"share_on_mastodon":{"url":"","error":""},"_links":{"self":[{"href":"https:\/\/www.europesays.com\/fr\/wp-json\/wp\/v2\/posts\/588092","targetHints":{"allow":["GET"]}}],"collection":[{"href":"https:\/\/www.europesays.com\/fr\/wp-json\/wp\/v2\/posts"}],"about":[{"href":"https:\/\/www.europesays.com\/fr\/wp-json\/wp\/v2\/types\/post"}],"author":[{"embeddable":true,"href":"https:\/\/www.europesays.com\/fr\/wp-json\/wp\/v2\/users\/2"}],"replies":[{"embeddable":true,"href":"https:\/\/www.europesays.com\/fr\/wp-json\/wp\/v2\/comments?post=588092"}],"version-history":[{"count":0,"href":"https:\/\/www.europesays.com\/fr\/wp-json\/wp\/v2\/posts\/588092\/revisions"}],"wp:featuredmedia":[{"embeddable":true,"href":"https:\/\/www.europesays.com\/fr\/wp-json\/wp\/v2\/media\/588093"}],"wp:attachment":[{"href":"https:\/\/www.europesays.com\/fr\/wp-json\/wp\/v2\/media?parent=588092"}],"wp:term":[{"taxonomy":"category","embeddable":true,"href":"https:\/\/www.europesays.com\/fr\/wp-json\/wp\/v2\/categories?post=588092"},{"taxonomy":"post_tag","embeddable":true,"href":"https:\/\/www.europesays.com\/fr\/wp-json\/wp\/v2\/tags?post=588092"}],"curies":[{"name":"wp","href":"https:\/\/api.w.org\/{rel}","templated":true}]}}