{"id":588094,"date":"2025-12-09T08:05:15","date_gmt":"2025-12-09T08:05:15","guid":{"rendered":"https:\/\/www.europesays.com\/fr\/588094\/"},"modified":"2025-12-09T08:05:15","modified_gmt":"2025-12-09T08:05:15","slug":"vanessa-paradis-amoureuse-il-a-souvent-samuel-benchetrit-a-transforme-sa-vie-grace-a-une-superbe-qualite","status":"publish","type":"post","link":"https:\/\/www.europesays.com\/fr\/588094\/","title":{"rendered":"Vanessa Paradis amoureuse : \u201cIl a souvent\u2026\u201d, Samuel Benchetrit a transform\u00e9 sa vie gr\u00e2ce \u00e0 une superbe qualit\u00e9"},"content":{"rendered":"<p>Vanessa Paradis est sur tous les fronts. Venue pr\u00e9senter Le<br \/>\nretour des beaux jours sur le plateau de C \u00e0 vous, le lundi 8<br \/>\nd\u00e9cembre 2025, la chanteuse et com\u00e9dienne, qui poss\u00e8de <a href=\"https:\/\/www.closermag.fr\/people\/vanessa-paradis-a-quoi-ressemble-son-appartement-coup-de-coeur-a-paris-quelle-sest-offert-a-lage-de-22-ans-3586205\" target=\"_blank\" rel=\"noopener\"><br \/>\nun appartement \u00e0 Paris depuis ses 22 ans<\/a>, a offert un rare<br \/>\nmoment de confidence. Elle a en effet \u00e9voqu\u00e9 son nouvel album mais<br \/>\naussi l\u2019homme qui l\u2019inspire depuis plusieurs ann\u00e9es :<br \/>\n<strong>Samuel Benchetrit.<\/strong><\/p>\n<p>Assise face \u00e0 Pierre Lescure et Anne-\u00c9lisabeth Lemoine,<br \/>\nl\u2019artiste de 52 ans explique comment ce disque, construit comme un<br \/>\njournal intime, s\u2019est doucement impos\u00e9 dans sa vie. Et, au d\u00e9tour<br \/>\nd\u2019une question, un nom surgit, celui <a href=\"https:\/\/www.closermag.fr\/people\/plus-mon-mari-vanessa-paradis-fait-des-revelations-sur-sa-relation-avec-samuel-benchetrit-3500586\" target=\"_blank\" rel=\"noopener\"><br \/>\nqui partage son quotidien<\/a> et dont l\u2019influence se devine d\u00e9j\u00e0<br \/>\nentre les lignes. Pierre Lescure lui demande alors : \u201cC\u2019est<br \/>\nSamuel qui a sugg\u00e9r\u00e9 le titre Le retour des beaux jours ?\u201d. Ce<br \/>\n\u00e0 quoi, Vanessa Paradis r\u00e9pond : \u201cOui, c\u2019est vrai\u201d. Elle<br \/>\nraconte ensuite l\u2019origine du titre.<\/p>\n<p>Vanessa Paradis \u00e9blouie par le talent de son mari Samuel<br \/>\nBenchetrit<\/p>\n<p>Le texte de la chanson \u00e9ponyme a \u00e9t\u00e9 \u00e9crit par \u00c9tienne Daho,<br \/>\nmais c\u2019est bien Samuel Benchetrit qui a imm\u00e9diatement compris qu\u2019il<br \/>\ntenait l\u00e0 le fil rouge du projet. \u201cQuand je r\u00e9fl\u00e9chissais au<br \/>\ntitre du disque, il m\u2019a dit : <strong>\u2018C\u2019est \u00e7a qui devrait \u00eatre le<br \/>\ntitre\u2019.<\/strong> Il avait tellement raison, il a souvent des bonnes<br \/>\nid\u00e9es\u201d. Une phrase simple, mais charg\u00e9e de tendresse.<\/p>\n<p>Depuis qu\u2019ils se sont rencontr\u00e9s en 2016 sur le tournage de<br \/>\nChien, <a href=\"https:\/\/www.closermag.fr\/people\/vanessa-paradis-ses-rares-confidences-sur-son-couple-avec-samuel-benchetrit-et-son-role-de-muse-1667843\" target=\"_blank\" rel=\"noopener\"><br \/>\nVanessa Paradis et Samuel Benchetrit<\/a> ne cessent de former un<br \/>\nduo complice, soud\u00e9, cr\u00e9atif. Leur mariage en 2018 n\u2019a fait que<br \/>\nrenforcer cette alliance o\u00f9 l\u2019art, l\u2019amour et la bienveillance se<br \/>\nm\u00ealent constamment.<\/p>\n<p>Un couple qui ne cesse de<br \/>\ns&rsquo;inspirer<\/p>\n<p>Et, \u00e0 \u00e9couter la chanteuse, l\u2019\u00e9crivain-r\u00e9alisateur occupe une<br \/>\nplace essentielle dans son \u00e9quilibre. Sur le plateau, Vanessa<br \/>\nParadis ne s\u2019\u00e9tale pas mais ses mots suffisent \u00e0 dire le reste.<br \/>\n<strong>Chez Samuel Benchetrit, elle admire la<br \/>\nsensibilit\u00e9,<\/strong> le regard juste, et surtout son talent dans<br \/>\ntous les projets qu\u2019il d\u00e9marre.<\/p>\n<p>Un talent rare qu\u2019elle reconna\u00eet volontiers comme un moteur dans<br \/>\nsa vie. Le retour des beaux jours n\u2019est donc pas qu\u2019un album. C\u2019est<br \/>\nun chapitre construit dans l\u2019intimit\u00e9, fa\u00e7onn\u00e9 par deux artistes<br \/>\nqui, chacun \u00e0 leur mani\u00e8re, se sont profond\u00e9ment influenc\u00e9s.<br \/>\nEnsemble, ils parviennent \u00e0 proposer des projets toujours plus<br \/>\nimpr\u00e9gn\u00e9s de leur univers, et \u00e7a pour le plus grand bonheur de<br \/>\nleurs fans.<\/p>\n","protected":false},"excerpt":{"rendered":"Vanessa Paradis est sur tous les fronts. Venue pr\u00e9senter Le retour des beaux jours sur le plateau de&hellip;\n","protected":false},"author":2,"featured_media":588095,"comment_status":"","ping_status":"","sticky":false,"template":"","format":"standard","meta":{"footnotes":""},"categories":[1355],"tags":[21303,58,59,1011,27,1361,873,14840,65861,10245],"class_list":{"0":"post-588094","1":"post","2":"type-post","3":"status-publish","4":"format-standard","5":"has-post-thumbnail","7":"category-musique","8":"tag-buzz_nonli","9":"tag-divertissement","10":"tag-entertainment","11":"tag-fr","12":"tag-france","13":"tag-music","14":"tag-musique","15":"tag-samuel-benchetrit","16":"tag-trend","17":"tag-vanessa-paradis"},"share_on_mastodon":{"url":"https:\/\/pubeurope.com\/@fr\/115688579235450429","error":""},"_links":{"self":[{"href":"https:\/\/www.europesays.com\/fr\/wp-json\/wp\/v2\/posts\/588094","targetHints":{"allow":["GET"]}}],"collection":[{"href":"https:\/\/www.europesays.com\/fr\/wp-json\/wp\/v2\/posts"}],"about":[{"href":"https:\/\/www.europesays.com\/fr\/wp-json\/wp\/v2\/types\/post"}],"author":[{"embeddable":true,"href":"https:\/\/www.europesays.com\/fr\/wp-json\/wp\/v2\/users\/2"}],"replies":[{"embeddable":true,"href":"https:\/\/www.europesays.com\/fr\/wp-json\/wp\/v2\/comments?post=588094"}],"version-history":[{"count":0,"href":"https:\/\/www.europesays.com\/fr\/wp-json\/wp\/v2\/posts\/588094\/revisions"}],"wp:featuredmedia":[{"embeddable":true,"href":"https:\/\/www.europesays.com\/fr\/wp-json\/wp\/v2\/media\/588095"}],"wp:attachment":[{"href":"https:\/\/www.europesays.com\/fr\/wp-json\/wp\/v2\/media?parent=588094"}],"wp:term":[{"taxonomy":"category","embeddable":true,"href":"https:\/\/www.europesays.com\/fr\/wp-json\/wp\/v2\/categories?post=588094"},{"taxonomy":"post_tag","embeddable":true,"href":"https:\/\/www.europesays.com\/fr\/wp-json\/wp\/v2\/tags?post=588094"}],"curies":[{"name":"wp","href":"https:\/\/api.w.org\/{rel}","templated":true}]}}