{"id":588104,"date":"2025-12-09T08:11:13","date_gmt":"2025-12-09T08:11:13","guid":{"rendered":"https:\/\/www.europesays.com\/fr\/588104\/"},"modified":"2025-12-09T08:11:13","modified_gmt":"2025-12-09T08:11:13","slug":"il-debarque-dans-nos-salles-de-bain","status":"publish","type":"post","link":"https:\/\/www.europesays.com\/fr\/588104\/","title":{"rendered":"il d\u00e9barque dans nos salles de bain"},"content":{"rendered":"<p>On se souvient toutes de cette sc\u00e8ne o\u00f9 la mar\u00e2tre de \u00ab\u00a0Blanche Neige\u00a0\u00bb demande \u00e0 son miroir \u00ab\u00a0qui est la plus belle\u00a0\u00bb. Cet accessoire de conte de f\u00e9es est devenu r\u00e9alit\u00e9 et il fait appel \u00e0 la magie des technologies. \u00c9videmment, ici point de visage effrayant qui dit du malheur de notre reflet, mais une intelligence artificielle qui analyse l\u2019\u00e9tat de notre peau et estime l\u2019efficacit\u00e9 de nos soins.<\/p>\n<p>Une innovation beaut\u00e9 prometteuse<\/p>\n<p>C\u2019est une petite r\u00e9volution dans nos salles de bain. Le miroir intelligent est la derni\u00e8re prouesse beaut\u00e9. Et bonne nouvelle : il est bien plus abouti que le miroir parlant de Blanche Neige. Celui-ci, il ne malm\u00e8ne pas notre \u00e9go, il nous \u00e9claire dans notre routine, au sens propre du terme. Il y a des mod\u00e8les qui donnent l\u2019heure, projettent des LED dignes des backstages de tournage, annoncent la m\u00e9t\u00e9o du jour. Puis, il y en a d\u2019autres qui passent notre peau au scanner et qui ressortent un bilan pr\u00e9cis.<\/p>\n<p>\u00c0 l\u2019\u00e8re des assistants vocaux, des aspirateurs autonomes et des robots domestiques, cette innovation rel\u00e8ve de l\u2019\u00e9vidence. C\u2019est la suite logique des masques LED et du maquillage en r\u00e9alit\u00e9 augment\u00e9e, le dernier-n\u00e9 d\u2019une longue lign\u00e9e de produits de pointe. Nouveau Graal des beauty-addicts connect\u00e9es, ce miroir est le gardien de notre apparence, le chef d\u2019orchestre de nos mouvements matinaux, l\u2019ami de bons conseils. Son petit nom ? Hi-Mirror. Son r\u00f4le ? Nous inspecter sous tous les angles et nous donner des prescriptions skincare adapt\u00e9es. Il nous fait un diagnostic de peau \u00e0 domicile et nous aide \u00e0 lire entre les lignes de notre minois.<\/p>\n<p>Les fonctionnalit\u00e9s de ce miroir magique<\/p>\n<p>Ce miroir, qui semble tout droit sorti de la science-fiction, rep\u00e8re les <a href=\"https:\/\/www.ma-grande-taille.com\/beaute\/soins\/pores-dilates-masques-maison-resserrer-273755\" target=\"_blank\" rel=\"noopener\">pores<\/a>, la rugosit\u00e9, les taches brunes, les <a href=\"https:\/\/www.ma-grande-taille.com\/beaute\/soins\/routine-soins-eczema-mains-384425\" target=\"_blank\" rel=\"noopener\">rougeurs<\/a>, les diff\u00e9rents types de <a href=\"https:\/\/www.ma-grande-taille.com\/beaute\/conseils-astuces\/acne-signification-emplacement-boutons-264194\" target=\"_blank\" rel=\"noopener\">boutons<\/a>. Il peut m\u00eame juger la qualit\u00e9 de notre teint en direct. Le tout sur la base d\u2019un pourcentage : plus il est haut, plus notre peau est saine. En un seul clic, il nous sort un compte rendu d\u00e9taill\u00e9 de notre identit\u00e9 cutan\u00e9e et nous oriente dans nos choix skincare.<\/p>\n<p>Ce miroir d\u00e9tecte des signes invisibles \u00e0 l\u2019\u0153il nu et permet d\u2019avoir un \u00ab retour objectif \u00bb. Il d\u00e9ment certaines id\u00e9es re\u00e7ues autour de notre peau et nous refait gentiment le portrait avec des conseils \u00e0 l\u2019appui. On peut aussi enregistrer le code-barre de nos essentiels beaut\u00e9 pour savoir s\u2019ils sont compatibles avec notre peau ou s\u2019il faut revoir notre vanity. Ce miroir, c\u2019est un peu notre coach en image attitr\u00e9. \u00ab\u00a0C\u2019est plut\u00f4t ing\u00e9nieux, le miroir analyse votre peau \u00e0 chaque connexion et d\u00e9tecte les moindres changements\u00a0\u00bb, admet la journaliste Jacqueline Kilikita, qui en a fait la <a href=\"https:\/\/www.refinery29.com\/en-gb\/hi-mirror-review\" target=\"_blank\" rel=\"noopener\">revue dans Refinery 29<\/a>.<\/p>\n<p>Et ce miroir n\u2019a pas montr\u00e9 toute l\u2019\u00e9tendue de son talent : il ajuste la lumi\u00e8re selon le moment de la journ\u00e9e pour un makeup sans fausse note. Ce qui nous \u00e9pargne le teint orange \u00e0 la Donald Trump et les yeux ultra charg\u00e9s.<\/p>\n<p>Une aide, pas une alternative aux dermatologues<\/p>\n<p>Loin d\u2019\u00eatre un gadget encombrant, ce miroir futuriste est d\u2019un pr\u00e9cieux renfort. Il permet de choyer sa peau en pleine conscience et s\u00e9lectionner des produits vraiment coh\u00e9rents. Dans son t\u00e9moignage, la journaliste salue aussi la confidentialit\u00e9 de l\u2019appareil. \u00ab\u00a0J\u2019appr\u00e9cie qu\u2019il y ait un bouton pour d\u00e9clencher l\u2019obturateur; je n\u2019ai donc pas besoin de recourir \u00e0 la solution parano\u00efaque (mais tout \u00e0 fait justifi\u00e9e) de recouvrir la cam\u00e9ra de Patafix par peur d\u2019\u00eatre espionn\u00e9e\u00a0\u00bb, d\u00e9veloppe-t-elle dans son papier.<\/p>\n<p>Cependant, m\u00eame si ce miroir intelligent est charg\u00e9 de bonnes attentions et perfectionne nos gestes beaut\u00e9 du quotidien, il a aussi ses limites. Il ne doit pas se substituer \u00e0 un bilan dermatologique s\u00e9rieux. Ce miroir, aussi performant soit-il, peut dramatiser des \u00ab\u00a0d\u00e9tails anodins\u00a0\u00bb ou au contraire ignorer des probl\u00e8mes plus graves. D\u2019o\u00f9 l\u2019importance de consulter un vrai sp\u00e9cialiste quand on a un doute.<\/p>\n<p>Pour la coquette somme de 250 euros, on peut s\u2019offrir un miroir utopiste, qui parle \u00e0 notre reflet et qui participe \u00e0 notre charme naturel. Voil\u00e0 un bel investissement pour les f\u00eates de fin d\u2019ann\u00e9e.<\/p>\n","protected":false},"excerpt":{"rendered":"On se souvient toutes de cette sc\u00e8ne o\u00f9 la mar\u00e2tre de \u00ab\u00a0Blanche Neige\u00a0\u00bb demande \u00e0 son miroir \u00ab\u00a0qui&hellip;\n","protected":false},"author":2,"featured_media":588105,"comment_status":"","ping_status":"","sticky":false,"template":"","format":"standard","meta":{"footnotes":""},"categories":[7],"tags":[1111,1011,27,9854,43,40,41,39,42,44],"class_list":{"0":"post-588104","1":"post","2":"type-post","3":"status-publish","4":"format-standard","5":"has-post-thumbnail","7":"category-sciences-et-technologies","8":"tag-actu","9":"tag-fr","10":"tag-france","11":"tag-peau","12":"tag-science","13":"tag-science-and-technology","14":"tag-sciences","15":"tag-sciences-et-technologies","16":"tag-technologies","17":"tag-technology"},"share_on_mastodon":{"url":"https:\/\/pubeurope.com\/@fr\/115688602582834703","error":""},"_links":{"self":[{"href":"https:\/\/www.europesays.com\/fr\/wp-json\/wp\/v2\/posts\/588104","targetHints":{"allow":["GET"]}}],"collection":[{"href":"https:\/\/www.europesays.com\/fr\/wp-json\/wp\/v2\/posts"}],"about":[{"href":"https:\/\/www.europesays.com\/fr\/wp-json\/wp\/v2\/types\/post"}],"author":[{"embeddable":true,"href":"https:\/\/www.europesays.com\/fr\/wp-json\/wp\/v2\/users\/2"}],"replies":[{"embeddable":true,"href":"https:\/\/www.europesays.com\/fr\/wp-json\/wp\/v2\/comments?post=588104"}],"version-history":[{"count":0,"href":"https:\/\/www.europesays.com\/fr\/wp-json\/wp\/v2\/posts\/588104\/revisions"}],"wp:featuredmedia":[{"embeddable":true,"href":"https:\/\/www.europesays.com\/fr\/wp-json\/wp\/v2\/media\/588105"}],"wp:attachment":[{"href":"https:\/\/www.europesays.com\/fr\/wp-json\/wp\/v2\/media?parent=588104"}],"wp:term":[{"taxonomy":"category","embeddable":true,"href":"https:\/\/www.europesays.com\/fr\/wp-json\/wp\/v2\/categories?post=588104"},{"taxonomy":"post_tag","embeddable":true,"href":"https:\/\/www.europesays.com\/fr\/wp-json\/wp\/v2\/tags?post=588104"}],"curies":[{"name":"wp","href":"https:\/\/api.w.org\/{rel}","templated":true}]}}