{"id":588108,"date":"2025-12-09T08:13:13","date_gmt":"2025-12-09T08:13:13","guid":{"rendered":"https:\/\/www.europesays.com\/fr\/588108\/"},"modified":"2025-12-09T08:13:13","modified_gmt":"2025-12-09T08:13:13","slug":"la-lituanie-decrete-letat-durgence-face-aux-ballons-de-contrebande-en-provenance-de-la-bielorussie","status":"publish","type":"post","link":"https:\/\/www.europesays.com\/fr\/588108\/","title":{"rendered":"La Lituanie d\u00e9cr\u00e8te l\u2019\u00e9tat d\u2019urgence face aux ballons de contrebande en provenance de la Bi\u00e9lorussie"},"content":{"rendered":"<p>\n    La dur\u00e9e de l\u2019\u00e9tat d\u2019urgence n\u2019a pas \u00e9t\u00e9 pr\u00e9cis\u00e9e dans l\u2019imm\u00e9diat. La Bi\u00e9lorussie, qui a autoris\u00e9 l\u2019utilisation de son territoire pour l\u2019invasion de l\u2019Ukraine par la Russie en 2022, nie toute responsabilit\u00e9.<\/p>\n<p class=\"fig-paragraph\">La\u00a0<a href=\"http:\/\/www.lefigaro.fr\/flash-actu\/la-lituanie-accuse-le-belarus-de-chantage-avec-des-milliers-de-camions-bloques-a-la-frontiere-20251121\" data-fig-type=\"NewsFlash\" data-gtm-custom-categorie=\"navigation\" data-gtm-custom-action=\"crossclick\" data-gtm-custom-label=\"Contextuel\" data-gtm-event=\"customEventSPE\" data-fig-domain=\"LEFIGARO\" target=\"_blank\" rel=\"noopener\">Lituanie\u00a0<\/a>a d\u00e9cr\u00e9t\u00e9 mardi l\u2019\u00e9tat d\u2019urgence en raison des menaces pesant sur la s\u00e9curit\u00e9 publique li\u00e9e \u00e0 des\u00a0<a href=\"http:\/\/www.lefigaro.fr\/flash-actu\/ballons-de-contrebande-l-otan-se-tient-fermement-aux-cotes-de-la-lituanie-affirme-son-secretaire-general-mark-rutte-20251028\" data-fig-type=\"NewsFlash\" data-gtm-custom-categorie=\"navigation\" data-gtm-custom-action=\"crossclick\" data-gtm-custom-label=\"Contextuel\" data-gtm-event=\"customEventSPE\" data-fig-domain=\"LEFIGARO\" target=\"_blank\" rel=\"noopener\">ballons de contrebande<\/a>\u00a0en provenance de la Bi\u00e9lorussie, a annonc\u00e9 le gouvernement. La Lituanie accuse la Bi\u00e9lorussie d\u2019avoir permis \u00e0 des trafiquants d\u2019utiliser des ballons m\u00e9t\u00e9orologiques pour transporter des cigarettes de contrebande \u00e0 travers la fronti\u00e8re, contraignant \u00e0 plusieurs reprises l\u2019a\u00e9roport de Vilnius \u00e0 interrompre ses op\u00e9rations et perturbant le trafic a\u00e9rien.<\/p>\n<p class=\"fig-paragraph\">La dur\u00e9e de l\u2019\u00e9tat d\u2019urgence n\u2019a pas \u00e9t\u00e9 pr\u00e9cis\u00e9e dans l\u2019imm\u00e9diat. La Bi\u00e9lorussie, qui a autoris\u00e9 l\u2019utilisation de son territoire pour l\u2019invasion de l\u2019Ukraine par la Russie en 2022, nie toute responsabilit\u00e9 concernant les ballons et accuse la Lituanie de provocations, notamment d\u2019avoir envoy\u00e9 un drone pour larguer des \u00abdocuments extr\u00e9mistes\u00bb.<\/p>\n<p>                                            <a class=\"fig-a11y-skip\" href=\"#fig-a11y-skip-main-inarticle\" data-module=\"a11y-skip\" data-context=\"was @visible\"><br \/>\n    Passer la publicit\u00e9<br \/>\n<\/a>            <\/p>\n<p class=\"fig-paragraph\">La Lituanie, membre de l\u2019OTAN et de l\u2019Union europ\u00e9enne et ancienne r\u00e9publique sovi\u00e9tique, rejette ces accusations, les qualifiant de mensong\u00e8res.<\/p>\n","protected":false},"excerpt":{"rendered":"La dur\u00e9e de l\u2019\u00e9tat d\u2019urgence n\u2019a pas \u00e9t\u00e9 pr\u00e9cis\u00e9e dans l\u2019imm\u00e9diat. La Bi\u00e9lorussie, qui a autoris\u00e9 l\u2019utilisation de&hellip;\n","protected":false},"author":2,"featured_media":588109,"comment_status":"","ping_status":"","sticky":false,"template":"","format":"standard","meta":{"footnotes":""},"categories":[5],"tags":[11,17059,20409,1011,27,14,2050,12,28],"class_list":{"0":"post-588108","1":"post","2":"type-post","3":"status-publish","4":"format-standard","5":"has-post-thumbnail","7":"category-international","8":"tag-actualites","9":"tag-bielorussie","10":"tag-etat-durgence","11":"tag-fr","12":"tag-france","13":"tag-international","14":"tag-lituanie","15":"tag-news","16":"tag-world"},"share_on_mastodon":{"url":"https:\/\/pubeurope.com\/@fr\/115688610474242334","error":""},"_links":{"self":[{"href":"https:\/\/www.europesays.com\/fr\/wp-json\/wp\/v2\/posts\/588108","targetHints":{"allow":["GET"]}}],"collection":[{"href":"https:\/\/www.europesays.com\/fr\/wp-json\/wp\/v2\/posts"}],"about":[{"href":"https:\/\/www.europesays.com\/fr\/wp-json\/wp\/v2\/types\/post"}],"author":[{"embeddable":true,"href":"https:\/\/www.europesays.com\/fr\/wp-json\/wp\/v2\/users\/2"}],"replies":[{"embeddable":true,"href":"https:\/\/www.europesays.com\/fr\/wp-json\/wp\/v2\/comments?post=588108"}],"version-history":[{"count":0,"href":"https:\/\/www.europesays.com\/fr\/wp-json\/wp\/v2\/posts\/588108\/revisions"}],"wp:featuredmedia":[{"embeddable":true,"href":"https:\/\/www.europesays.com\/fr\/wp-json\/wp\/v2\/media\/588109"}],"wp:attachment":[{"href":"https:\/\/www.europesays.com\/fr\/wp-json\/wp\/v2\/media?parent=588108"}],"wp:term":[{"taxonomy":"category","embeddable":true,"href":"https:\/\/www.europesays.com\/fr\/wp-json\/wp\/v2\/categories?post=588108"},{"taxonomy":"post_tag","embeddable":true,"href":"https:\/\/www.europesays.com\/fr\/wp-json\/wp\/v2\/tags?post=588108"}],"curies":[{"name":"wp","href":"https:\/\/api.w.org\/{rel}","templated":true}]}}