{"id":58811,"date":"2025-04-28T08:36:16","date_gmt":"2025-04-28T08:36:16","guid":{"rendered":"https:\/\/www.europesays.com\/fr\/58811\/"},"modified":"2025-04-28T08:36:16","modified_gmt":"2025-04-28T08:36:16","slug":"violences-a-eu-des-tensions-avec-ses-beaux-fils","status":"publish","type":"post","link":"https:\/\/www.europesays.com\/fr\/58811\/","title":{"rendered":"Violences \u00e0 Eu : Des tensions avec ses beaux-fils"},"content":{"rendered":"<p>            Par<br \/>\n        <strong><br \/>\n            <a href=\"https:\/\/actu.fr\/auteur\/redaction-informateur\" title=\"Consulter tous les articles de R\u00e9daction Eu\" target=\"_blank\" rel=\"noopener\">R\u00e9daction Eu<\/a><br \/>\n        <\/strong><\/p>\n<p>        Publi\u00e9 le<\/p>\n<p>            28 avr. 2025 \u00e0 7h30        <\/p>\n<p>Un homme de 54 ans domicili\u00e9 \u00e0 <a href=\"https:\/\/actu.fr\/normandie\/eu_76255\" target=\"_blank\" rel=\"noopener\">Eu<\/a>, en <b>Seine-Maritime<\/b>, a comparu le 22 avril 2005 devant le<a href=\"https:\/\/actu.fr\/tag\/tribunal-de-dieppe\" target=\"_blank\" rel=\"noopener\"> tribunal correctionnel de Dieppe<\/a> pour r\u00e9pondre de <b>violences<\/b> sur sa compagne et sur les fils de celle-ci.<\/p>\n<p class=\" wall-content\">Les faits ont eu lieu dans un contexte de s\u00e9paration provisoire du couple.<\/p>\n<p class=\" wall-content\">Selon le pr\u00e9venu, ils sont \u00e0 nouveau ensemble, mais ne partagent plus le m\u00eame toit.<\/p>\n<p class=\" wall-content\">Au moment des faits, le pr\u00e9venu veut r\u00e9cup\u00e9rer un certain nombre d\u2019objets ou d\u2019appareils, mais il s\u2019aper\u00e7oit qu\u2019on ne l\u2019a pas attendu pour faire le m\u00e9nage.<\/p>\n<p class=\" wall-content\">Le ton monte avec l\u2019un des beaux-fils, mais \u00e9galement avec le fr\u00e8re de sa compagne.<\/p>\n<p class=\" wall-content\">Cette derni\u00e8re essaie de s\u00e9parer tout le monde, mais une bousculade a lieu.<\/p>\n<p>Vid\u00e9os : en ce moment sur Actu<\/p>\n<p class=\" wall-content\">Le d\u00e9roul\u00e9 des \u00e9v\u00e8nements reste <b>flou<\/b> m\u00eame \u00e0 la barre du tribunal o\u00f9 le pr\u00e9venu est seul \u00e0 se pr\u00e9senter.<\/p>\n<p class=\" wall-content\">Les victimes ne sont pas pr\u00e9sentes pour donner leur version des faits.<\/p>\n<p class=\" wall-content\">Il reconna\u00eet qu\u2019une altercation a aussi \u00e9clat\u00e9 avec le deuxi\u00e8me fils de sa compagne lorsqu\u2019il est arriv\u00e9. L\u2019un et l\u2019autre se seraient saisis d\u2019un couteau, mais heureusement, il n\u2019y a pas eu de coups port\u00e9s.<\/p>\n<p>\u00ab Je ne recommencerai jamais \u00bb<\/p>\n<p class=\" wall-content\">L\u2019homme explique que les tensions viennent notamment de probl\u00e8mes entre ses enfants et ceux de sa compagne. \u00ab Au retour de vacances, j\u2019ai d\u00e9cid\u00e9 de mettre de la distance. J\u2019\u00e9tais mal dans ma peau et le jour des faits, j\u2019avais pris des anxiolytiques pour me calmer, mais je n\u2019ai pas pris la bonne dose et mon m\u00e9decin m\u2019a dit que cela avait eu l\u2019effet inverse. Je n\u2019ai pas su g\u00e9rer ma col\u00e8re, j\u2019ai tr\u00e8s mal r\u00e9agi, mais je ne recommencerai jamais \u00bb.<\/p>\n<p class=\" wall-content\">\u00c9voquant les cinq mentions figurant sur le casier judiciaire du pr\u00e9venu, le repr\u00e9sentant du Parquet questionne : \u00ab Comment peut-on vous faire confiance\u202f? Il y a un gros travail \u00e0 faire par rapport \u00e0 votre consommation ancienne d\u2019alcool, mais \u00e9galement un travail psychologique \u00e0 effectuer \u00bb.<\/p>\n<p class=\" wall-content\">Et de requ\u00e9rir une peine de 6 mois de prison assortis d\u2019un sursis probatoire de 2 ans.<\/p>\n<p class=\" wall-content\">Pour le B\u00e2tonnier Lemaire, charg\u00e9 des int\u00e9r\u00eats du pr\u00e9venu, il faut tenir compte qu\u2019il s\u2019agit d\u2019un fait unique : \u00ab y a-t-il lieu d\u2019imposer un sursis probatoire ? \u00bb.<\/p>\n<p class=\" wall-content\">Le juge estime que c\u2019est le cas en suivant les r\u00e9quisitions du Parquet et en pronon\u00e7ant \u00e9galement deux peines d\u2019amende de 100\u00a0euros.<\/p>\n<p class=\" wall-content\">Suivez toute l\u2019actualit\u00e9 de vos villes et m\u00e9dias favoris en vous inscrivant \u00e0 <a href=\"https:\/\/moncompte.actu.fr\" title=\"D\u00e9couvez Mon Actu\" rel=\"nofollow noopener\" data-trk=\"{&quot;cta&quot;:{&quot;action&quot;:&quot;https:\\\/\\\/moncompte.actu.fr&quot;,&quot;category&quot;:&quot;mon compte&quot;,&quot;from&quot;:&quot;article footer&quot;,&quot;name&quot;:&quot;Mon actu&quot;,&quot;type&quot;:&quot;cta&quot;}}\" target=\"_blank\">Mon Actu<\/a>.<\/p>\n","protected":false},"excerpt":{"rendered":"Par R\u00e9daction Eu Publi\u00e9 le 28 avr. 2025 \u00e0 7h30 Un homme de 54 ans domicili\u00e9 \u00e0 Eu,&hellip;\n","protected":false},"author":2,"featured_media":58812,"comment_status":"","ping_status":"","sticky":false,"template":"","format":"standard","meta":{"footnotes":""},"categories":[1586],"tags":[11,1777,674,1779,118,1011,27,12,25,15534,1778,364,3587,798],"class_list":{"0":"post-58811","1":"post","2":"type-post","3":"status-publish","4":"format-standard","5":"has-post-thumbnail","7":"category-europe","8":"tag-actualites","9":"tag-eu","10":"tag-europe","11":"tag-european-union","12":"tag-faits-divers","13":"tag-fr","14":"tag-france","15":"tag-news","16":"tag-republique-francaise","17":"tag-tribunal-de-dieppe","18":"tag-ue","19":"tag-union-europeenne","20":"tag-villes-soeurs","21":"tag-violences-conjugales"},"share_on_mastodon":{"url":"https:\/\/pubeurope.com\/@fr\/114414681109198835","error":""},"_links":{"self":[{"href":"https:\/\/www.europesays.com\/fr\/wp-json\/wp\/v2\/posts\/58811","targetHints":{"allow":["GET"]}}],"collection":[{"href":"https:\/\/www.europesays.com\/fr\/wp-json\/wp\/v2\/posts"}],"about":[{"href":"https:\/\/www.europesays.com\/fr\/wp-json\/wp\/v2\/types\/post"}],"author":[{"embeddable":true,"href":"https:\/\/www.europesays.com\/fr\/wp-json\/wp\/v2\/users\/2"}],"replies":[{"embeddable":true,"href":"https:\/\/www.europesays.com\/fr\/wp-json\/wp\/v2\/comments?post=58811"}],"version-history":[{"count":0,"href":"https:\/\/www.europesays.com\/fr\/wp-json\/wp\/v2\/posts\/58811\/revisions"}],"wp:featuredmedia":[{"embeddable":true,"href":"https:\/\/www.europesays.com\/fr\/wp-json\/wp\/v2\/media\/58812"}],"wp:attachment":[{"href":"https:\/\/www.europesays.com\/fr\/wp-json\/wp\/v2\/media?parent=58811"}],"wp:term":[{"taxonomy":"category","embeddable":true,"href":"https:\/\/www.europesays.com\/fr\/wp-json\/wp\/v2\/categories?post=58811"},{"taxonomy":"post_tag","embeddable":true,"href":"https:\/\/www.europesays.com\/fr\/wp-json\/wp\/v2\/tags?post=58811"}],"curies":[{"name":"wp","href":"https:\/\/api.w.org\/{rel}","templated":true}]}}